{"id":25920,"date":"2023-07-17T15:56:56","date_gmt":"2023-07-17T18:56:56","guid":{"rendered":"https:\/\/g1.globo.com\/pb\/paraiba\/noticia\/2023\/07\/17\/passageiros-de-van-que-se-envolveu-em-acidente-viajavam-mais-de-470-km-em-busca-de-tratamento-de-saude-em-joao-pessoa.ghtml"},"modified":"2023-07-17T15:56:56","modified_gmt":"2023-07-17T18:56:56","slug":"passageiros-de-van-que-se-envolveu-em-acidente-viajavam-mais-de-470-km-em-busca-de-tratamento-de-saude-em-joao-pessoa","status":"publish","type":"post","link":"https:\/\/sindaopcpb.org.br\/index.php\/2023\/07\/17\/passageiros-de-van-que-se-envolveu-em-acidente-viajavam-mais-de-470-km-em-busca-de-tratamento-de-saude-em-joao-pessoa\/","title":{"rendered":"Passageiros de van que se envolveu em acidente viajavam mais de 470 km em busca de tratamento de sa\u00fade, em Jo\u00e3o Pessoa"},"content":{"rendered":"   <img src=\"https:\/\/s2.glbimg.com\/dvHhjpIUZJNPfQlHcgM5oBLGSOA=\/i.s3.glbimg.com\/v1\/AUTH_59edd422c0c84a879bd37670ae4f538a\/internal_photos\/bs\/2023\/B\/7\/cWVzn9RAes5f9AwXaYxg\/van-acidente-conceicao-gurinhem.jpg\" \/><br \/>     Feridos em acidente viajavam mais de 470 km, de Concei\u00e7\u00e3o para Jo\u00e3o Pessoa, para a realiza\u00e7\u00e3o de tratamentos de sa\u00fade e cirurgia.  Van que viajava de Concei\u00e7\u00e3o at\u00e9 Jo\u00e3o Pessoa ficou destru\u00edda, ap\u00f3s acidente na BR-230 \nReprodu\u00e7\u00e3o\/TV Cabo Branco\nDos 13 passageiros da van que se envolveu em um acidente na madrugada desta segunda-feira (17), na BR-230, em Gurinh\u00e9m, na Mata paraibana, 11 viajavam mais de 470 km em busca de tratamento de sa\u00fade, em Jo\u00e3o Pessoa. A van era da prefeitura de Concei\u00e7\u00e3o, no Sert\u00e3o, e colidiu com um caminh\u00e3o. \nSegundo a Secretaria  de Sa\u00fade de Concei\u00e7\u00e3o, um dos passageiros estava viajando para um tratamento contra o c\u00e2ncer, realizado em Jo\u00e3o Pessoa, e outro estava com uma cirurgia marcada no Hospital Metropolitano. Os demais viajavam para realizar consultas e exames na capital. \nCom o impacto no caminh\u00e3o, a van saiu da pista e parou em um trecho de mata nas margens da BR-230\nReprodu\u00e7\u00e3o\/TV Cabo Branco\nA van saiu da cidade de Concei\u00e7\u00e3o \u00e0s 22h e estava prevista para chegar em Jo\u00e3o Pessoa no in\u00edcio da manh\u00e3, mas colidiu na traseira do caminh\u00e3o, em um trecho de subida da estrada, por volta das 4h40. Com o impacto, o ve\u00edculo saiu da pista e parou em um trecho de mata, alguns metros depois da lateral da rodovia.\nPelo menos oito ambul\u00e2ncias, do Samu de v\u00e1rias cidades e do Corpo de Bombeiros, socorreram as 13 v\u00edtimas, que foram levadas em comboio para o Hospital de Emerg\u00eancia e Trauma de Jo\u00e3o Pessoa. \nV\u00eddeos mais assistidos do g1 Para\u00edba  ","protected":false},"excerpt":{"rendered":"<p>        Feridos em acidente viajavam mais de 470 km, de Concei\u00e7\u00e3o para Jo\u00e3o Pessoa, para a realiza\u00e7\u00e3o de tratamentos de sa\u00fade e cirurgia.  Van que viajava de Concei\u00e7\u00e3o at\u00e9 Jo\u00e3o Pessoa ficou destru\u00edda, ap\u00f3s acidente na BR-230<br \/>\nReprodu\u00e7\u00e3o\/TV Cabo Branco<br \/>\n&#8230;<\/p>\n","protected":false},"author":2,"featured_media":0,"comment_status":"closed","ping_status":"closed","sticky":false,"template":"","format":"standard","meta":{"advgb_blocks_editor_width":"","advgb_blocks_columns_visual_guide":"","footnotes":""},"categories":[34],"tags":[35],"class_list":["post-25920","post","type-post","status-publish","format-standard","hentry","category-g1","tag-g1"],"author_meta":{"display_name":"g1 &gt; Para\u00edba","author_link":"https:\/\/sindaopcpb.org.br\/author\/g1-paraiba\/"},"featured_img":null,"coauthors":[],"tax_additional":{"categories":{"linked":["<a href=\"https:\/\/sindaopcpb.org.br\/g1\/\" class=\"advgb-post-tax-term\">G1<\/a>"],"unlinked":["<span class=\"advgb-post-tax-term\">G1<\/span>"]},"tags":{"linked":["<a href=\"https:\/\/sindaopcpb.org.br\/g1\/\" class=\"advgb-post-tax-term\">g1<\/a>"],"unlinked":["<span class=\"advgb-post-tax-term\">g1<\/span>"]}},"comment_count":"0","relative_dates":{"created":"Publicado 3 anos atr\u00e1s","modified":"Atualizado 3 anos atr\u00e1s"},"absolute_dates":{"created":"Publicado em 17 de julho de 2023","modified":"Atualizado em 17 de julho de 2023"},"absolute_dates_time":{"created":"Publicado em 17 de julho de 2023 15:56","modified":"Atualizado em 17 de julho de 2023 15:56"},"featured_img_caption":"","series_order":"","_links":{"self":[{"href":"https:\/\/sindaopcpb.org.br\/index.php\/wp-json\/wp\/v2\/posts\/25920","targetHints":{"allow":["GET"]}}],"collection":[{"href":"https:\/\/sindaopcpb.org.br\/index.php\/wp-json\/wp\/v2\/posts"}],"about":[{"href":"https:\/\/sindaopcpb.org.br\/index.php\/wp-json\/wp\/v2\/types\/post"}],"author":[{"embeddable":true,"href":"https:\/\/sindaopcpb.org.br\/index.php\/wp-json\/wp\/v2\/users\/2"}],"replies":[{"embeddable":true,"href":"https:\/\/sindaopcpb.org.br\/index.php\/wp-json\/wp\/v2\/comments?post=25920"}],"version-history":[{"count":1,"href":"https:\/\/sindaopcpb.org.br\/index.php\/wp-json\/wp\/v2\/posts\/25920\/revisions"}],"predecessor-version":[{"id":25921,"href":"https:\/\/sindaopcpb.org.br\/index.php\/wp-json\/wp\/v2\/posts\/25920\/revisions\/25921"}],"wp:attachment":[{"href":"https:\/\/sindaopcpb.org.br\/index.php\/wp-json\/wp\/v2\/media?parent=25920"}],"wp:term":[{"taxonomy":"category","embeddable":true,"href":"https:\/\/sindaopcpb.org.br\/index.php\/wp-json\/wp\/v2\/categories?post=25920"},{"taxonomy":"post_tag","embeddable":true,"href":"https:\/\/sindaopcpb.org.br\/index.php\/wp-json\/wp\/v2\/tags?post=25920"}],"curies":[{"name":"wp","href":"https:\/\/api.w.org\/{rel}","templated":true}]}}