{"id":25918,"date":"2023-07-17T16:03:37","date_gmt":"2023-07-17T19:03:37","guid":{"rendered":"https:\/\/g1.globo.com\/pb\/paraiba\/noticia\/2023\/07\/17\/risco-de-infestacao-do-aedes-aegypti-em-joao-pessoa-passa-de-baixo-para-medio-em-tres-meses.ghtml"},"modified":"2023-07-17T16:03:37","modified_gmt":"2023-07-17T19:03:37","slug":"risco-de-infestacao-do-aedes-aegypti-em-joao-pessoa-passa-de-baixo-para-medio-em-tres-meses","status":"publish","type":"post","link":"https:\/\/sindaopcpb.org.br\/index.php\/2023\/07\/17\/risco-de-infestacao-do-aedes-aegypti-em-joao-pessoa-passa-de-baixo-para-medio-em-tres-meses\/","title":{"rendered":"Risco de infesta\u00e7\u00e3o do aedes aegypti em Jo\u00e3o Pessoa passa de baixo para m\u00e9dio em tr\u00eas meses"},"content":{"rendered":"   <img src=\"https:\/\/s2.glbimg.com\/VGeTyNPwlubYGmTzDVZrPpFlYcE=\/i.s3.glbimg.com\/v1\/AUTH_59edd422c0c84a879bd37670ae4f538a\/internal_photos\/bs\/2023\/k\/q\/zaTAFzShiW1WrarmaAlA\/6616b5e0-ed7e-11ed-a142-ab0e42bfd9c3.jpg\" \/><br \/>     Secretaria de Sa\u00fade vai intensificar a\u00e7\u00f5es preventivas nas localidades com maior risco. Mosquito \u00e9 principal causador de doen\u00e7as como dengue, zika e chikungunya Mosquito Aedes aegypti \nGETTY IMAGES\nO risco de infesta\u00e7\u00e3o do aedes aegypti em Jo\u00e3o Pessoa passou de baixo para m\u00e9dio entre os meses de abril e julho deste ano, segundo dados de um levantamento feito pela Secretaria Municipal de Sa\u00fade, divulgado nesta segunda-feira (17). O mosquito \u00e9 principal causador de doen\u00e7as como dengue, zika e chikungunya.\n\ud83d\udcf1 Compartilhe esta not\u00edcia pelo Whatsapp\nEm abril, o \u00cdndice de Infesta\u00e7\u00e3o Predial (IPP) na cidade era de 0,8%. Agora, a taxa municipal \u00e9 de 1,2%. A pesquisa da Ger\u00eancia de Vigil\u00e2ncia Ambiental e Zoonoses foi feita entre os dias 3 e 7 de julho.\nVeja bairros com maiores riscos de infesta\u00e7\u00e3o pelo mosquito Aedes aegypti:\nAnat\u00f3lia - 3%;\nJardim Cidade Universit\u00e1ria - 3%;\nJardim S\u00e3o Paulo - 3%;\nBairro das Ind\u00fastrias - 2,9%;\nMumbaba - 2,9%;\nValentina - 2,5%;\nPlanalto Boa Esperan\u00e7a - 2,5%.\nAl\u00e9m desses, tamb\u00e9m apresentaram m\u00e9dio risco os bairros Oitizeiro, Alto do Mateus, Jardim Veneza, Distrito Industrial, Costa e Silva, Ernani S\u00e1tiro, Cristo, Jo\u00e3o Paulo II, Funcion\u00e1rios, Grot\u00e3o, Gramame, Paratibe, Mu\u00e7umago, Mangabeira, Varadouro, Jaguaribe, Ilha do Bispo, Trincheiras, Centro e Tambi\u00e1.\nDe acordo com a diretora de Vigil\u00e2ncia em Sa\u00fade de Jo\u00e3o Pessoa, Raquel Moraes, a SMS vai refor\u00e7ar as a\u00e7\u00f5es de combate ao Aedes aegypti. \n\u201cAs equipes j\u00e1 atuam rotineiramente em toda a cidade, eliminando os focos e tamb\u00e9m de forma educativa para a popula\u00e7\u00e3o, mas vamos intensificar o trabalho nas \u00e1reas em que apresentam m\u00e9dio risco para a infesta\u00e7\u00e3o do mosquito\u201d, destacou.\nV\u00eddeos mais assistidos do g1 Para\u00edba  ","protected":false},"excerpt":{"rendered":"<p>        Secretaria de Sa\u00fade vai intensificar a\u00e7\u00f5es preventivas nas localidades com maior risco. Mosquito \u00e9 principal causador de doen\u00e7as como dengue, zika e chikungunya Mosquito Aedes aegypti<br \/>\nGETTY IMAGES<br \/>\nO risco de infesta\u00e7\u00e3o do aedes aegypti em Jo\u00e3o&#8230;<\/p>\n","protected":false},"author":2,"featured_media":0,"comment_status":"closed","ping_status":"closed","sticky":false,"template":"","format":"standard","meta":{"advgb_blocks_editor_width":"","advgb_blocks_columns_visual_guide":"","footnotes":""},"categories":[34],"tags":[35],"class_list":["post-25918","post","type-post","status-publish","format-standard","hentry","category-g1","tag-g1"],"author_meta":{"display_name":"g1 &gt; Para\u00edba","author_link":"https:\/\/sindaopcpb.org.br\/author\/g1-paraiba\/"},"featured_img":null,"coauthors":[],"tax_additional":{"categories":{"linked":["<a href=\"https:\/\/sindaopcpb.org.br\/g1\/\" class=\"advgb-post-tax-term\">G1<\/a>"],"unlinked":["<span class=\"advgb-post-tax-term\">G1<\/span>"]},"tags":{"linked":["<a href=\"https:\/\/sindaopcpb.org.br\/g1\/\" class=\"advgb-post-tax-term\">g1<\/a>"],"unlinked":["<span class=\"advgb-post-tax-term\">g1<\/span>"]}},"comment_count":"0","relative_dates":{"created":"Publicado 3 anos atr\u00e1s","modified":"Atualizado 3 anos atr\u00e1s"},"absolute_dates":{"created":"Publicado em 17 de julho de 2023","modified":"Atualizado em 17 de julho de 2023"},"absolute_dates_time":{"created":"Publicado em 17 de julho de 2023 16:03","modified":"Atualizado em 17 de julho de 2023 16:03"},"featured_img_caption":"","series_order":"","_links":{"self":[{"href":"https:\/\/sindaopcpb.org.br\/index.php\/wp-json\/wp\/v2\/posts\/25918","targetHints":{"allow":["GET"]}}],"collection":[{"href":"https:\/\/sindaopcpb.org.br\/index.php\/wp-json\/wp\/v2\/posts"}],"about":[{"href":"https:\/\/sindaopcpb.org.br\/index.php\/wp-json\/wp\/v2\/types\/post"}],"author":[{"embeddable":true,"href":"https:\/\/sindaopcpb.org.br\/index.php\/wp-json\/wp\/v2\/users\/2"}],"replies":[{"embeddable":true,"href":"https:\/\/sindaopcpb.org.br\/index.php\/wp-json\/wp\/v2\/comments?post=25918"}],"version-history":[{"count":1,"href":"https:\/\/sindaopcpb.org.br\/index.php\/wp-json\/wp\/v2\/posts\/25918\/revisions"}],"predecessor-version":[{"id":25919,"href":"https:\/\/sindaopcpb.org.br\/index.php\/wp-json\/wp\/v2\/posts\/25918\/revisions\/25919"}],"wp:attachment":[{"href":"https:\/\/sindaopcpb.org.br\/index.php\/wp-json\/wp\/v2\/media?parent=25918"}],"wp:term":[{"taxonomy":"category","embeddable":true,"href":"https:\/\/sindaopcpb.org.br\/index.php\/wp-json\/wp\/v2\/categories?post=25918"},{"taxonomy":"post_tag","embeddable":true,"href":"https:\/\/sindaopcpb.org.br\/index.php\/wp-json\/wp\/v2\/tags?post=25918"}],"curies":[{"name":"wp","href":"https:\/\/api.w.org\/{rel}","templated":true}]}}