{"id":25818,"date":"2023-07-17T07:49:46","date_gmt":"2023-07-17T10:49:46","guid":{"rendered":"https:\/\/wpa.wscom.com.br\/?p=912230"},"modified":"2023-07-17T07:49:46","modified_gmt":"2023-07-17T10:49:46","slug":"mirando-candidatura-em-2024-ruy-carneiro-anuncia-permanencia-no-podemos-decisao-construida-em-grupo","status":"publish","type":"post","link":"https:\/\/sindaopcpb.org.br\/index.php\/2023\/07\/17\/mirando-candidatura-em-2024-ruy-carneiro-anuncia-permanencia-no-podemos-decisao-construida-em-grupo\/","title":{"rendered":"Mirando candidatura em 2024, Ruy Carneiro anuncia perman\u00eancia no Podemos: \u201cDecis\u00e3o constru\u00edda em grupo\u201d"},"content":{"rendered":"<p>&nbsp;<\/p>\n<p>O deputado federal Ruy Carneiro anunciou a perman\u00eancia no partido Podemos nesta segunda-feira (17), e revelou que a decis\u00e3o foi constru\u00edda de forma conjunta com outras lideran\u00e7as e pensando no melhor para Jo\u00e3o Pessoa e para Para\u00edba. \u201cVou continuar filiado ao Podemos, o partido no qual fui eleito, com o objetivo de dar passos importantes para vencer as batalhas que temos pela frente, principalmente aqui em Jo\u00e3o Pessoa. Esta \u00e9 uma decis\u00e3o de grupo, tomada ap\u00f3s muita reflex\u00e3o e di\u00e1logo com as lideran\u00e7as do Podemos e do PSDB\u201d, ressaltou.<\/p>\n<p>Ruy afirmou que \u00e9 importante somar for\u00e7as pra construir a transforma\u00e7\u00e3o necess\u00e1ria e t\u00e3o exigida pela popula\u00e7\u00e3o da capital paraibana e de outras diversas regi\u00f5es do estado. \u201cQuem me conhece sabe do meu compromisso com Jo\u00e3o pessoa e com a Para\u00edba. Sabe da minha luta em favor dos jovens, dos esportes, das mulheres, dos pacientes com c\u00e2ncer, dos idosos e das crian\u00e7as sem lar. A nossa luta pela causa animal. Para avan\u00e7armos em todas essas frentes, \u00e9 preciso ouvir e unir as pessoas\u201d, refor\u00e7ou.<\/p>\n<p>O deputado tamb\u00e9m defendeu que est\u00e1 na hora de fazer \u201cuma mudan\u00e7a de verdade em Jo\u00e3o Pessoa\u201d e recolocar a cidade no caminho do desenvolvimento.<\/p>\n<p>O post <a rel=\"nofollow noopener\" href=\"https:\/\/wscom.com.br\/mirando-candidatura-em-2024-ruy-carneiro-anuncia-permanencia-no-podemos\/\" target=\"_blank\">Mirando candidatura em 2024, Ruy Carneiro anuncia perman\u00eancia no Podemos: \u201cDecis\u00e3o constru\u00edda em grupo\u201d<\/a> apareceu primeiro em <a rel=\"nofollow noopener\" href=\"https:\/\/wscom.com.br\/\" target=\"_blank\">WSCOM<\/a>.<\/p>\n","protected":false},"excerpt":{"rendered":"<p>\u00a0 O deputado federal Ruy Carneiro anunciou a perman\u00eancia no partido Podemos nesta segunda-feira (17), e revelou que a decis\u00e3o foi constru\u00edda de forma conjunta com outras lideran\u00e7as e pensando no melhor para Jo\u00e3o Pessoa e para Para\u00edba. \u201cVou continuar filiado ao Podemos, o partido no qual fui eleito, com o objetivo de dar passos [\u2026]<\/p>\n<p>O post <a rel=\"nofollow\" href=\"https:\/\/wscom.com.br\/mirando-candidatura-em-2024-ruy-carneiro-anuncia-permanencia-no-podemos\/\">Mirando candidatura em 2024, Ruy Carneiro anuncia perman\u00eancia no Podemos: \u201cDecis\u00e3o constru\u00edda em grupo\u201d<\/a> apareceu primeiro em <a rel=\"nofollow\" href=\"https:\/\/wscom.com.br\/\">WSCOM<\/a>.<\/p>\n","protected":false},"author":50,"featured_media":0,"comment_status":"closed","ping_status":"closed","sticky":false,"template":"","format":"standard","meta":{"advgb_blocks_editor_width":"","advgb_blocks_columns_visual_guide":"","footnotes":""},"categories":[430,34,2478,47,431],"tags":[35],"class_list":["post-25818","post","type-post","status-publish","format-standard","hentry","category-carneiro","category-g1","category-podemos","category-politica","category-ruy","tag-g1"],"author_meta":{"display_name":"Wallyson","author_link":"https:\/\/sindaopcpb.org.br\/author\/wallyson\/"},"featured_img":null,"coauthors":[],"tax_additional":{"categories":{"linked":["<a href=\"https:\/\/sindaopcpb.org.br\/carneiro\/\" class=\"advgb-post-tax-term\">Carneiro<\/a>","<a href=\"https:\/\/sindaopcpb.org.br\/g1\/\" class=\"advgb-post-tax-term\">G1<\/a>","<a href=\"https:\/\/sindaopcpb.org.br\/podemos\/\" class=\"advgb-post-tax-term\">podemos<\/a>","<a href=\"https:\/\/sindaopcpb.org.br\/politica\/\" class=\"advgb-post-tax-term\">POLITICA<\/a>","<a href=\"https:\/\/sindaopcpb.org.br\/ruy\/\" class=\"advgb-post-tax-term\">Ruy<\/a>"],"unlinked":["<span class=\"advgb-post-tax-term\">Carneiro<\/span>","<span class=\"advgb-post-tax-term\">G1<\/span>","<span class=\"advgb-post-tax-term\">podemos<\/span>","<span class=\"advgb-post-tax-term\">POLITICA<\/span>","<span class=\"advgb-post-tax-term\">Ruy<\/span>"]},"tags":{"linked":["<a href=\"https:\/\/sindaopcpb.org.br\/ruy\/\" class=\"advgb-post-tax-term\">g1<\/a>"],"unlinked":["<span class=\"advgb-post-tax-term\">g1<\/span>"]}},"comment_count":"0","relative_dates":{"created":"Publicado 3 anos atr\u00e1s","modified":"Atualizado 3 anos atr\u00e1s"},"absolute_dates":{"created":"Publicado em 17 de julho de 2023","modified":"Atualizado em 17 de julho de 2023"},"absolute_dates_time":{"created":"Publicado em 17 de julho de 2023 07:49","modified":"Atualizado em 17 de julho de 2023 07:49"},"featured_img_caption":"","series_order":"","_links":{"self":[{"href":"https:\/\/sindaopcpb.org.br\/index.php\/wp-json\/wp\/v2\/posts\/25818","targetHints":{"allow":["GET"]}}],"collection":[{"href":"https:\/\/sindaopcpb.org.br\/index.php\/wp-json\/wp\/v2\/posts"}],"about":[{"href":"https:\/\/sindaopcpb.org.br\/index.php\/wp-json\/wp\/v2\/types\/post"}],"author":[{"embeddable":true,"href":"https:\/\/sindaopcpb.org.br\/index.php\/wp-json\/wp\/v2\/users\/50"}],"replies":[{"embeddable":true,"href":"https:\/\/sindaopcpb.org.br\/index.php\/wp-json\/wp\/v2\/comments?post=25818"}],"version-history":[{"count":1,"href":"https:\/\/sindaopcpb.org.br\/index.php\/wp-json\/wp\/v2\/posts\/25818\/revisions"}],"predecessor-version":[{"id":25819,"href":"https:\/\/sindaopcpb.org.br\/index.php\/wp-json\/wp\/v2\/posts\/25818\/revisions\/25819"}],"wp:attachment":[{"href":"https:\/\/sindaopcpb.org.br\/index.php\/wp-json\/wp\/v2\/media?parent=25818"}],"wp:term":[{"taxonomy":"category","embeddable":true,"href":"https:\/\/sindaopcpb.org.br\/index.php\/wp-json\/wp\/v2\/categories?post=25818"},{"taxonomy":"post_tag","embeddable":true,"href":"https:\/\/sindaopcpb.org.br\/index.php\/wp-json\/wp\/v2\/tags?post=25818"}],"curies":[{"name":"wp","href":"https:\/\/api.w.org\/{rel}","templated":true}]}}