{"id":25799,"date":"2023-07-16T17:50:21","date_gmt":"2023-07-16T20:50:21","guid":{"rendered":"https:\/\/wpa.wscom.com.br\/?p=912168"},"modified":"2023-07-16T17:50:21","modified_gmt":"2023-07-16T20:50:21","slug":"dupla-e-presa-com-arma-drogas-e-explosivos-em-santa-rita","status":"publish","type":"post","link":"https:\/\/sindaopcpb.org.br\/index.php\/2023\/07\/16\/dupla-e-presa-com-arma-drogas-e-explosivos-em-santa-rita\/","title":{"rendered":"Dupla \u00e9 presa com arma, drogas e explosivos em Santa Rita"},"content":{"rendered":"<p>A Pol\u00edcia Militar prendeu, na noite deste s\u00e1bado (17), uma dupla suspeita de tr\u00e1fico de drogas, flagrada com entorpecentes, uma arma de fogo e artefatos explosivos, em V\u00e1rzea Nova, Santa Rita.<\/p>\n<p>Eles foram detidos por guarni\u00e7\u00f5es do 7\u00ba Batalh\u00e3o e 4\u00aa Companhia Independente, que receberam uma den\u00fancia de tr\u00e1fico de entorpecentes nas proximidades do conjunto Alto do Contorno. As equipes visualizaram primeiramente um homem, de 26 anos, que prontamente foi abordado e detido, pois carregava consigo uma pistola 9 mil\u00edmetros com duas muni\u00e7\u00f5es intactas.<\/p>\n<p>Uma mulher que estava pr\u00f3xima \u00e0 a\u00e7\u00e3o tamb\u00e9m foi abordada e com ela foram encontrados entorpecentes. A suspeita, que tem 36 anos, informou aos policiais que haveria mais drogas em uma edifica\u00e7\u00e3o abandonada e, durante as buscas foram encontrados mais entorpecentes, totalizando 139 pedras e mais 250 gramas de crack, 44 pinos de coca\u00edna, al\u00e9m de 4 emuls\u00f5es explosivas (bananas de dinamite), cord\u00e9is detonantes, espoletas e estopins. Ap\u00f3s an\u00e1lise e libera\u00e7\u00e3o dos explosivos pelo Grupamento de A\u00e7\u00f5es T\u00e1ticas Especiais (GATE), todo o material foi recolhido e conduzido, juntamente com os suspeitos, at\u00e9 a 6\u00aa Delegacia Distrital, em Santa Rita.<\/p>\n<p>O post <a rel=\"nofollow noopener\" href=\"https:\/\/wscom.com.br\/dupla-e-presa-com-arma-drogas-e-explosivos-em-santa-rita\/\" target=\"_blank\">Dupla \u00e9 presa com arma, drogas e explosivos em Santa Rita<\/a> apareceu primeiro em <a rel=\"nofollow noopener\" href=\"https:\/\/wscom.com.br\/\" target=\"_blank\">WSCOM<\/a>.<\/p>\n","protected":false},"excerpt":{"rendered":"<p>A Pol\u00edcia Militar prendeu, na noite deste s\u00e1bado (17), uma dupla suspeita de tr\u00e1fico de drogas, flagrada com entorpecentes, uma arma de fogo e artefatos explosivos, em V\u00e1rzea Nova, Santa Rita. Eles foram detidos por guarni\u00e7\u00f5es do 7\u00ba Batalh\u00e3o e 4\u00aa Companhia Independente, que receberam uma den\u00fancia de tr\u00e1fico de entorpecentes nas proximidades do conjunto [\u2026]<\/p>\n<p>O post <a rel=\"nofollow\" href=\"https:\/\/wscom.com.br\/dupla-e-presa-com-arma-drogas-e-explosivos-em-santa-rita\/\">Dupla \u00e9 presa com arma, drogas e explosivos em Santa Rita<\/a> apareceu primeiro em <a rel=\"nofollow\" href=\"https:\/\/wscom.com.br\/\">WSCOM<\/a>.<\/p>\n","protected":false},"author":58,"featured_media":0,"comment_status":"closed","ping_status":"closed","sticky":false,"template":"","format":"standard","meta":{"advgb_blocks_editor_width":"","advgb_blocks_columns_visual_guide":"","footnotes":""},"categories":[34,418,54,944,66,688,384],"tags":[35],"class_list":["post-25799","post","type-post","status-publish","format-standard","hentry","category-g1","category-noticias","category-paraiba","category-policia","category-policial","category-prisao","category-santa-rita","tag-g1"],"author_meta":{"display_name":"Juliana Terra","author_link":"https:\/\/sindaopcpb.org.br\/author\/juliana-terra\/"},"featured_img":null,"coauthors":[],"tax_additional":{"categories":{"linked":["<a href=\"https:\/\/sindaopcpb.org.br\/g1\/\" class=\"advgb-post-tax-term\">G1<\/a>","<a href=\"https:\/\/sindaopcpb.org.br\/noticias\/\" class=\"advgb-post-tax-term\">Not\u00edcias<\/a>","<a href=\"https:\/\/sindaopcpb.org.br\/paraiba\/\" class=\"advgb-post-tax-term\">Para\u00edba<\/a>","<a href=\"https:\/\/sindaopcpb.org.br\/policia\/\" class=\"advgb-post-tax-term\">Pol\u00edcia<\/a>","<a href=\"https:\/\/sindaopcpb.org.br\/policial\/\" class=\"advgb-post-tax-term\">Policial<\/a>","<a href=\"https:\/\/sindaopcpb.org.br\/prisao\/\" class=\"advgb-post-tax-term\">pris\u00e3o<\/a>","<a href=\"https:\/\/sindaopcpb.org.br\/santa-rita\/\" class=\"advgb-post-tax-term\">santa rita<\/a>"],"unlinked":["<span class=\"advgb-post-tax-term\">G1<\/span>","<span class=\"advgb-post-tax-term\">Not\u00edcias<\/span>","<span class=\"advgb-post-tax-term\">Para\u00edba<\/span>","<span class=\"advgb-post-tax-term\">Pol\u00edcia<\/span>","<span class=\"advgb-post-tax-term\">Policial<\/span>","<span class=\"advgb-post-tax-term\">pris\u00e3o<\/span>","<span class=\"advgb-post-tax-term\">santa rita<\/span>"]},"tags":{"linked":["<a href=\"https:\/\/sindaopcpb.org.br\/santa-rita\/\" class=\"advgb-post-tax-term\">g1<\/a>"],"unlinked":["<span class=\"advgb-post-tax-term\">g1<\/span>"]}},"comment_count":"0","relative_dates":{"created":"Publicado 3 anos atr\u00e1s","modified":"Atualizado 3 anos atr\u00e1s"},"absolute_dates":{"created":"Publicado em 16 de julho de 2023","modified":"Atualizado em 16 de julho de 2023"},"absolute_dates_time":{"created":"Publicado em 16 de julho de 2023 17:50","modified":"Atualizado em 16 de julho de 2023 17:50"},"featured_img_caption":"","series_order":"","_links":{"self":[{"href":"https:\/\/sindaopcpb.org.br\/index.php\/wp-json\/wp\/v2\/posts\/25799","targetHints":{"allow":["GET"]}}],"collection":[{"href":"https:\/\/sindaopcpb.org.br\/index.php\/wp-json\/wp\/v2\/posts"}],"about":[{"href":"https:\/\/sindaopcpb.org.br\/index.php\/wp-json\/wp\/v2\/types\/post"}],"author":[{"embeddable":true,"href":"https:\/\/sindaopcpb.org.br\/index.php\/wp-json\/wp\/v2\/users\/58"}],"replies":[{"embeddable":true,"href":"https:\/\/sindaopcpb.org.br\/index.php\/wp-json\/wp\/v2\/comments?post=25799"}],"version-history":[{"count":1,"href":"https:\/\/sindaopcpb.org.br\/index.php\/wp-json\/wp\/v2\/posts\/25799\/revisions"}],"predecessor-version":[{"id":25800,"href":"https:\/\/sindaopcpb.org.br\/index.php\/wp-json\/wp\/v2\/posts\/25799\/revisions\/25800"}],"wp:attachment":[{"href":"https:\/\/sindaopcpb.org.br\/index.php\/wp-json\/wp\/v2\/media?parent=25799"}],"wp:term":[{"taxonomy":"category","embeddable":true,"href":"https:\/\/sindaopcpb.org.br\/index.php\/wp-json\/wp\/v2\/categories?post=25799"},{"taxonomy":"post_tag","embeddable":true,"href":"https:\/\/sindaopcpb.org.br\/index.php\/wp-json\/wp\/v2\/tags?post=25799"}],"curies":[{"name":"wp","href":"https:\/\/api.w.org\/{rel}","templated":true}]}}