{"id":25746,"date":"2023-07-16T11:32:26","date_gmt":"2023-07-16T14:32:26","guid":{"rendered":"https:\/\/wpa.wscom.com.br\/?p=912107"},"modified":"2023-07-16T11:32:26","modified_gmt":"2023-07-16T14:32:26","slug":"projeto-de-lei-denomina-de-poeta-juca-pontes-a-livraria-da-empresa-paraibana-de-comunicacao-no-espaco-cultural","status":"publish","type":"post","link":"https:\/\/sindaopcpb.org.br\/index.php\/2023\/07\/16\/projeto-de-lei-denomina-de-poeta-juca-pontes-a-livraria-da-empresa-paraibana-de-comunicacao-no-espaco-cultural\/","title":{"rendered":"Projeto de Lei denomina de \u2018Poeta Juca Pontes\u2019 a Livraria da Empresa Paraibana de Comunica\u00e7\u00e3o no Espa\u00e7o Cultural"},"content":{"rendered":"<p>O poeta paraibano Juca Pontes faleceu no dia 8 de abril desse ano, em Jo\u00e3o Pessoa, aos 64 anos de idade. Ele era natural de Campina Grande e deixou um grande legado como escritor e ativista cultural. Como forma de reconhecer seu trabalho e compromisso com a cultura paraibana, o deputado estadual Tovar Correia Lima (PSDB) apresentou na Assembleia Legislativa da Para\u00edba (ALPB) o projeto de Lei 321\/23 que denomina de \u2018Poeta Juca Pontes\u2019 a Livraria da Empresa Paraibana de Comunica\u00e7\u00e3o, localizada no Espa\u00e7o Cultural Jos\u00e9 Lins do R\u00eago.<\/p>\n<p>\u201cEssa \u00e9 uma singela e justa homenagem ao eminente paraibano falecido, que tanto trabalhou pela cultura paraibana e deixou como legado que nos enche de orgulho\u201d, destacou o deputado sobre o projeto que foi aprovado por unanimidade pelos deputados na Assembleia Legislativa e aguarda san\u00e7\u00e3o do governador da Para\u00edba.<\/p>\n<p>Nascido em Campina Grande e radicado na Capital h\u00e1 mais de 30 anos, Juca Pontes foi autor de v\u00e1rios livros, como Carro de Boi, Ciclo Vegetal, La\u00e7ado do Corpo e Ranhuras do Corpo. Tamb\u00e9m foi fundador e propriet\u00e1rio da Forma Editorial, que colocou no mercado livros de uma s\u00e9rie de autores da Para\u00edba e de outros estados.<\/p>\n<p>Juca foi ainda um dos fundadores da Confraria Sol das Letras, que realizava eventos liter\u00e1rios na Academia Paraibana de Letras e era diretor de Cultura da Associa\u00e7\u00e3o Paraibana de Imprensa (API).<\/p>\n<p><strong><span style=\"font-size: 10pt;\">Assessoria de Imprensa\u00a0<\/span><br \/>\n<\/strong><\/p>\n<p>O post <a rel=\"nofollow noopener\" href=\"https:\/\/wscom.com.br\/projeto-de-lei-denomina-de-poeta-juca-pontes-a-livraria-da-empresa-paraibana-de-comunicacao-no-espaco-cultural\/\" target=\"_blank\">Projeto de Lei denomina de \u2018Poeta Juca Pontes\u2019 a Livraria da Empresa Paraibana de Comunica\u00e7\u00e3o no Espa\u00e7o Cultural<\/a> apareceu primeiro em <a rel=\"nofollow noopener\" href=\"https:\/\/wscom.com.br\/\" target=\"_blank\">WSCOM<\/a>.<\/p>\n","protected":false},"excerpt":{"rendered":"<p>O poeta paraibano Juca Pontes faleceu no dia 8 de abril desse ano, em Jo\u00e3o Pessoa, aos 64 anos de idade. Ele era natural de Campina Grande e deixou um grande legado como escritor e ativista cultural. Como forma de reconhecer seu trabalho e compromisso com a cultura paraibana, o deputado estadual Tovar Correia Lima [\u2026]<\/p>\n<p>O post <a rel=\"nofollow\" href=\"https:\/\/wscom.com.br\/projeto-de-lei-denomina-de-poeta-juca-pontes-a-livraria-da-empresa-paraibana-de-comunicacao-no-espaco-cultural\/\">Projeto de Lei denomina de \u2018Poeta Juca Pontes\u2019 a Livraria da Empresa Paraibana de Comunica\u00e7\u00e3o no Espa\u00e7o Cultural<\/a> apareceu primeiro em <a rel=\"nofollow\" href=\"https:\/\/wscom.com.br\/\">WSCOM<\/a>.<\/p>\n","protected":false},"author":58,"featured_media":0,"comment_status":"closed","ping_status":"closed","sticky":false,"template":"","format":"standard","meta":{"advgb_blocks_editor_width":"","advgb_blocks_columns_visual_guide":"","footnotes":""},"categories":[170,34,183,54,47],"tags":[35,50],"class_list":["post-25746","post","type-post","status-publish","format-standard","hentry","category-cultura","category-g1","category-juca-pontes","category-paraiba","category-politica","tag-g1","tag-projeto-de-lei"],"author_meta":{"display_name":"Juliana Terra","author_link":"https:\/\/sindaopcpb.org.br\/author\/juliana-terra\/"},"featured_img":null,"coauthors":[],"tax_additional":{"categories":{"linked":["<a href=\"https:\/\/sindaopcpb.org.br\/cultura\/\" class=\"advgb-post-tax-term\">Cultura<\/a>","<a href=\"https:\/\/sindaopcpb.org.br\/g1\/\" class=\"advgb-post-tax-term\">G1<\/a>","<a href=\"https:\/\/sindaopcpb.org.br\/juca-pontes\/\" class=\"advgb-post-tax-term\">juca pontes<\/a>","<a href=\"https:\/\/sindaopcpb.org.br\/paraiba\/\" class=\"advgb-post-tax-term\">Para\u00edba<\/a>","<a href=\"https:\/\/sindaopcpb.org.br\/politica\/\" class=\"advgb-post-tax-term\">POLITICA<\/a>"],"unlinked":["<span class=\"advgb-post-tax-term\">Cultura<\/span>","<span class=\"advgb-post-tax-term\">G1<\/span>","<span class=\"advgb-post-tax-term\">juca pontes<\/span>","<span class=\"advgb-post-tax-term\">Para\u00edba<\/span>","<span class=\"advgb-post-tax-term\">POLITICA<\/span>"]},"tags":{"linked":["<a href=\"https:\/\/sindaopcpb.org.br\/politica\/\" class=\"advgb-post-tax-term\">g1<\/a>","<a href=\"https:\/\/sindaopcpb.org.br\/politica\/\" class=\"advgb-post-tax-term\">projeto de lei<\/a>"],"unlinked":["<span class=\"advgb-post-tax-term\">g1<\/span>","<span class=\"advgb-post-tax-term\">projeto de lei<\/span>"]}},"comment_count":"0","relative_dates":{"created":"Publicado 3 anos atr\u00e1s","modified":"Atualizado 3 anos atr\u00e1s"},"absolute_dates":{"created":"Publicado em 16 de julho de 2023","modified":"Atualizado em 16 de julho de 2023"},"absolute_dates_time":{"created":"Publicado em 16 de julho de 2023 11:32","modified":"Atualizado em 16 de julho de 2023 11:32"},"featured_img_caption":"","series_order":"","_links":{"self":[{"href":"https:\/\/sindaopcpb.org.br\/index.php\/wp-json\/wp\/v2\/posts\/25746","targetHints":{"allow":["GET"]}}],"collection":[{"href":"https:\/\/sindaopcpb.org.br\/index.php\/wp-json\/wp\/v2\/posts"}],"about":[{"href":"https:\/\/sindaopcpb.org.br\/index.php\/wp-json\/wp\/v2\/types\/post"}],"author":[{"embeddable":true,"href":"https:\/\/sindaopcpb.org.br\/index.php\/wp-json\/wp\/v2\/users\/58"}],"replies":[{"embeddable":true,"href":"https:\/\/sindaopcpb.org.br\/index.php\/wp-json\/wp\/v2\/comments?post=25746"}],"version-history":[{"count":1,"href":"https:\/\/sindaopcpb.org.br\/index.php\/wp-json\/wp\/v2\/posts\/25746\/revisions"}],"predecessor-version":[{"id":25747,"href":"https:\/\/sindaopcpb.org.br\/index.php\/wp-json\/wp\/v2\/posts\/25746\/revisions\/25747"}],"wp:attachment":[{"href":"https:\/\/sindaopcpb.org.br\/index.php\/wp-json\/wp\/v2\/media?parent=25746"}],"wp:term":[{"taxonomy":"category","embeddable":true,"href":"https:\/\/sindaopcpb.org.br\/index.php\/wp-json\/wp\/v2\/categories?post=25746"},{"taxonomy":"post_tag","embeddable":true,"href":"https:\/\/sindaopcpb.org.br\/index.php\/wp-json\/wp\/v2\/tags?post=25746"}],"curies":[{"name":"wp","href":"https:\/\/api.w.org\/{rel}","templated":true}]}}