{"id":25694,"date":"2023-07-15T15:01:41","date_gmt":"2023-07-15T18:01:41","guid":{"rendered":"https:\/\/wpa.wscom.com.br\/?p=911980"},"modified":"2023-07-15T15:01:41","modified_gmt":"2023-07-15T18:01:41","slug":"prefeitura-de-joao-pessoa-promove-3a-etapa-de-campeonato-de-futmesa-no-novo-sao-jose","status":"publish","type":"post","link":"https:\/\/sindaopcpb.org.br\/index.php\/2023\/07\/15\/prefeitura-de-joao-pessoa-promove-3a-etapa-de-campeonato-de-futmesa-no-novo-sao-jose\/","title":{"rendered":"Prefeitura de Jo\u00e3o Pessoa promove 3\u00aa etapa de campeonato de futmesa no Novo S\u00e3o Jos\u00e9"},"content":{"rendered":"<p>A Secretaria de Juventude, Esportes e Recrea\u00e7\u00e3o (Sejer) da Prefeitura de Jo\u00e3o Pessoa e a Central \u00danica das Favelas (Cufa) promoveram, neste s\u00e1bado (15), a 3\u00aa etapa do Torneio das Comunidades, na modalidade futmesa, que aconteceu no Residencial Novo S\u00e3o Jos\u00e9, em Mana\u00edra. Ao todo, a competi\u00e7\u00e3o possui quatro etapas, onde cada uma conta com oito duplas de participantes com idades de 12 at\u00e9 17 anos.<\/p>\n<p>De acordo com o secret\u00e1rio municipal de Juventude, Esportes e Recrea\u00e7\u00e3o, Kaio M\u00e1rcio, o campeonato, assim como outras atividades da Sejer, \u00e9 uma oportunidade de inicia\u00e7\u00e3o esportiva para as crian\u00e7as e os adolescentes das comunidades da Capital. \u201cO torneio foi criado para chegar mais perto das comunidades, come\u00e7ando por uma modalidade, a qual os adolescentes j\u00e1 praticam e t\u00eam intimidade, conseguindo reunir um grupo grande de interessados em participar. Assim, integrando esses jovens ao mesmo tempo em que oferecemos esporte e lazer\u201d, afirmou.<\/p>\n<p>As duas primeiras etapas da competi\u00e7\u00e3o foram disputadas, no \u00faltimo m\u00eas de maio, em Paratibe e na Comunidade do Citex, no bairro Jo\u00e3o Paulo II. A pr\u00f3xima etapa dever\u00e1 acontecer no dia 29 de julho, no Residencial Vista Alegre. J\u00e1 a final do torneio, prevista para o dia 26 de agosto, ser\u00e1 disputada pela dupla campe\u00e3 de cada etapa no Campo da Marquise, no Valentina Figueiredo.<\/p>\n<p>&nbsp;<\/p>\n<figure class=\"wp-block-gallery has-nested-images columns-default is-cropped wp-block-gallery-3 is-layout-flex\">\n<figure class=\"wp-block-image size-large\"><img decoding=\"async\" loading=\"lazy\" class=\"wp-image-318383\" src=\"https:\/\/www.joaopessoa.pb.gov.br\/wp-content\/uploads\/2023\/07\/Sejer_1_Torneio_Futmesa_Comunidades_foto_Kleide_Teixeira_.-132-1024x683.jpg\" sizes=\"auto, (max-width: 1024px) 100vw, 1024px\" srcset=\"https:\/\/www.joaopessoa.pb.gov.br\/wp-content\/uploads\/2023\/07\/Sejer_1_Torneio_Futmesa_Comunidades_foto_Kleide_Teixeira_.-132-1024x683.jpg 1024w, https:\/\/www.joaopessoa.pb.gov.br\/wp-content\/uploads\/2023\/07\/Sejer_1_Torneio_Futmesa_Comunidades_foto_Kleide_Teixeira_.-132-768x512.jpg 768w, https:\/\/www.joaopessoa.pb.gov.br\/wp-content\/uploads\/2023\/07\/Sejer_1_Torneio_Futmesa_Comunidades_foto_Kleide_Teixeira_.-132-1536x1024.jpg 1536w, https:\/\/www.joaopessoa.pb.gov.br\/wp-content\/uploads\/2023\/07\/Sejer_1_Torneio_Futmesa_Comunidades_foto_Kleide_Teixeira_.-132-2048x1365.jpg 2048w, https:\/\/www.joaopessoa.pb.gov.br\/wp-content\/uploads\/2023\/07\/Sejer_1_Torneio_Futmesa_Comunidades_foto_Kleide_Teixeira_.-132-600x400.jpg 600w\" alt=\"\" width=\"1024\" height=\"683\" data-id=\"318383\" title=\"\"><\/figure>\n<figure class=\"wp-block-image size-large\"><img decoding=\"async\" loading=\"lazy\" class=\"wp-image-318385\" src=\"https:\/\/www.joaopessoa.pb.gov.br\/wp-content\/uploads\/2023\/07\/Sejer_1_Torneio_Futmesa_Comunidades_foto_Kleide_Teixeira_.-125-1024x683.jpg\" sizes=\"auto, (max-width: 1024px) 100vw, 1024px\" srcset=\"https:\/\/www.joaopessoa.pb.gov.br\/wp-content\/uploads\/2023\/07\/Sejer_1_Torneio_Futmesa_Comunidades_foto_Kleide_Teixeira_.-125-1024x683.jpg 1024w, https:\/\/www.joaopessoa.pb.gov.br\/wp-content\/uploads\/2023\/07\/Sejer_1_Torneio_Futmesa_Comunidades_foto_Kleide_Teixeira_.-125-768x512.jpg 768w, https:\/\/www.joaopessoa.pb.gov.br\/wp-content\/uploads\/2023\/07\/Sejer_1_Torneio_Futmesa_Comunidades_foto_Kleide_Teixeira_.-125-1536x1024.jpg 1536w, https:\/\/www.joaopessoa.pb.gov.br\/wp-content\/uploads\/2023\/07\/Sejer_1_Torneio_Futmesa_Comunidades_foto_Kleide_Teixeira_.-125-2048x1365.jpg 2048w, https:\/\/www.joaopessoa.pb.gov.br\/wp-content\/uploads\/2023\/07\/Sejer_1_Torneio_Futmesa_Comunidades_foto_Kleide_Teixeira_.-125-600x400.jpg 600w\" alt=\"\" width=\"1024\" height=\"683\" data-id=\"318385\" title=\"\"><\/figure>\n<figure class=\"wp-block-image size-large\"><img decoding=\"async\" loading=\"lazy\" class=\"wp-image-318381\" src=\"https:\/\/www.joaopessoa.pb.gov.br\/wp-content\/uploads\/2023\/07\/Sejer_1_Torneio_Futmesa_Comunidades_foto_Kleide_Teixeira_.-152-1024x683.jpg\" sizes=\"auto, (max-width: 1024px) 100vw, 1024px\" srcset=\"https:\/\/www.joaopessoa.pb.gov.br\/wp-content\/uploads\/2023\/07\/Sejer_1_Torneio_Futmesa_Comunidades_foto_Kleide_Teixeira_.-152-1024x683.jpg 1024w, https:\/\/www.joaopessoa.pb.gov.br\/wp-content\/uploads\/2023\/07\/Sejer_1_Torneio_Futmesa_Comunidades_foto_Kleide_Teixeira_.-152-768x512.jpg 768w, https:\/\/www.joaopessoa.pb.gov.br\/wp-content\/uploads\/2023\/07\/Sejer_1_Torneio_Futmesa_Comunidades_foto_Kleide_Teixeira_.-152-1536x1024.jpg 1536w, https:\/\/www.joaopessoa.pb.gov.br\/wp-content\/uploads\/2023\/07\/Sejer_1_Torneio_Futmesa_Comunidades_foto_Kleide_Teixeira_.-152-2048x1365.jpg 2048w, https:\/\/www.joaopessoa.pb.gov.br\/wp-content\/uploads\/2023\/07\/Sejer_1_Torneio_Futmesa_Comunidades_foto_Kleide_Teixeira_.-152-600x400.jpg 600w\" alt=\"\" width=\"1024\" height=\"683\" data-id=\"318381\" title=\"\"><\/figure>\n<figure class=\"wp-block-image size-large\"><img decoding=\"async\" loading=\"lazy\" class=\"wp-image-318384\" src=\"https:\/\/www.joaopessoa.pb.gov.br\/wp-content\/uploads\/2023\/07\/Sejer_1_Torneio_Futmesa_Comunidades_foto_Kleide_Teixeira_.-147-1024x683.jpg\" sizes=\"auto, (max-width: 1024px) 100vw, 1024px\" srcset=\"https:\/\/www.joaopessoa.pb.gov.br\/wp-content\/uploads\/2023\/07\/Sejer_1_Torneio_Futmesa_Comunidades_foto_Kleide_Teixeira_.-147-1024x683.jpg 1024w, https:\/\/www.joaopessoa.pb.gov.br\/wp-content\/uploads\/2023\/07\/Sejer_1_Torneio_Futmesa_Comunidades_foto_Kleide_Teixeira_.-147-768x512.jpg 768w, https:\/\/www.joaopessoa.pb.gov.br\/wp-content\/uploads\/2023\/07\/Sejer_1_Torneio_Futmesa_Comunidades_foto_Kleide_Teixeira_.-147-1536x1024.jpg 1536w, https:\/\/www.joaopessoa.pb.gov.br\/wp-content\/uploads\/2023\/07\/Sejer_1_Torneio_Futmesa_Comunidades_foto_Kleide_Teixeira_.-147-2048x1365.jpg 2048w, https:\/\/www.joaopessoa.pb.gov.br\/wp-content\/uploads\/2023\/07\/Sejer_1_Torneio_Futmesa_Comunidades_foto_Kleide_Teixeira_.-147-600x400.jpg 600w\" alt=\"\" width=\"1024\" height=\"683\" data-id=\"318384\" title=\"\"><\/figure>\n<\/figure>\n<p>\u201cCom o campeonato, a gente traz pra dentro dos territ\u00f3rios de favela a import\u00e2ncia do esporte, porque sabemos das dificuldades das pessoas que moram nessas localidades para ter acesso a um esporte de qualidade\u201d, destacou Emerson Silva, presidente da Cufa na Para\u00edba.<\/p>\n<p>Nesta etapa da disputa, no Novo S\u00e3o Jos\u00e9, o clima foi de anima\u00e7\u00e3o entre os meninos que participaram da competi\u00e7\u00e3o. Para o estudante Mateus Calixto da Silva, 16 anos, o torneio \u00e9 uma forma de incentivo \u00e0 pr\u00e1tica de esportes. \u201cO futebol de mesinha \u00e9 um esporte que a gente j\u00e1 gostava, mas com o apoio da Prefeitura, a gente se sente mais animado de disputar e praticar levando a s\u00e9rio\u201d, disse.<\/p>\n<figure class=\"wp-block-gallery has-nested-images columns-default is-cropped wp-block-gallery-5 is-layout-flex\">\n<figure class=\"wp-block-image size-large\"><\/figure>\n<figure class=\"wp-block-image size-large\"><img decoding=\"async\" loading=\"lazy\" class=\"wp-image-318382\" src=\"https:\/\/www.joaopessoa.pb.gov.br\/wp-content\/uploads\/2023\/07\/Sejer_1_Torneio_Futmesa_Comunidades_foto_Kleide_Teixeira_.-139-1024x683.jpg\" sizes=\"auto, (max-width: 1024px) 100vw, 1024px\" srcset=\"https:\/\/www.joaopessoa.pb.gov.br\/wp-content\/uploads\/2023\/07\/Sejer_1_Torneio_Futmesa_Comunidades_foto_Kleide_Teixeira_.-139-1024x683.jpg 1024w, https:\/\/www.joaopessoa.pb.gov.br\/wp-content\/uploads\/2023\/07\/Sejer_1_Torneio_Futmesa_Comunidades_foto_Kleide_Teixeira_.-139-768x512.jpg 768w, https:\/\/www.joaopessoa.pb.gov.br\/wp-content\/uploads\/2023\/07\/Sejer_1_Torneio_Futmesa_Comunidades_foto_Kleide_Teixeira_.-139-1536x1024.jpg 1536w, https:\/\/www.joaopessoa.pb.gov.br\/wp-content\/uploads\/2023\/07\/Sejer_1_Torneio_Futmesa_Comunidades_foto_Kleide_Teixeira_.-139-2048x1365.jpg 2048w, https:\/\/www.joaopessoa.pb.gov.br\/wp-content\/uploads\/2023\/07\/Sejer_1_Torneio_Futmesa_Comunidades_foto_Kleide_Teixeira_.-139-600x400.jpg 600w\" alt=\"\" width=\"1024\" height=\"683\" data-id=\"318382\" title=\"\"><\/figure>\n<figure class=\"wp-block-image size-large\"><img decoding=\"async\" loading=\"lazy\" class=\"wp-image-318387\" src=\"https:\/\/www.joaopessoa.pb.gov.br\/wp-content\/uploads\/2023\/07\/Sejer_1_Torneio_Futmesa_Comunidades_foto_Kleide_Teixeira_.-119-1024x683.jpg\" sizes=\"auto, (max-width: 1024px) 100vw, 1024px\" srcset=\"https:\/\/www.joaopessoa.pb.gov.br\/wp-content\/uploads\/2023\/07\/Sejer_1_Torneio_Futmesa_Comunidades_foto_Kleide_Teixeira_.-119-1024x683.jpg 1024w, https:\/\/www.joaopessoa.pb.gov.br\/wp-content\/uploads\/2023\/07\/Sejer_1_Torneio_Futmesa_Comunidades_foto_Kleide_Teixeira_.-119-768x512.jpg 768w, https:\/\/www.joaopessoa.pb.gov.br\/wp-content\/uploads\/2023\/07\/Sejer_1_Torneio_Futmesa_Comunidades_foto_Kleide_Teixeira_.-119-1536x1024.jpg 1536w, https:\/\/www.joaopessoa.pb.gov.br\/wp-content\/uploads\/2023\/07\/Sejer_1_Torneio_Futmesa_Comunidades_foto_Kleide_Teixeira_.-119-2048x1365.jpg 2048w, https:\/\/www.joaopessoa.pb.gov.br\/wp-content\/uploads\/2023\/07\/Sejer_1_Torneio_Futmesa_Comunidades_foto_Kleide_Teixeira_.-119-600x400.jpg 600w\" alt=\"\" width=\"1024\" height=\"683\" data-id=\"318387\" title=\"\"><\/figure>\n<figure class=\"wp-block-image size-large\"><img decoding=\"async\" loading=\"lazy\" class=\"wp-image-318388\" src=\"https:\/\/www.joaopessoa.pb.gov.br\/wp-content\/uploads\/2023\/07\/Sejer_1_Torneio_Futmesa_Comunidades_foto_Kleide_Teixeira_.-111-1024x683.jpg\" sizes=\"auto, (max-width: 1024px) 100vw, 1024px\" srcset=\"https:\/\/www.joaopessoa.pb.gov.br\/wp-content\/uploads\/2023\/07\/Sejer_1_Torneio_Futmesa_Comunidades_foto_Kleide_Teixeira_.-111-1024x683.jpg 1024w, https:\/\/www.joaopessoa.pb.gov.br\/wp-content\/uploads\/2023\/07\/Sejer_1_Torneio_Futmesa_Comunidades_foto_Kleide_Teixeira_.-111-768x512.jpg 768w, https:\/\/www.joaopessoa.pb.gov.br\/wp-content\/uploads\/2023\/07\/Sejer_1_Torneio_Futmesa_Comunidades_foto_Kleide_Teixeira_.-111-1536x1024.jpg 1536w, https:\/\/www.joaopessoa.pb.gov.br\/wp-content\/uploads\/2023\/07\/Sejer_1_Torneio_Futmesa_Comunidades_foto_Kleide_Teixeira_.-111-2048x1365.jpg 2048w, https:\/\/www.joaopessoa.pb.gov.br\/wp-content\/uploads\/2023\/07\/Sejer_1_Torneio_Futmesa_Comunidades_foto_Kleide_Teixeira_.-111-600x400.jpg 600w\" alt=\"\" width=\"1024\" height=\"683\" data-id=\"318388\" title=\"\"><\/figure>\n<figure class=\"wp-block-image size-large\"><img decoding=\"async\" loading=\"lazy\" class=\"wp-image-318389\" src=\"https:\/\/www.joaopessoa.pb.gov.br\/wp-content\/uploads\/2023\/07\/Sejer_1_Torneio_Futmesa_Comunidades_foto_Kleide_Teixeira_.-100-1024x683.jpg\" sizes=\"auto, (max-width: 1024px) 100vw, 1024px\" srcset=\"https:\/\/www.joaopessoa.pb.gov.br\/wp-content\/uploads\/2023\/07\/Sejer_1_Torneio_Futmesa_Comunidades_foto_Kleide_Teixeira_.-100-1024x683.jpg 1024w, https:\/\/www.joaopessoa.pb.gov.br\/wp-content\/uploads\/2023\/07\/Sejer_1_Torneio_Futmesa_Comunidades_foto_Kleide_Teixeira_.-100-768x512.jpg 768w, https:\/\/www.joaopessoa.pb.gov.br\/wp-content\/uploads\/2023\/07\/Sejer_1_Torneio_Futmesa_Comunidades_foto_Kleide_Teixeira_.-100-1536x1024.jpg 1536w, https:\/\/www.joaopessoa.pb.gov.br\/wp-content\/uploads\/2023\/07\/Sejer_1_Torneio_Futmesa_Comunidades_foto_Kleide_Teixeira_.-100-2048x1365.jpg 2048w, https:\/\/www.joaopessoa.pb.gov.br\/wp-content\/uploads\/2023\/07\/Sejer_1_Torneio_Futmesa_Comunidades_foto_Kleide_Teixeira_.-100-600x400.jpg 600w\" alt=\"\" width=\"1024\" height=\"683\" data-id=\"318389\" title=\"\"><\/figure>\n<\/figure>\n<p><strong>Futmesa \u2013<\/strong>\u00a0Para brincar, basta uma mesa com uma rede e uma bola de futebol. Mistura de t\u00eanis de mesa, futebol e futev\u00f4lei, \u00e9 jogado em esquema individual ou em duplas. Cada jogador ou dupla se posiciona de cada lado da mesa e o objetivo \u00e9 fazer com que o advers\u00e1rio n\u00e3o seja capaz de devolver a bola.<\/p>\n<p>S\u00e3o tr\u00eas toques para cada lado com os mesmos membros usados no futebol e no futev\u00f4lei: cabe\u00e7a, ombro, coxa, peito e p\u00e9. N\u00e3o se pode tocar nem na bola nem na mesa com m\u00e3os e bra\u00e7os. Mas pode-se subir na mesa com os p\u00e9s.<\/p>\n<p>O post <a rel=\"nofollow noopener\" href=\"https:\/\/wscom.com.br\/prefeitura-de-joao-pessoa-promove-3a-etapa-de-campeonato-de-futmesa-no-novo-sao-jose\/\" target=\"_blank\">Prefeitura de Jo\u00e3o Pessoa promove 3\u00aa etapa de campeonato de futmesa no Novo S\u00e3o Jos\u00e9<\/a> apareceu primeiro em <a rel=\"nofollow noopener\" href=\"https:\/\/wscom.com.br\/\" target=\"_blank\">WSCOM<\/a>.<\/p>\n","protected":false},"excerpt":{"rendered":"<p>A Secretaria de Juventude, Esportes e Recrea\u00e7\u00e3o (Sejer) da Prefeitura de Jo\u00e3o Pessoa e a Central \u00danica das Favelas (Cufa) promoveram, neste s\u00e1bado (15), a 3\u00aa etapa do Torneio das Comunidades, na modalidade futmesa, que aconteceu no Residencial Novo S\u00e3o Jos\u00e9, em Mana\u00edra. Ao todo, a competi\u00e7\u00e3o possui quatro etapas, onde cada uma conta com [\u2026]<\/p>\n<p>O post <a rel=\"nofollow\" href=\"https:\/\/wscom.com.br\/prefeitura-de-joao-pessoa-promove-3a-etapa-de-campeonato-de-futmesa-no-novo-sao-jose\/\">Prefeitura de Jo\u00e3o Pessoa promove 3\u00aa etapa de campeonato de futmesa no Novo S\u00e3o Jos\u00e9<\/a> apareceu primeiro em <a rel=\"nofollow\" href=\"https:\/\/wscom.com.br\/\">WSCOM<\/a>.<\/p>\n","protected":false},"author":49,"featured_media":0,"comment_status":"closed","ping_status":"closed","sticky":false,"template":"","format":"standard","meta":{"advgb_blocks_editor_width":"","advgb_blocks_columns_visual_guide":"","footnotes":""},"categories":[6401,207,34,6402,2017,6403],"tags":[35],"class_list":["post-25694","post","type-post","status-publish","format-standard","hentry","category-campeonato-de-futmesa","category-esporte","category-g1","category-novo-sao-jose","category-prefeitura-de-joao-pessoa","category-torneio-das-comunidades","tag-g1"],"author_meta":{"display_name":"Cristiane Cavalcante","author_link":"https:\/\/sindaopcpb.org.br\/author\/cristiane-cavalcante\/"},"featured_img":null,"coauthors":[],"tax_additional":{"categories":{"linked":["<a href=\"https:\/\/sindaopcpb.org.br\/campeonato-de-futmesa\/\" class=\"advgb-post-tax-term\">campeonato de futmesa<\/a>","<a href=\"https:\/\/sindaopcpb.org.br\/esporte\/\" class=\"advgb-post-tax-term\">Esporte<\/a>","<a href=\"https:\/\/sindaopcpb.org.br\/g1\/\" class=\"advgb-post-tax-term\">G1<\/a>","<a href=\"https:\/\/sindaopcpb.org.br\/novo-sao-jose\/\" class=\"advgb-post-tax-term\">Novo S\u00e3o Jos\u00e9<\/a>","<a href=\"https:\/\/sindaopcpb.org.br\/prefeitura-de-joao-pessoa\/\" class=\"advgb-post-tax-term\">Prefeitura de Jo\u00e3o Pessoa<\/a>","<a href=\"https:\/\/sindaopcpb.org.br\/torneio-das-comunidades\/\" class=\"advgb-post-tax-term\">Torneio das Comunidades<\/a>"],"unlinked":["<span class=\"advgb-post-tax-term\">campeonato de futmesa<\/span>","<span class=\"advgb-post-tax-term\">Esporte<\/span>","<span class=\"advgb-post-tax-term\">G1<\/span>","<span class=\"advgb-post-tax-term\">Novo S\u00e3o Jos\u00e9<\/span>","<span class=\"advgb-post-tax-term\">Prefeitura de Jo\u00e3o Pessoa<\/span>","<span class=\"advgb-post-tax-term\">Torneio das Comunidades<\/span>"]},"tags":{"linked":["<a href=\"https:\/\/sindaopcpb.org.br\/torneio-das-comunidades\/\" class=\"advgb-post-tax-term\">g1<\/a>"],"unlinked":["<span class=\"advgb-post-tax-term\">g1<\/span>"]}},"comment_count":"0","relative_dates":{"created":"Publicado 3 anos atr\u00e1s","modified":"Atualizado 3 anos atr\u00e1s"},"absolute_dates":{"created":"Publicado em 15 de julho de 2023","modified":"Atualizado em 15 de julho de 2023"},"absolute_dates_time":{"created":"Publicado em 15 de julho de 2023 15:01","modified":"Atualizado em 15 de julho de 2023 15:01"},"featured_img_caption":"","series_order":"","_links":{"self":[{"href":"https:\/\/sindaopcpb.org.br\/index.php\/wp-json\/wp\/v2\/posts\/25694","targetHints":{"allow":["GET"]}}],"collection":[{"href":"https:\/\/sindaopcpb.org.br\/index.php\/wp-json\/wp\/v2\/posts"}],"about":[{"href":"https:\/\/sindaopcpb.org.br\/index.php\/wp-json\/wp\/v2\/types\/post"}],"author":[{"embeddable":true,"href":"https:\/\/sindaopcpb.org.br\/index.php\/wp-json\/wp\/v2\/users\/49"}],"replies":[{"embeddable":true,"href":"https:\/\/sindaopcpb.org.br\/index.php\/wp-json\/wp\/v2\/comments?post=25694"}],"version-history":[{"count":1,"href":"https:\/\/sindaopcpb.org.br\/index.php\/wp-json\/wp\/v2\/posts\/25694\/revisions"}],"predecessor-version":[{"id":25695,"href":"https:\/\/sindaopcpb.org.br\/index.php\/wp-json\/wp\/v2\/posts\/25694\/revisions\/25695"}],"wp:attachment":[{"href":"https:\/\/sindaopcpb.org.br\/index.php\/wp-json\/wp\/v2\/media?parent=25694"}],"wp:term":[{"taxonomy":"category","embeddable":true,"href":"https:\/\/sindaopcpb.org.br\/index.php\/wp-json\/wp\/v2\/categories?post=25694"},{"taxonomy":"post_tag","embeddable":true,"href":"https:\/\/sindaopcpb.org.br\/index.php\/wp-json\/wp\/v2\/tags?post=25694"}],"curies":[{"name":"wp","href":"https:\/\/api.w.org\/{rel}","templated":true}]}}