{"id":25692,"date":"2023-07-15T15:19:08","date_gmt":"2023-07-15T18:19:08","guid":{"rendered":"https:\/\/wpa.wscom.com.br\/?p=911979"},"modified":"2023-07-15T15:19:08","modified_gmt":"2023-07-15T18:19:08","slug":"funjope-abre-inscricoes-para-2a-mostra-de-danca-de-joao-pessoa","status":"publish","type":"post","link":"https:\/\/sindaopcpb.org.br\/index.php\/2023\/07\/15\/funjope-abre-inscricoes-para-2a-mostra-de-danca-de-joao-pessoa\/","title":{"rendered":"Funjope abre inscri\u00e7\u00f5es para 2\u00aa Mostra de Dan\u00e7a de Jo\u00e3o Pessoa"},"content":{"rendered":"<p>Est\u00e3o abertas, at\u00e9 o pr\u00f3ximo dia 23, as inscri\u00e7\u00f5es para a 2\u00aa Mostra de Dan\u00e7a de Jo\u00e3o Pessoa, que acontece no dia 29 de julho, a partir das 17h, no Parque Solon de Lucena, dentro da programa\u00e7\u00e3o da Festa das Neves. O evento contar\u00e1 com a participa\u00e7\u00e3o da Companhia Municipal de Dan\u00e7a de Jo\u00e3o Pessoa.<\/p>\n<p>Podem participar da Mostra artistas, escolas e est\u00fadios de dan\u00e7a do munic\u00edpio. Os interessados devem se inscrever acessando o\u00a0<a href=\"https:\/\/docs.google.com\/forms\/d\/e\/1FAIpQLSfwx3HS0uHD8O0CXvHRjiDC_BoC-u_htmjB-daaP3xP52v-ng\/viewform?vc=0&amp;c=0&amp;w=1&amp;flr=0.\" rel=\"nofollow noopener\" target=\"_blank\">link<\/a>.<\/p>\n<p>\u201cEste \u00e9 o segundo ano em que realizamos uma mostra de dan\u00e7a durante a Festa das Neves como forma de estimular n\u00e3o s\u00f3 a nossa Companhia de Dan\u00e7a Municipal, mas, sobretudo, as escolas e os est\u00fadios de dan\u00e7a da cidade que s\u00e3o muito presentes e atuantes. Eles t\u00eam mostrado uma ades\u00e3o important\u00edssima no nosso projeto de pol\u00edtica de dan\u00e7a. A Festa das Neves \u00e9 importante porque podemos, inclusive, democratizar a dan\u00e7a para mais pessoas da cidade, formando um p\u00fablico para nossa dan\u00e7a\u201d, declarou o diretor executivo da Funjope, Marcus Alves.<\/p>\n<p>De acordo com a Divis\u00e3o de Dan\u00e7a da Funjope, ser\u00e3o escolhidas 20 apresenta\u00e7\u00f5es. Para esclarecer qualquer d\u00favida, basta acionar o setor atrav\u00e9s do e-mail\u00a0<a href=\"mailto:funjopedanca@gmail.com\">funjopedanca@gmail.com<\/a>.<\/p>\n<figure class=\"wp-block-gallery has-nested-images columns-default is-cropped wp-block-gallery-3 is-layout-flex\">\n<figure class=\"wp-block-image size-large\"><\/figure>\n<p><img decoding=\"async\" loading=\"lazy\" class=\"wp-image-318360\" src=\"https:\/\/www.joaopessoa.pb.gov.br\/wp-content\/uploads\/2023\/07\/Funjope_mostra-de-danca-2-1024x673.jpg\" sizes=\"auto, (max-width: 1024px) 100vw, 1024px\" srcset=\"https:\/\/www.joaopessoa.pb.gov.br\/wp-content\/uploads\/2023\/07\/Funjope_mostra-de-danca-2-1024x673.jpg 1024w, https:\/\/www.joaopessoa.pb.gov.br\/wp-content\/uploads\/2023\/07\/Funjope_mostra-de-danca-2-768x505.jpg 768w, https:\/\/www.joaopessoa.pb.gov.br\/wp-content\/uploads\/2023\/07\/Funjope_mostra-de-danca-2.jpg 1080w\" alt=\"\" width=\"1024\" height=\"673\" data-id=\"318360\" title=\"\"><\/p>\n<p><img decoding=\"async\" loading=\"lazy\" class=\"wp-image-318361\" src=\"https:\/\/www.joaopessoa.pb.gov.br\/wp-content\/uploads\/2023\/07\/Funjope_mostra-de-danca-1024x641.jpg\" sizes=\"auto, (max-width: 1024px) 100vw, 1024px\" srcset=\"https:\/\/www.joaopessoa.pb.gov.br\/wp-content\/uploads\/2023\/07\/Funjope_mostra-de-danca-1024x641.jpg 1024w, https:\/\/www.joaopessoa.pb.gov.br\/wp-content\/uploads\/2023\/07\/Funjope_mostra-de-danca-768x481.jpg 768w, https:\/\/www.joaopessoa.pb.gov.br\/wp-content\/uploads\/2023\/07\/Funjope_mostra-de-danca.jpg 1080w\" alt=\"\" width=\"1024\" height=\"641\" data-id=\"318361\" title=\"\"><\/p>\n<figure class=\"wp-block-image size-large\"><\/figure>\n<\/figure>\n<p><strong>Regras \u2013<\/strong>\u00a0Uma das orienta\u00e7\u00f5es \u00e9 que as obras sejam de classifica\u00e7\u00e3o livre. Tamb\u00e9m n\u00e3o poder\u00e3o ser utilizados elementos como \u00e1gua, fogo ou qualquer outro que possa prejudicar as demais apresenta\u00e7\u00f5es. Tamb\u00e9m n\u00e3o ser\u00e1 permitido uso de cen\u00e1rio.<\/p>\n<p>\u201cA dan\u00e7a em Jo\u00e3o Pessoa tem um p\u00fablico consolidado e, assim como aconteceu em 2022, a Mostra de Dan\u00e7a contribui para fortalecer e estimular os est\u00fadios e as escolas de dan\u00e7a da cidade em parceria com a Companhia Municipal de Dan\u00e7a de Jo\u00e3o Pessoa\u201d, ressaltou o diretor.<\/p>\n<p>O post <a rel=\"nofollow noopener\" href=\"https:\/\/wscom.com.br\/funjope-abre-inscricoes-para-2a-mostra-de-danca-de-joao-pessoa\/\" target=\"_blank\">Funjope abre inscri\u00e7\u00f5es para 2\u00aa Mostra de Dan\u00e7a de Jo\u00e3o Pessoa<\/a> apareceu primeiro em <a rel=\"nofollow noopener\" href=\"https:\/\/wscom.com.br\/\" target=\"_blank\">WSCOM<\/a>.<\/p>\n","protected":false},"excerpt":{"rendered":"<p>Est\u00e3o abertas, at\u00e9 o pr\u00f3ximo dia 23, as inscri\u00e7\u00f5es para a 2\u00aa Mostra de Dan\u00e7a de Jo\u00e3o Pessoa, que acontece no dia 29 de julho, a partir das 17h, no Parque Solon de Lucena, dentro da programa\u00e7\u00e3o da Festa das Neves. O evento contar\u00e1 com a participa\u00e7\u00e3o da Companhia Municipal de Dan\u00e7a de Jo\u00e3o Pessoa. [\u2026]<\/p>\n<p>O post <a rel=\"nofollow\" href=\"https:\/\/wscom.com.br\/funjope-abre-inscricoes-para-2a-mostra-de-danca-de-joao-pessoa\/\">Funjope abre inscri\u00e7\u00f5es para 2\u00aa Mostra de Dan\u00e7a de Jo\u00e3o Pessoa<\/a> apareceu primeiro em <a rel=\"nofollow\" href=\"https:\/\/wscom.com.br\/\">WSCOM<\/a>.<\/p>\n","protected":false},"author":49,"featured_media":0,"comment_status":"closed","ping_status":"closed","sticky":false,"template":"","format":"standard","meta":{"advgb_blocks_editor_width":"","advgb_blocks_columns_visual_guide":"","footnotes":""},"categories":[6400,170,6206,3472,34],"tags":[35],"class_list":["post-25692","post","type-post","status-publish","format-standard","hentry","category-companhia-municipal-de-danca","category-cultura","category-festa-das-neves","category-funjope","category-g1","tag-g1"],"author_meta":{"display_name":"Cristiane Cavalcante","author_link":"https:\/\/sindaopcpb.org.br\/author\/cristiane-cavalcante\/"},"featured_img":null,"coauthors":[],"tax_additional":{"categories":{"linked":["<a href=\"https:\/\/sindaopcpb.org.br\/companhia-municipal-de-danca\/\" class=\"advgb-post-tax-term\">Companhia Municipal de Dan\u00e7a<\/a>","<a href=\"https:\/\/sindaopcpb.org.br\/cultura\/\" class=\"advgb-post-tax-term\">Cultura<\/a>","<a href=\"https:\/\/sindaopcpb.org.br\/festa-das-neves\/\" class=\"advgb-post-tax-term\">festa das neves<\/a>","<a href=\"https:\/\/sindaopcpb.org.br\/funjope\/\" class=\"advgb-post-tax-term\">funjope<\/a>","<a href=\"https:\/\/sindaopcpb.org.br\/g1\/\" class=\"advgb-post-tax-term\">G1<\/a>"],"unlinked":["<span class=\"advgb-post-tax-term\">Companhia Municipal de Dan\u00e7a<\/span>","<span class=\"advgb-post-tax-term\">Cultura<\/span>","<span class=\"advgb-post-tax-term\">festa das neves<\/span>","<span class=\"advgb-post-tax-term\">funjope<\/span>","<span class=\"advgb-post-tax-term\">G1<\/span>"]},"tags":{"linked":["<a href=\"https:\/\/sindaopcpb.org.br\/g1\/\" class=\"advgb-post-tax-term\">g1<\/a>"],"unlinked":["<span class=\"advgb-post-tax-term\">g1<\/span>"]}},"comment_count":"0","relative_dates":{"created":"Publicado 3 anos atr\u00e1s","modified":"Atualizado 3 anos atr\u00e1s"},"absolute_dates":{"created":"Publicado em 15 de julho de 2023","modified":"Atualizado em 15 de julho de 2023"},"absolute_dates_time":{"created":"Publicado em 15 de julho de 2023 15:19","modified":"Atualizado em 15 de julho de 2023 15:19"},"featured_img_caption":"","series_order":"","_links":{"self":[{"href":"https:\/\/sindaopcpb.org.br\/index.php\/wp-json\/wp\/v2\/posts\/25692","targetHints":{"allow":["GET"]}}],"collection":[{"href":"https:\/\/sindaopcpb.org.br\/index.php\/wp-json\/wp\/v2\/posts"}],"about":[{"href":"https:\/\/sindaopcpb.org.br\/index.php\/wp-json\/wp\/v2\/types\/post"}],"author":[{"embeddable":true,"href":"https:\/\/sindaopcpb.org.br\/index.php\/wp-json\/wp\/v2\/users\/49"}],"replies":[{"embeddable":true,"href":"https:\/\/sindaopcpb.org.br\/index.php\/wp-json\/wp\/v2\/comments?post=25692"}],"version-history":[{"count":1,"href":"https:\/\/sindaopcpb.org.br\/index.php\/wp-json\/wp\/v2\/posts\/25692\/revisions"}],"predecessor-version":[{"id":25693,"href":"https:\/\/sindaopcpb.org.br\/index.php\/wp-json\/wp\/v2\/posts\/25692\/revisions\/25693"}],"wp:attachment":[{"href":"https:\/\/sindaopcpb.org.br\/index.php\/wp-json\/wp\/v2\/media?parent=25692"}],"wp:term":[{"taxonomy":"category","embeddable":true,"href":"https:\/\/sindaopcpb.org.br\/index.php\/wp-json\/wp\/v2\/categories?post=25692"},{"taxonomy":"post_tag","embeddable":true,"href":"https:\/\/sindaopcpb.org.br\/index.php\/wp-json\/wp\/v2\/tags?post=25692"}],"curies":[{"name":"wp","href":"https:\/\/api.w.org\/{rel}","templated":true}]}}