{"id":25686,"date":"2023-07-15T16:18:01","date_gmt":"2023-07-15T19:18:01","guid":{"rendered":"https:\/\/wpa.wscom.com.br\/?p=911986"},"modified":"2023-07-15T16:18:01","modified_gmt":"2023-07-15T19:18:01","slug":"vasco-oficializa-argentino-ramon-diaz-como-tecnico","status":"publish","type":"post","link":"https:\/\/sindaopcpb.org.br\/index.php\/2023\/07\/15\/vasco-oficializa-argentino-ramon-diaz-como-tecnico\/","title":{"rendered":"Vasco oficializa argentino Ram\u00f3n D\u00edaz como t\u00e9cnico"},"content":{"rendered":"<p>O Vasco confirmou a contrata\u00e7\u00e3o do t\u00e9cnico Ram\u00f3n D\u00edaz na manh\u00e3 deste s\u00e1bado (15). O v\u00ednculo do comandante com o Cruz-maltino ser\u00e1 at\u00e9 o final de 2024. O \u00faltimo trabalho do treinador foi no Al Hilal, da Ar\u00e1bia Saudita. Pelo clube, D\u00edaz foi vice-campe\u00e3o do mundial e na campanha eliminou o Flamengo por 3 a 2, no Marrocos.<img decoding=\"async\" src=\"https:\/\/agenciabrasil.ebc.com.br\/ebc.png?id=1544037&amp;o=node\" alt=\"\" title=\"\"><img decoding=\"async\" src=\"https:\/\/agenciabrasil.ebc.com.br\/ebc.gif?id=1544037&amp;o=node\" alt=\"\" title=\"\"><\/p>\n<p>Al\u00e9m do argentino, campe\u00e3o da Libertadores pelo River Plate em 1996, chegaram ao Rio de Janeiro os auxiliares Emiliano D\u00edaz e Juan Romanazzi, o preparador f\u00edsico Diego Pereira e o analista de desempenho Damian Paz.<\/p>\n<p>A estreia de Ram\u00f3n Diaz \u00e0 frente do Vasco ser\u00e1 apenas no dia 23, contra o Athletico-PR, em S\u00e3o Janu\u00e1rio, pela 16\u00aa rodada do Brasileir\u00e3o.<\/p>\n<p>D\u00edaz assume o posto de Maur\u00edcio Barbieri, demitido depois de perder para o Goi\u00e1s em 22 do junho. As \u00faltimas tr\u00eas partidas do time carioca foram sob o comando do interino William Batista, com vit\u00f3ria sobre o Cuiab\u00e1 e derrotas para o Botafogo e Cruzeiro.<\/p>\n<p>O Vasco est\u00e1 em 19\u00ba no Brasileir\u00e3o, com nove pontos em 14 rodadas e quatro pontos atr\u00e1s do Bahia, primeiro clube fora da zona de rebaixamento.<\/p>\n<p>O post <a rel=\"nofollow noopener\" href=\"https:\/\/wscom.com.br\/vasco-oficializa-argentino-ramon-diaz-como-tecnico\/\" target=\"_blank\">Vasco oficializa argentino Ram\u00f3n D\u00edaz como t\u00e9cnico<\/a> apareceu primeiro em <a rel=\"nofollow noopener\" href=\"https:\/\/wscom.com.br\/\" target=\"_blank\">WSCOM<\/a>.<\/p>\n","protected":false},"excerpt":{"rendered":"<p>O Vasco confirmou a contrata\u00e7\u00e3o do t\u00e9cnico Ram\u00f3n D\u00edaz na manh\u00e3 deste s\u00e1bado (15). O v\u00ednculo do comandante com o Cruz-maltino ser\u00e1 at\u00e9 o final de 2024. O \u00faltimo trabalho do treinador foi no Al Hilal, da Ar\u00e1bia Saudita. Pelo clube, D\u00edaz foi vice-campe\u00e3o do mundial e na campanha eliminou o Flamengo por 3 a [\u2026]<\/p>\n<p>O post <a rel=\"nofollow\" href=\"https:\/\/wscom.com.br\/vasco-oficializa-argentino-ramon-diaz-como-tecnico\/\">Vasco oficializa argentino Ram\u00f3n D\u00edaz como t\u00e9cnico<\/a> apareceu primeiro em <a rel=\"nofollow\" href=\"https:\/\/wscom.com.br\/\">WSCOM<\/a>.<\/p>\n","protected":false},"author":49,"featured_media":0,"comment_status":"closed","ping_status":"closed","sticky":false,"template":"","format":"standard","meta":{"advgb_blocks_editor_width":"","advgb_blocks_columns_visual_guide":"","footnotes":""},"categories":[6392,79,34,6393,1138],"tags":[35],"class_list":["post-25686","post","type-post","status-publish","format-standard","hentry","category-argentino-ramon-diaz","category-futebol","category-g1","category-tecnico-de-futebol","category-vasco","tag-g1"],"author_meta":{"display_name":"Cristiane Cavalcante","author_link":"https:\/\/sindaopcpb.org.br\/author\/cristiane-cavalcante\/"},"featured_img":null,"coauthors":[],"tax_additional":{"categories":{"linked":["<a href=\"https:\/\/sindaopcpb.org.br\/argentino-ramon-diaz\/\" class=\"advgb-post-tax-term\">argentino Ram\u00f3n D\u00edaz<\/a>","<a href=\"https:\/\/sindaopcpb.org.br\/futebol\/\" class=\"advgb-post-tax-term\">Futebol<\/a>","<a href=\"https:\/\/sindaopcpb.org.br\/g1\/\" class=\"advgb-post-tax-term\">G1<\/a>","<a href=\"https:\/\/sindaopcpb.org.br\/tecnico-de-futebol\/\" class=\"advgb-post-tax-term\">t\u00e9cnico de futebol<\/a>","<a href=\"https:\/\/sindaopcpb.org.br\/vasco\/\" class=\"advgb-post-tax-term\">Vasco<\/a>"],"unlinked":["<span class=\"advgb-post-tax-term\">argentino Ram\u00f3n D\u00edaz<\/span>","<span class=\"advgb-post-tax-term\">Futebol<\/span>","<span class=\"advgb-post-tax-term\">G1<\/span>","<span class=\"advgb-post-tax-term\">t\u00e9cnico de futebol<\/span>","<span class=\"advgb-post-tax-term\">Vasco<\/span>"]},"tags":{"linked":["<a href=\"https:\/\/sindaopcpb.org.br\/vasco\/\" class=\"advgb-post-tax-term\">g1<\/a>"],"unlinked":["<span class=\"advgb-post-tax-term\">g1<\/span>"]}},"comment_count":"0","relative_dates":{"created":"Publicado 3 anos atr\u00e1s","modified":"Atualizado 3 anos atr\u00e1s"},"absolute_dates":{"created":"Publicado em 15 de julho de 2023","modified":"Atualizado em 15 de julho de 2023"},"absolute_dates_time":{"created":"Publicado em 15 de julho de 2023 16:18","modified":"Atualizado em 15 de julho de 2023 16:18"},"featured_img_caption":"","series_order":"","_links":{"self":[{"href":"https:\/\/sindaopcpb.org.br\/index.php\/wp-json\/wp\/v2\/posts\/25686","targetHints":{"allow":["GET"]}}],"collection":[{"href":"https:\/\/sindaopcpb.org.br\/index.php\/wp-json\/wp\/v2\/posts"}],"about":[{"href":"https:\/\/sindaopcpb.org.br\/index.php\/wp-json\/wp\/v2\/types\/post"}],"author":[{"embeddable":true,"href":"https:\/\/sindaopcpb.org.br\/index.php\/wp-json\/wp\/v2\/users\/49"}],"replies":[{"embeddable":true,"href":"https:\/\/sindaopcpb.org.br\/index.php\/wp-json\/wp\/v2\/comments?post=25686"}],"version-history":[{"count":1,"href":"https:\/\/sindaopcpb.org.br\/index.php\/wp-json\/wp\/v2\/posts\/25686\/revisions"}],"predecessor-version":[{"id":25687,"href":"https:\/\/sindaopcpb.org.br\/index.php\/wp-json\/wp\/v2\/posts\/25686\/revisions\/25687"}],"wp:attachment":[{"href":"https:\/\/sindaopcpb.org.br\/index.php\/wp-json\/wp\/v2\/media?parent=25686"}],"wp:term":[{"taxonomy":"category","embeddable":true,"href":"https:\/\/sindaopcpb.org.br\/index.php\/wp-json\/wp\/v2\/categories?post=25686"},{"taxonomy":"post_tag","embeddable":true,"href":"https:\/\/sindaopcpb.org.br\/index.php\/wp-json\/wp\/v2\/tags?post=25686"}],"curies":[{"name":"wp","href":"https:\/\/api.w.org\/{rel}","templated":true}]}}