{"id":25677,"date":"2023-07-15T14:20:32","date_gmt":"2023-07-15T17:20:32","guid":{"rendered":"https:\/\/wpa.wscom.com.br\/?p=911971"},"modified":"2023-07-15T14:20:32","modified_gmt":"2023-07-15T17:20:32","slug":"queiroga-minimiza-atrito-com-nilvan-walber-e-cabo-gilberto-e-cre-em-reversao-da-inelegibilidade-de-bolsonaro","status":"publish","type":"post","link":"https:\/\/sindaopcpb.org.br\/index.php\/2023\/07\/15\/queiroga-minimiza-atrito-com-nilvan-walber-e-cabo-gilberto-e-cre-em-reversao-da-inelegibilidade-de-bolsonaro\/","title":{"rendered":"Queiroga minimiza atrito com Nilvan, Walber e Cabo Gilberto e cr\u00ea em revers\u00e3o da inelegibilidade de Bolsonaro"},"content":{"rendered":"<p>&nbsp;<\/p>\n<p>&nbsp;<\/p>\n<p><span style=\"font-weight: 400;\">O ex-ministro da Sa\u00fade Marcelo Queiroga refor\u00e7ou que sua pr\u00e9-candidatura a prefeito de Jo\u00e3o Pessoa est\u00e1 confirmada, durante evento do PL Mulher em Cabedelo, neste s\u00e1bado (15).<\/span><\/p>\n<p><span style=\"font-weight: 400;\">\u201cNosso presidente Valdemar Costa Neto j\u00e1 lan\u00e7ou nossa pr\u00e9-candidatura em um evento muito prestigiado na sede do Partido Liberal em Bras\u00edlia, n\u00f3s temos um partido forte e esse evento \u00e9 a prova disso. As mulheres todas entusiasmadas com a chegada da nossa eterna primeira-dama, de verdade, Michelle Bolsonaro\u201d, declarou.<\/span><\/p>\n<p><iframe loading=\"lazy\" title=\"Queiroga minimiza atrito com Nilvan, Walber e Cabo Gilberto\" width=\"600\" height=\"338\" src=\"https:\/\/www.youtube.com\/embed\/YGgNM7ukTuA?feature=oembed\" frameborder=\"0\" allow=\"accelerometer; autoplay; clipboard-write; encrypted-media; gyroscope; picture-in-picture; web-share\" allowfullscreen><\/iframe><\/p>\n<p><span style=\"font-weight: 400;\">Ele ainda minimizou as discord\u00e2ncias dentro do PL por meio do deputado federal Cabo Gilberto, do deputado estadual Walber Virgolino e do comunicador Nilvan Ferreira, que n\u00e3o estiveram no evento.\u00a0<\/span><\/p>\n<p><span style=\"font-weight: 400;\">\u201cOs partidos s\u00e3o agremia\u00e7\u00f5es democr\u00e1ticas, existem diversas correntes\u2026 n\u00f3s vamos trabalhar os nossos quadros para jogar em 2024 com time entrosado e ganhar as elei\u00e7\u00f5es, n\u00e3o s\u00f3 em Jo\u00e3o Pessoa, mas nos principais munic\u00edpios do Estado da Para\u00edba\u201d, disse.<\/span><\/p>\n<p><span style=\"font-weight: 400;\">Queiroga tamb\u00e9m advogou pela revers\u00e3o da condi\u00e7\u00e3o de inelegibilidade do ex-presidente Jair Bolsonaro, condenado pelo Tribunal Superior Eleitoral pel<\/span><span style=\"font-weight: 400;\">a pr\u00e1tica de abuso de poder pol\u00edtico e uso indevido dos meios de comunica\u00e7\u00e3o durante reuni\u00e3o realizada no Pal\u00e1cio da Alvorada com embaixadores estrangeiros no dia 18 de julho do ano passado.\u00a0<\/span><\/p>\n<p><span style=\"font-weight: 400;\">\u201cNingu\u00e9m torna ineleg\u00edvel uma ideia, o bolsonarismo \u00e9 uma ideia que habita no cora\u00e7\u00e3o dos brasileiros\u2026 ainda h\u00e1 possibilidade de recorrer \u00e0 justi\u00e7a, tanto no TSE quanto do STF, e n\u00e3o temos d\u00favida que Bolsonaro ser\u00e1 eleg\u00edvel em 2026 e ser\u00e1 novamente conduzido pelo \u00e0 Presid\u00eancia da Rep\u00fablica\u201d, pontuou.<\/span><\/p>\n<p>O post <a rel=\"nofollow noopener\" href=\"https:\/\/wscom.com.br\/queiroga-minimiza-atrito-com-nilvan-walber-e-cabo-gilberto-e-cre-em-reversao-da-inelegibilidade-de-bolsonaro\/\" target=\"_blank\">Queiroga minimiza atrito com Nilvan, Walber e Cabo Gilberto e cr\u00ea em revers\u00e3o da inelegibilidade de Bolsonaro<\/a> apareceu primeiro em <a rel=\"nofollow noopener\" href=\"https:\/\/wscom.com.br\/\" target=\"_blank\">WSCOM<\/a>.<\/p>\n","protected":false},"excerpt":{"rendered":"<p>\u00a0 \u00a0 O ex-ministro da Sa\u00fade Marcelo Queiroga refor\u00e7ou que sua pr\u00e9-candidatura a prefeito de Jo\u00e3o Pessoa est\u00e1 confirmada, durante evento do PL Mulher em Cabedelo, neste s\u00e1bado (15). \u201cNosso presidente Valdemar Costa Neto j\u00e1 lan\u00e7ou nossa pr\u00e9-candidatura em um evento muito prestigiado na sede do Partido Liberal em Bras\u00edlia, n\u00f3s temos um partido forte [\u2026]<\/p>\n<p>O post <a rel=\"nofollow\" href=\"https:\/\/wscom.com.br\/queiroga-minimiza-atrito-com-nilvan-walber-e-cabo-gilberto-e-cre-em-reversao-da-inelegibilidade-de-bolsonaro\/\">Queiroga minimiza atrito com Nilvan, Walber e Cabo Gilberto e cr\u00ea em revers\u00e3o da inelegibilidade de Bolsonaro<\/a> apareceu primeiro em <a rel=\"nofollow\" href=\"https:\/\/wscom.com.br\/\">WSCOM<\/a>.<\/p>\n","protected":false},"author":50,"featured_media":0,"comment_status":"closed","ping_status":"closed","sticky":false,"template":"","format":"standard","meta":{"advgb_blocks_editor_width":"","advgb_blocks_columns_visual_guide":"","footnotes":""},"categories":[509,34,510,47,2946],"tags":[35],"class_list":["post-25677","post","type-post","status-publish","format-standard","hentry","category-bolsonaro","category-g1","category-pl","category-politica","category-queiroga","tag-g1"],"author_meta":{"display_name":"Wallyson","author_link":"https:\/\/sindaopcpb.org.br\/author\/wallyson\/"},"featured_img":null,"coauthors":[],"tax_additional":{"categories":{"linked":["<a href=\"https:\/\/sindaopcpb.org.br\/bolsonaro\/\" class=\"advgb-post-tax-term\">bolsonaro<\/a>","<a href=\"https:\/\/sindaopcpb.org.br\/g1\/\" class=\"advgb-post-tax-term\">G1<\/a>","<a href=\"https:\/\/sindaopcpb.org.br\/pl\/\" class=\"advgb-post-tax-term\">pl<\/a>","<a href=\"https:\/\/sindaopcpb.org.br\/politica\/\" class=\"advgb-post-tax-term\">POLITICA<\/a>","<a href=\"https:\/\/sindaopcpb.org.br\/queiroga\/\" class=\"advgb-post-tax-term\">Queiroga<\/a>"],"unlinked":["<span class=\"advgb-post-tax-term\">bolsonaro<\/span>","<span class=\"advgb-post-tax-term\">G1<\/span>","<span class=\"advgb-post-tax-term\">pl<\/span>","<span class=\"advgb-post-tax-term\">POLITICA<\/span>","<span class=\"advgb-post-tax-term\">Queiroga<\/span>"]},"tags":{"linked":["<a href=\"https:\/\/sindaopcpb.org.br\/queiroga\/\" class=\"advgb-post-tax-term\">g1<\/a>"],"unlinked":["<span class=\"advgb-post-tax-term\">g1<\/span>"]}},"comment_count":"0","relative_dates":{"created":"Publicado 3 anos atr\u00e1s","modified":"Atualizado 3 anos atr\u00e1s"},"absolute_dates":{"created":"Publicado em 15 de julho de 2023","modified":"Atualizado em 15 de julho de 2023"},"absolute_dates_time":{"created":"Publicado em 15 de julho de 2023 14:20","modified":"Atualizado em 15 de julho de 2023 14:20"},"featured_img_caption":"","series_order":"","_links":{"self":[{"href":"https:\/\/sindaopcpb.org.br\/index.php\/wp-json\/wp\/v2\/posts\/25677","targetHints":{"allow":["GET"]}}],"collection":[{"href":"https:\/\/sindaopcpb.org.br\/index.php\/wp-json\/wp\/v2\/posts"}],"about":[{"href":"https:\/\/sindaopcpb.org.br\/index.php\/wp-json\/wp\/v2\/types\/post"}],"author":[{"embeddable":true,"href":"https:\/\/sindaopcpb.org.br\/index.php\/wp-json\/wp\/v2\/users\/50"}],"replies":[{"embeddable":true,"href":"https:\/\/sindaopcpb.org.br\/index.php\/wp-json\/wp\/v2\/comments?post=25677"}],"version-history":[{"count":1,"href":"https:\/\/sindaopcpb.org.br\/index.php\/wp-json\/wp\/v2\/posts\/25677\/revisions"}],"predecessor-version":[{"id":25678,"href":"https:\/\/sindaopcpb.org.br\/index.php\/wp-json\/wp\/v2\/posts\/25677\/revisions\/25678"}],"wp:attachment":[{"href":"https:\/\/sindaopcpb.org.br\/index.php\/wp-json\/wp\/v2\/media?parent=25677"}],"wp:term":[{"taxonomy":"category","embeddable":true,"href":"https:\/\/sindaopcpb.org.br\/index.php\/wp-json\/wp\/v2\/categories?post=25677"},{"taxonomy":"post_tag","embeddable":true,"href":"https:\/\/sindaopcpb.org.br\/index.php\/wp-json\/wp\/v2\/tags?post=25677"}],"curies":[{"name":"wp","href":"https:\/\/api.w.org\/{rel}","templated":true}]}}