{"id":25636,"date":"2023-07-15T07:38:51","date_gmt":"2023-07-15T10:38:51","guid":{"rendered":"https:\/\/g1.globo.com\/pb\/paraiba\/noticia\/2023\/07\/15\/comecam-inscricoes-em-cursos-gratuitos-de-ingles-frances-espanhol-alemao-e-libras-em-joao-pessoa.ghtml"},"modified":"2023-07-15T07:38:51","modified_gmt":"2023-07-15T10:38:51","slug":"comecam-inscricoes-em-cursos-gratuitos-de-ingles-frances-espanhol-alemao-e-libras-em-joao-pessoa","status":"publish","type":"post","link":"https:\/\/sindaopcpb.org.br\/index.php\/2023\/07\/15\/comecam-inscricoes-em-cursos-gratuitos-de-ingles-frances-espanhol-alemao-e-libras-em-joao-pessoa\/","title":{"rendered":"Come\u00e7am inscri\u00e7\u00f5es em cursos gratuitos de ingl\u00eas, franc\u00eas, espanhol, alem\u00e3o e Libras, em Jo\u00e3o Pessoa"},"content":{"rendered":"   <img src=\"https:\/\/s2.glbimg.com\/C67X0Cvuog-xjJ7x7IiAa7VTywo=\/i.s3.glbimg.com\/v1\/AUTH_59edd422c0c84a879bd37670ae4f538a\/internal_photos\/bs\/2022\/n\/Y\/z1uoUXQDig3sIz6GykEA\/celest.jpg\" \/><br \/>     Inscri\u00e7\u00f5es s\u00e3o feitas exclusivamente pela internet. Hor\u00e1rio de inscri\u00e7\u00e3o ser\u00e1 crit\u00e9rio de classifica\u00e7\u00e3o. Centro de L\u00ednguas Estrangeiras (Celest)\nPrefeitura de Jo\u00e3o Pessoa\nAs inscri\u00e7\u00f5es em 400 novas vagas para os cursos gratuitos de ingl\u00eas, franc\u00eas, espanhol, alem\u00e3o e L\u00edngua Brasileira de Sinais (Libras), oferecidos pelo Centro Escolar Municipal de L\u00ednguas Estrangeiras de Jo\u00e3o Pessoa (Celest-JP), come\u00e7am a partir das 8h deste s\u00e1bado (15). Os interessados devem ser inscrever exclusivamente pela internet.\n\ud83d\udda5\ufe0f P\u00e1gina para inscri\u00e7\u00f5es nos cursos de idiomas\nAs inscri\u00e7\u00f5es ser\u00e3o encerradas at\u00e9 \u00e0s 12h ou at\u00e9 o preenchimento das vagas ofertadas. O hor\u00e1rio da inscri\u00e7\u00e3o feita pelo candidato ser\u00e1 utilizado como crit\u00e9rio para a classifica\u00e7\u00e3o.\n\ud83d\udcf1 Compartilhe esta not\u00edcia pelo Whatsapp\nNeste s\u00e1bado, poder\u00e3o se inscrever servidores e professores da rede municipal de Jo\u00e3o Pessoa, al\u00e9m do p\u00fablico em geral, formado por pessoas maiores de 18 anos e que tenham conclu\u00eddo ou estejam cursando ao menos o 6 \u00ba ano do Ensino Fundamental II. \n Para os alunos da rede municipal as inscri\u00e7\u00f5es ser\u00e3o feitas apenas no dia 26 de julho.\nDurante a inscri\u00e7\u00e3o, todos os candidatos precisam informar um e-mail (obrigatoriamente gmail) para o preenchimento do formul\u00e1rio e recebimento da confirma\u00e7\u00e3o. Caso classificado, o candidato receber\u00e1 e-mail de convoca\u00e7\u00e3o com informa\u00e7\u00f5es sobre as datas para realiza\u00e7\u00e3o da matr\u00edcula.\nCaso seja classificado dentro das vagas ofertadas, o candidato receber\u00e1 um novo e-mail de convoca\u00e7\u00e3o no dia 18 de julho que o habilita a realizar a matr\u00edcula que dever\u00e1 ser efetuada de forma presencial nos dias 20, 21 e 24 de julho, na sede do Celest.\nO Centro fica localizado na Avenida Presidente Epit\u00e1cio Pessoa, n\u00ba 1840, bairro Expedicion\u00e1rios. As aulas ter\u00e3o in\u00edcio no dia 7 de agosto.\nMatr\u00edculas\nPara a matr\u00edcula os servidores e professores municipais dever\u00e3o apresentar a c\u00f3pia dos seguintes documentos:\nCPF;\nRG, certid\u00e3o de nascimento ou certid\u00e3o de casamento;\nComprovante de resid\u00eancia;\nComprovante de escolaridade;\nContracheque ou declara\u00e7\u00e3o do setor devidamente carimbada e assinada pelo chefe imediato;\nUma foto 3\u00d74.\nJ\u00e1 para o p\u00fablico em geral ser\u00e1 necess\u00e1rio apresentar as c\u00f3pias de:\nCPF;\nRG (certid\u00e3o de nascimento ou certid\u00e3o de casamento);\nComprovante de resid\u00eancia;\nComprovante de escolaridade;\nUma foto 3\u00d74.\nV\u00eddeos mais assistidos do g1 Para\u00edba  ","protected":false},"excerpt":{"rendered":"<p>        Inscri\u00e7\u00f5es s\u00e3o feitas exclusivamente pela internet. Hor\u00e1rio de inscri\u00e7\u00e3o ser\u00e1 crit\u00e9rio de classifica\u00e7\u00e3o. Centro de L\u00ednguas Estrangeiras (Celest)<br \/>\nPrefeitura de Jo\u00e3o Pessoa<br \/>\nAs inscri\u00e7\u00f5es em 400 novas vagas para os cursos gratuitos de ingl\u00eas, fran&#8230;<\/p>\n","protected":false},"author":2,"featured_media":0,"comment_status":"closed","ping_status":"closed","sticky":false,"template":"","format":"standard","meta":{"advgb_blocks_editor_width":"","advgb_blocks_columns_visual_guide":"","footnotes":""},"categories":[34],"tags":[35],"class_list":["post-25636","post","type-post","status-publish","format-standard","hentry","category-g1","tag-g1"],"author_meta":{"display_name":"g1 &gt; Para\u00edba","author_link":"https:\/\/sindaopcpb.org.br\/author\/g1-paraiba\/"},"featured_img":null,"coauthors":[],"tax_additional":{"categories":{"linked":["<a href=\"https:\/\/sindaopcpb.org.br\/g1\/\" class=\"advgb-post-tax-term\">G1<\/a>"],"unlinked":["<span class=\"advgb-post-tax-term\">G1<\/span>"]},"tags":{"linked":["<a href=\"https:\/\/sindaopcpb.org.br\/g1\/\" class=\"advgb-post-tax-term\">g1<\/a>"],"unlinked":["<span class=\"advgb-post-tax-term\">g1<\/span>"]}},"comment_count":"0","relative_dates":{"created":"Publicado 3 anos atr\u00e1s","modified":"Atualizado 3 anos atr\u00e1s"},"absolute_dates":{"created":"Publicado em 15 de julho de 2023","modified":"Atualizado em 15 de julho de 2023"},"absolute_dates_time":{"created":"Publicado em 15 de julho de 2023 07:38","modified":"Atualizado em 15 de julho de 2023 07:38"},"featured_img_caption":"","series_order":"","_links":{"self":[{"href":"https:\/\/sindaopcpb.org.br\/index.php\/wp-json\/wp\/v2\/posts\/25636","targetHints":{"allow":["GET"]}}],"collection":[{"href":"https:\/\/sindaopcpb.org.br\/index.php\/wp-json\/wp\/v2\/posts"}],"about":[{"href":"https:\/\/sindaopcpb.org.br\/index.php\/wp-json\/wp\/v2\/types\/post"}],"author":[{"embeddable":true,"href":"https:\/\/sindaopcpb.org.br\/index.php\/wp-json\/wp\/v2\/users\/2"}],"replies":[{"embeddable":true,"href":"https:\/\/sindaopcpb.org.br\/index.php\/wp-json\/wp\/v2\/comments?post=25636"}],"version-history":[{"count":1,"href":"https:\/\/sindaopcpb.org.br\/index.php\/wp-json\/wp\/v2\/posts\/25636\/revisions"}],"predecessor-version":[{"id":25637,"href":"https:\/\/sindaopcpb.org.br\/index.php\/wp-json\/wp\/v2\/posts\/25636\/revisions\/25637"}],"wp:attachment":[{"href":"https:\/\/sindaopcpb.org.br\/index.php\/wp-json\/wp\/v2\/media?parent=25636"}],"wp:term":[{"taxonomy":"category","embeddable":true,"href":"https:\/\/sindaopcpb.org.br\/index.php\/wp-json\/wp\/v2\/categories?post=25636"},{"taxonomy":"post_tag","embeddable":true,"href":"https:\/\/sindaopcpb.org.br\/index.php\/wp-json\/wp\/v2\/tags?post=25636"}],"curies":[{"name":"wp","href":"https:\/\/api.w.org\/{rel}","templated":true}]}}