{"id":25620,"date":"2023-07-14T18:42:30","date_gmt":"2023-07-14T21:42:30","guid":{"rendered":"https:\/\/wpa.wscom.com.br\/?p=911862"},"modified":"2023-07-14T18:42:30","modified_gmt":"2023-07-14T21:42:30","slug":"volta-ciclistica-de-joao-pessoa-acontece-neste-domingo-16","status":"publish","type":"post","link":"https:\/\/sindaopcpb.org.br\/index.php\/2023\/07\/14\/volta-ciclistica-de-joao-pessoa-acontece-neste-domingo-16\/","title":{"rendered":"Volta Cicl\u00edstica de Jo\u00e3o Pessoa acontece neste domingo (16)"},"content":{"rendered":"<p>O maior festival de ciclismo do Nordeste, a\u00a0<strong>Volta Cicl\u00edstica de Jo\u00e3o Pessoa | Cannondale 2023<\/strong>, acontece neste pr\u00f3ximo domingo (16), a partir das 06h, no Centro de Conven\u00e7\u00f5es.<\/p>\n<p>O evento ter\u00e1 tr\u00eas modalidades de competi\u00e7\u00e3o: MTB, Speed e Kids. Com um percurso de 36 quil\u00f4metros, a categoria MTB (Mountain Bike) ter\u00e1 3 voltas, saindo do Centro de Conven\u00e7\u00f5es, seguindo at\u00e9 a Esta\u00e7\u00e3o Cabo Branco &#8211; Ci\u00eancia, Cultura e Artes e voltando ao Centro de Conven\u00e7\u00f5es. A modalidade Speed ter\u00e1 48 quil\u00f4metros no mesmo percurso, ou seja, conta com uma volta a mais no trajeto. A categoria Kids ter\u00e1 2 voltas dentro do Centro de Conven\u00e7\u00f5es.<\/p>\n<p>Direcionado a entusiastas da modalidade esportiva, o evento tem o objetivo de aproximar os participantes da experi\u00eancia de uma competi\u00e7\u00e3o profissional de ciclismo e conta com inscritos de outros estados do Nordeste, como Alagoas, Rio Grande do Norte e Pernambuco.<\/p>\n<p><strong>Entrega dos Kits<\/strong><\/p>\n<p>A retirada dos kits pelos inscritos no evento vai acontecer na loja Track &amp; Field, localizada no bairro de Mana\u00edra, no endere\u00e7o Avenida Gen. Edson Ramalho, 913, nesta sexta-feira (14), das 10h \u00e0s 19h, e no s\u00e1bado (15) das 10h \u00e0s 17h, n\u00e3o havendo entrega no dia do evento.<\/p>\n<p>O kit somente poder\u00e1 ser retirado pelo(a) atleta inscrito mediante apresenta\u00e7\u00e3o do comprovante de inscri\u00e7\u00e3o e documento com foto, que pode ser digital ou impresso, e s\u00f3 poder\u00e1 ser efetuada por terceiros mediante apresenta\u00e7\u00e3o de c\u00f3pia impressa do comprovante de inscri\u00e7\u00e3o e do documento com foto do titular da inscri\u00e7\u00e3o.<\/p>\n<p><strong>Patrocinadores<\/strong><\/p>\n<p>Este ano o evento conta com os patroc\u00ednios de Cannondale, S\u00e3o Braz, Alliance, Free Force, Polar, HB, Gatorade, Michelob Ultra e Mais Cabelo.<\/p>\n<p>A Polar, marca de rel\u00f3gio esportivo finlandesa, vai premiar os primeiros os primeiros colocados, das competi\u00e7\u00f5es masculina e feminina de Speed e MTB, com o Rel\u00f3gio Polar Pacer, rel\u00f3gio esportivo com GPS que oferece aos novos atletas todos os itens essenciais, al\u00e9m das ferramentas de treino especializadas de que precisam para treinar melhor.<\/p>\n<p><strong>Servi\u00e7o &#8211; Volta Cicl\u00edstica de Jo\u00e3o Pessoa<\/strong><\/p>\n<p><strong>Data:<\/strong>\u00a016 de julho de 2023, a partir das 6 horas (concentra\u00e7\u00e3o e aquecimento)<\/p>\n<p><strong>Concentra\u00e7\u00e3o e Largadas:<\/strong>\u00a0Centro de Conven\u00e7\u00f5es de Jo\u00e3o Pessoa, Rodovia PB-008, Km &#8211; Polo Tur\u00edstico Cabo Branco.<\/p>\n<p><strong>In\u00edcio das Provas:<\/strong><\/p>\n<p>Categoria Speed &#8211; 6h00<\/p>\n<p>Categoria Kids &#8211; 7h50<\/p>\n<p>Categoria\u00a0 MTB &#8211; 8h10<\/p>\n<p><strong>Valores:\u00a0<\/strong><\/p>\n<p>ADULTO<\/p>\n<p>Kit Gold &#8211; R$160,00 (com camisa)<\/p>\n<p>Kit B\u00e1sico &#8211; R$110,00 (sem camisa)<\/p>\n<p>KIDS<\/p>\n<p>Kit Gold &#8211; R$100,00 (com camisa)<\/p>\n<p>Kit B\u00e1sico &#8211; R$40,00 (sem camisa)<\/p>\n<p><strong>Premia\u00e7\u00e3o<\/strong><\/p>\n<p>Ser\u00e3o premiados com trof\u00e9u e possivelmente brindes dos patrocinadores:<\/p>\n<p>&#8211; Os cinco primeiros (1\u00ba a 5\u00ba) colocados da Categoria Elite &#8211; Masculino \/ Feminino, da modalidade Speed;<\/p>\n<p>&#8211; Os cinco primeiros (1\u00ba a 5\u00ba) colocados da Categoria Elite &#8211; Masculino \/ Feminino, da modalidade MTB.<\/p>\n<p>&#8211; O primeiro (1\u00ba) colocado das categorias SPEED\/MTB &#8211; Masculina e Feminina &#8211; receber\u00e1 a Camisa Amarela do evento e tamb\u00e9m sua inscri\u00e7\u00e3o para pr\u00f3xima edi\u00e7\u00e3o, tem por obriga\u00e7\u00e3o tirar a foto oficial do evento com a mesma vestida;<\/p>\n<p>&#8211; Os 25 primeiros colocados das categorias SPEED\/MTB &#8211; Masculina e Feminina receber\u00e3o uma medalha especial, formando os TOP 25 de cada modalidade.<\/p>\n<p>\u00ba Speed | Masculino &#8211; 1\u00ba a 25\u00ba<\/p>\n<p>\u00ba Speed | Feminino &#8211; 1\u00aa a 25\u00aa<\/p>\n<p>\u00ba MTB | Masculino &#8211; 1\u00ba a 25\u00ba<\/p>\n<p>\u00ba MTB | Feminino &#8211; 1\u00aa a 25\u00aa<\/p>\n<p>&#8211; Classifica\u00e7\u00e3o das categorias por idade para os cinco primeiros (1\u00ba a 5\u00ba) Masculino \/ Feminino, nas modalidades MTB e Speed.<\/p>\n<p>&#8211; N\u00e3o teremos premia\u00e7\u00e3o e nem trof\u00e9us para as categorias por idade, apenas cerim\u00f4nia de p\u00f3dio com a medalha finish.<\/p>\n<p><strong>Local de entrega de kits:<\/strong>\u00a0Loja Track &amp; Field<\/p>\n<p><strong>Endere\u00e7o<\/strong>: Av. Gen. Edson Ramalho, 913 &#8211; Mana\u00edra, Jo\u00e3o Pessoa &#8211; PB, 58038-100<\/p>\n<p><strong>Datas:<\/strong>\u00a014\/07 &#8211; 10:00 \u00e0s 19:00 | 15\/07 &#8211; 10:00 \u00e0s 17:00<\/p>\n<p><strong>Inscri\u00e7\u00f5es e mais informa\u00e7\u00f5es:\u00a0<\/strong><a href=\"http:\/\/www.voltaciclisticajoaopessoa.com.br\/\" rel=\"noopener nofollow\" data-saferedirecturl=\"https:\/\/www.google.com\/url?q=http:\/\/www.voltaciclisticajoaopessoa.com.br&amp;source=gmail&amp;ust=1689451359016000&amp;usg=AOvVaw2IxOxbst-02CrETQgSUHAR\" target=\"_blank\">www.voltaciclisticajoaopessoa.<wbr \/>com.br<\/a><\/p>\n<p>O post <a rel=\"nofollow noopener\" href=\"https:\/\/wscom.com.br\/volta-ciclistica-de-joao-pessoa-acontece-neste-domingo-16\/\" target=\"_blank\">Volta Cicl\u00edstica de Jo\u00e3o Pessoa acontece neste domingo (16)<\/a> apareceu primeiro em <a rel=\"nofollow noopener\" href=\"https:\/\/wscom.com.br\/\" target=\"_blank\">WSCOM<\/a>.<\/p>\n","protected":false},"excerpt":{"rendered":"<p>O maior festival de ciclismo do Nordeste, a\u00a0Volta Cicl\u00edstica de Jo\u00e3o Pessoa | Cannondale 2023, acontece neste pr\u00f3ximo domingo (16), a partir das 06h, no Centro de Conven\u00e7\u00f5es. O evento ter\u00e1 tr\u00eas modalidades de competi\u00e7\u00e3o: MTB, Speed e Kids. Com um percurso de 36 quil\u00f4metros, a categoria MTB (Mountain Bike) ter\u00e1 3 voltas, saindo do [\u2026]<\/p>\n<p>O post <a rel=\"nofollow\" href=\"https:\/\/wscom.com.br\/volta-ciclistica-de-joao-pessoa-acontece-neste-domingo-16\/\">Volta Cicl\u00edstica de Jo\u00e3o Pessoa acontece neste domingo (16)<\/a> apareceu primeiro em <a rel=\"nofollow\" href=\"https:\/\/wscom.com.br\/\">WSCOM<\/a>.<\/p>\n","protected":false},"author":49,"featured_media":0,"comment_status":"closed","ping_status":"closed","sticky":false,"template":"","format":"standard","meta":{"advgb_blocks_editor_width":"","advgb_blocks_columns_visual_guide":"","footnotes":""},"categories":[6367,207,34,71,6368],"tags":[35],"class_list":["post-25620","post","type-post","status-publish","format-standard","hentry","category-ciclismo","category-esporte","category-g1","category-joao-pessoa","category-volta-ciclistica","tag-g1"],"author_meta":{"display_name":"Cristiane Cavalcante","author_link":"https:\/\/sindaopcpb.org.br\/author\/cristiane-cavalcante\/"},"featured_img":null,"coauthors":[],"tax_additional":{"categories":{"linked":["<a href=\"https:\/\/sindaopcpb.org.br\/ciclismo\/\" class=\"advgb-post-tax-term\">Ciclismo<\/a>","<a href=\"https:\/\/sindaopcpb.org.br\/esporte\/\" class=\"advgb-post-tax-term\">Esporte<\/a>","<a href=\"https:\/\/sindaopcpb.org.br\/g1\/\" class=\"advgb-post-tax-term\">G1<\/a>","<a href=\"https:\/\/sindaopcpb.org.br\/joao-pessoa\/\" class=\"advgb-post-tax-term\">Jo\u00e3o Pessoa<\/a>","<a href=\"https:\/\/sindaopcpb.org.br\/volta-ciclistica\/\" class=\"advgb-post-tax-term\">Volta Cicl\u00edstica<\/a>"],"unlinked":["<span class=\"advgb-post-tax-term\">Ciclismo<\/span>","<span class=\"advgb-post-tax-term\">Esporte<\/span>","<span class=\"advgb-post-tax-term\">G1<\/span>","<span class=\"advgb-post-tax-term\">Jo\u00e3o Pessoa<\/span>","<span class=\"advgb-post-tax-term\">Volta Cicl\u00edstica<\/span>"]},"tags":{"linked":["<a href=\"https:\/\/sindaopcpb.org.br\/volta-ciclistica\/\" class=\"advgb-post-tax-term\">g1<\/a>"],"unlinked":["<span class=\"advgb-post-tax-term\">g1<\/span>"]}},"comment_count":"0","relative_dates":{"created":"Publicado 3 anos atr\u00e1s","modified":"Atualizado 3 anos atr\u00e1s"},"absolute_dates":{"created":"Publicado em 14 de julho de 2023","modified":"Atualizado em 14 de julho de 2023"},"absolute_dates_time":{"created":"Publicado em 14 de julho de 2023 18:42","modified":"Atualizado em 14 de julho de 2023 18:42"},"featured_img_caption":"","series_order":"","_links":{"self":[{"href":"https:\/\/sindaopcpb.org.br\/index.php\/wp-json\/wp\/v2\/posts\/25620","targetHints":{"allow":["GET"]}}],"collection":[{"href":"https:\/\/sindaopcpb.org.br\/index.php\/wp-json\/wp\/v2\/posts"}],"about":[{"href":"https:\/\/sindaopcpb.org.br\/index.php\/wp-json\/wp\/v2\/types\/post"}],"author":[{"embeddable":true,"href":"https:\/\/sindaopcpb.org.br\/index.php\/wp-json\/wp\/v2\/users\/49"}],"replies":[{"embeddable":true,"href":"https:\/\/sindaopcpb.org.br\/index.php\/wp-json\/wp\/v2\/comments?post=25620"}],"version-history":[{"count":1,"href":"https:\/\/sindaopcpb.org.br\/index.php\/wp-json\/wp\/v2\/posts\/25620\/revisions"}],"predecessor-version":[{"id":25621,"href":"https:\/\/sindaopcpb.org.br\/index.php\/wp-json\/wp\/v2\/posts\/25620\/revisions\/25621"}],"wp:attachment":[{"href":"https:\/\/sindaopcpb.org.br\/index.php\/wp-json\/wp\/v2\/media?parent=25620"}],"wp:term":[{"taxonomy":"category","embeddable":true,"href":"https:\/\/sindaopcpb.org.br\/index.php\/wp-json\/wp\/v2\/categories?post=25620"},{"taxonomy":"post_tag","embeddable":true,"href":"https:\/\/sindaopcpb.org.br\/index.php\/wp-json\/wp\/v2\/tags?post=25620"}],"curies":[{"name":"wp","href":"https:\/\/api.w.org\/{rel}","templated":true}]}}