{"id":25606,"date":"2023-07-14T17:33:30","date_gmt":"2023-07-14T20:33:30","guid":{"rendered":"https:\/\/wpa.wscom.com.br\/?p=911850"},"modified":"2023-07-14T17:33:30","modified_gmt":"2023-07-14T20:33:30","slug":"associacao-de-bares-discorda-de-limite-de-horario-para-quiosques-na-orla-de-jp-e-pede-ampliacao-ate-as-2h","status":"publish","type":"post","link":"https:\/\/sindaopcpb.org.br\/index.php\/2023\/07\/14\/associacao-de-bares-discorda-de-limite-de-horario-para-quiosques-na-orla-de-jp-e-pede-ampliacao-ate-as-2h\/","title":{"rendered":"Associa\u00e7\u00e3o de bares discorda de limite de hor\u00e1rio para quiosques na orla de JP e pede amplia\u00e7\u00e3o at\u00e9 \u00e0s 2h"},"content":{"rendered":"<p>A Prefeitura de Jo\u00e3o Pessoa aderiu ao Termo de Ajustamento de Conduta proposto pelo Minist\u00e9rio P\u00fablico da Para\u00edba (MPPB) e Minist\u00e9rio P\u00fablico Federal (MPF) para regulamenta\u00e7\u00e3o de aspectos de uso dos espa\u00e7os das orlas de Tamba\u00fa e Cabo Branco. <a href=\"https:\/\/wscom.com.br\/orla-de-joao-pessoa-tera-mudancas-apos-acordo\/#google_vignette\" rel=\"nofollow noopener\" target=\"_blank\">O prefeito C\u00edcero Lucena (PP) assinou o documento na manh\u00e3 desta sexta-feira (14)<\/a>.<\/p>\n<p>O TAC tem gerado pol\u00eamicas e diversos posicionamentos contra e favor. O presidente da Associa\u00e7\u00e3o Brasileira de Bares e Restaurantes da Para\u00edba, Arthur Lira Nogueira Paes discordou do limite de hor\u00e1rio estabelecido pelo termo para os quiosques da orla da capital.<\/p>\n<p>&#8220;A Abrasel \u00e9 completamente de acordo que se tenha um limite. \u00c9 muito importante que, em especial na orla de Jo\u00e3o Pessoa, exista um limite. Por\u00e9m, n\u00e3o houve di\u00e1logo, n\u00e3o houve consulta, n\u00e3o houve escuta do setor, nem da sociedade. E isso nos preocupa&#8221;, declarou Arthur Lira.<\/p>\n<p>O TAC prev\u00ea que esses estabelecimentos fechem para o p\u00fablico at\u00e9 23h e funcionem, no m\u00e1ximo, at\u00e9 meia-noite, como objetivo reduzir problemas como o barulho. A proposta da Abrasel, por sua vez, seria encerrar as vendas em 1h e manter o funcionamento at\u00e9 2h.<\/p>\n<p>&nbsp;<\/p>\n<p><strong>Outros pontos do TAC<\/strong><\/p>\n<p>Entre os pontos do Termo de Ajustamento de Conduta, est\u00e1 a regulariza\u00e7\u00e3o do t\u00edtulo de Permiss\u00e3o de Uso para os respons\u00e1veis pelos quiosques. Para ter a concess\u00e3o renovada a cada ano, os respons\u00e1veis ter\u00e3o que cumprir algumas determina\u00e7\u00f5es, como o hor\u00e1rio de funcionamento, que passa a ser de 5h \u00e0s 24h, sendo permitido m\u00fasica ao vivo at\u00e9 \u00e0s 23h. As a\u00e7\u00f5es foram negociadas com os quiosqueiros e se adequam ao padr\u00e3o de funcionamento em diversas cidades litor\u00e2neas do Brasil.<\/p>\n<p>O com\u00e9rcio ambulante tamb\u00e9m teve seu funcionamento regulamentado, devendo haver a libera\u00e7\u00e3o da cal\u00e7adinha para o tr\u00e2nsito de pessoas. Esses ambulantes dever\u00e3o ser cadastrados e padronizados. O aluguel de equipamentos como patins, bicicletas e triciclos est\u00e1 vedado na cal\u00e7adinha, n\u00e3o podendo haver neste espa\u00e7o o estoque destes equipamentos com a fun\u00e7\u00e3o de oferecer o servi\u00e7o de loca\u00e7\u00e3o.<\/p>\n<p>No que se refere \u00e0 faixa de areia, foi acordada a veda\u00e7\u00e3o do loteamento de \u00e1reas. A oferta de guarda-s\u00f3is e cadeiras n\u00e3o est\u00e1 proibida, mas haver\u00e1 regulamenta\u00e7\u00e3o das quantidades e limites de acordo com a demanda de cada \u00e1rea. A inten\u00e7\u00e3o \u00e9 que haja espa\u00e7o para que quem n\u00e3o pretende alugar uma dessas barracas tamb\u00e9m possa usufruir do espa\u00e7o p\u00fablico.<\/p>\n<p>O prazo para adequa\u00e7\u00e3o ao Termo \u00e9 de 60 dias. Al\u00e9m disso, o Munic\u00edpio apresentar\u00e1 em at\u00e9 180 dias o novo projeto de qualifica\u00e7\u00e3o do espa\u00e7o da Orla. A fiscaliza\u00e7\u00e3o deve ser feita pelo Munic\u00edpio, que dever\u00e1 aplicar san\u00e7\u00f5es que podem chegar \u00e0 perda da Permiss\u00e3o de Uso. Participaram das discuss\u00f5es a Procuradoria Geral do Munic\u00edpio e as secretarias municipais de Desenvolvimento Urbano, Planejamento e Meio Ambiente.<\/p>\n<p>O post <a rel=\"nofollow noopener\" href=\"https:\/\/wscom.com.br\/associacao-de-bares-discorda-de-limite-de-horario-para-quiosques-na-orla-de-jp-e-pede-ampliacao-ate-as-2h\/\" target=\"_blank\">Associa\u00e7\u00e3o de bares discorda de limite de hor\u00e1rio para quiosques na orla de JP e pede amplia\u00e7\u00e3o at\u00e9 \u00e0s 2h<\/a> apareceu primeiro em <a rel=\"nofollow noopener\" href=\"https:\/\/wscom.com.br\/\" target=\"_blank\">WSCOM<\/a>.<\/p>\n","protected":false},"excerpt":{"rendered":"<p>A Prefeitura de Jo\u00e3o Pessoa aderiu ao Termo de Ajustamento de Conduta proposto pelo Minist\u00e9rio P\u00fablico da Para\u00edba (MPPB) e Minist\u00e9rio P\u00fablico Federal (MPF) para regulamenta\u00e7\u00e3o de aspectos de uso dos espa\u00e7os das orlas de Tamba\u00fa e Cabo Branco. O prefeito C\u00edcero Lucena (PP) assinou o documento na manh\u00e3 desta sexta-feira (14). O TAC tem [\u2026]<\/p>\n<p>O post <a rel=\"nofollow\" href=\"https:\/\/wscom.com.br\/associacao-de-bares-discorda-de-limite-de-horario-para-quiosques-na-orla-de-jp-e-pede-ampliacao-ate-as-2h\/\">Associa\u00e7\u00e3o de bares discorda de limite de hor\u00e1rio para quiosques na orla de JP e pede amplia\u00e7\u00e3o at\u00e9 \u00e0s 2h<\/a> apareceu primeiro em <a rel=\"nofollow\" href=\"https:\/\/wscom.com.br\/\">WSCOM<\/a>.<\/p>\n","protected":false},"author":49,"featured_media":0,"comment_status":"closed","ping_status":"closed","sticky":false,"template":"","format":"standard","meta":{"advgb_blocks_editor_width":"","advgb_blocks_columns_visual_guide":"","footnotes":""},"categories":[275,34,54,6363],"tags":[35],"class_list":["post-25606","post","type-post","status-publish","format-standard","hentry","category-arthur-lira","category-g1","category-paraiba","category-quiosques-da-orla-de-jp","tag-g1"],"author_meta":{"display_name":"Cristiane Cavalcante","author_link":"https:\/\/sindaopcpb.org.br\/author\/cristiane-cavalcante\/"},"featured_img":null,"coauthors":[],"tax_additional":{"categories":{"linked":["<a href=\"https:\/\/sindaopcpb.org.br\/arthur-lira\/\" class=\"advgb-post-tax-term\">Arthur Lira<\/a>","<a href=\"https:\/\/sindaopcpb.org.br\/g1\/\" class=\"advgb-post-tax-term\">G1<\/a>","<a href=\"https:\/\/sindaopcpb.org.br\/paraiba\/\" class=\"advgb-post-tax-term\">Para\u00edba<\/a>","<a href=\"https:\/\/sindaopcpb.org.br\/quiosques-da-orla-de-jp\/\" class=\"advgb-post-tax-term\">quiosques da orla de JP<\/a>"],"unlinked":["<span class=\"advgb-post-tax-term\">Arthur Lira<\/span>","<span class=\"advgb-post-tax-term\">G1<\/span>","<span class=\"advgb-post-tax-term\">Para\u00edba<\/span>","<span class=\"advgb-post-tax-term\">quiosques da orla de JP<\/span>"]},"tags":{"linked":["<a href=\"https:\/\/sindaopcpb.org.br\/quiosques-da-orla-de-jp\/\" class=\"advgb-post-tax-term\">g1<\/a>"],"unlinked":["<span class=\"advgb-post-tax-term\">g1<\/span>"]}},"comment_count":"0","relative_dates":{"created":"Publicado 3 anos atr\u00e1s","modified":"Atualizado 3 anos atr\u00e1s"},"absolute_dates":{"created":"Publicado em 14 de julho de 2023","modified":"Atualizado em 14 de julho de 2023"},"absolute_dates_time":{"created":"Publicado em 14 de julho de 2023 17:33","modified":"Atualizado em 14 de julho de 2023 17:33"},"featured_img_caption":"","series_order":"","_links":{"self":[{"href":"https:\/\/sindaopcpb.org.br\/index.php\/wp-json\/wp\/v2\/posts\/25606","targetHints":{"allow":["GET"]}}],"collection":[{"href":"https:\/\/sindaopcpb.org.br\/index.php\/wp-json\/wp\/v2\/posts"}],"about":[{"href":"https:\/\/sindaopcpb.org.br\/index.php\/wp-json\/wp\/v2\/types\/post"}],"author":[{"embeddable":true,"href":"https:\/\/sindaopcpb.org.br\/index.php\/wp-json\/wp\/v2\/users\/49"}],"replies":[{"embeddable":true,"href":"https:\/\/sindaopcpb.org.br\/index.php\/wp-json\/wp\/v2\/comments?post=25606"}],"version-history":[{"count":2,"href":"https:\/\/sindaopcpb.org.br\/index.php\/wp-json\/wp\/v2\/posts\/25606\/revisions"}],"predecessor-version":[{"id":25623,"href":"https:\/\/sindaopcpb.org.br\/index.php\/wp-json\/wp\/v2\/posts\/25606\/revisions\/25623"}],"wp:attachment":[{"href":"https:\/\/sindaopcpb.org.br\/index.php\/wp-json\/wp\/v2\/media?parent=25606"}],"wp:term":[{"taxonomy":"category","embeddable":true,"href":"https:\/\/sindaopcpb.org.br\/index.php\/wp-json\/wp\/v2\/categories?post=25606"},{"taxonomy":"post_tag","embeddable":true,"href":"https:\/\/sindaopcpb.org.br\/index.php\/wp-json\/wp\/v2\/tags?post=25606"}],"curies":[{"name":"wp","href":"https:\/\/api.w.org\/{rel}","templated":true}]}}