{"id":25596,"date":"2023-07-14T17:21:00","date_gmt":"2023-07-14T20:21:00","guid":{"rendered":"https:\/\/www.infomoney.com.br\/?p=2188262"},"modified":"2023-07-14T17:21:00","modified_gmt":"2023-07-14T20:21:00","slug":"alckmin-reduzindo-juros-a-tendencia-e-a-economia-ter-um-crescimento-importante","status":"publish","type":"post","link":"https:\/\/sindaopcpb.org.br\/index.php\/2023\/07\/14\/alckmin-reduzindo-juros-a-tendencia-e-a-economia-ter-um-crescimento-importante\/","title":{"rendered":"Alckmin: Reduzindo juros, a tend\u00eancia \u00e9 a economia ter um crescimento importante"},"content":{"rendered":"<p><img loading=\"lazy\" width=\"300\" height=\"225\" src=\"https:\/\/www.infomoney.com.br\/wp-content\/uploads\/2023\/07\/entrevista-alckmin_mcamgo_abr_06072023-3.jpg?fit=300%2C225&amp;quality=70&amp;strip=all\" class=\"attachment-medium size-medium wp-post-image\" alt=\"Bras\u00edlia (DF), 06\/07\/2023 - O vice-presidente da Rep\u00fablica, Geraldo Alckmin, durante entrevista coletiva ap\u00f3s reuni\u00e3o do Conselho Nacional de Desenvolvimento Industrial. Foto: Marcelo Camargo\/Ag\u00eancia Brasil\" decoding=\"async\" style=\"float:right; margin:0 0 10px 10px;\" srcset=\"https:\/\/www.infomoney.com.br\/wp-content\/uploads\/2023\/07\/entrevista-alckmin_mcamgo_abr_06072023-3.jpg?w=1024&amp;quality=70&amp;strip=all 1024w, https:\/\/www.infomoney.com.br\/wp-content\/uploads\/2023\/07\/entrevista-alckmin_mcamgo_abr_06072023-3.jpg?w=300&amp;quality=70&amp;strip=all 300w, https:\/\/www.infomoney.com.br\/wp-content\/uploads\/2023\/07\/entrevista-alckmin_mcamgo_abr_06072023-3.jpg?w=768&amp;quality=70&amp;strip=all 768w, https:\/\/www.infomoney.com.br\/wp-content\/uploads\/2023\/07\/entrevista-alckmin_mcamgo_abr_06072023-3.jpg?w=150&amp;quality=70&amp;strip=all 150w\" sizes=\"auto, (max-width: 300px) 100vw, 300px\" data-attachment-id=\"2181091\" data-permalink=\"https:\/\/www.infomoney.com.br\/politica\/alckmin-diz-que-r-106-bi-estao-previstos-para-neoindustrializacao-em-4-anos\/attachment\/entrevista-alckmin_mcamgo_abr_06072023-3\/\" data-orig-file=\"https:\/\/www.infomoney.com.br\/wp-content\/uploads\/2023\/07\/entrevista-alckmin_mcamgo_abr_06072023-3.jpg?fit=1024%2C768&amp;quality=70&amp;strip=all\" data-orig-size=\"1024,768\" data-comments-opened=\"0\" data-image-meta=\"{&quot;aperture&quot;:&quot;2.8&quot;,&quot;credit&quot;:&quot;Marcelo Camargo\\\/Ag\\u00eancia Brasil&quot;,&quot;camera&quot;:&quot;Canon EOS-1D X&quot;,&quot;caption&quot;:&quot;Bras\\u00edlia (DF), 06\\\/07\\\/2023 - O vice-presidente da Rep\\u00fablica, Geraldo Alckmin, durante entrevista coletiva ap\\u00f3s reuni\\u00e3o do Conselho Nacional de Desenvolvimento Industrial. Foto: Marcelo Camargo\\\/Ag\\u00eancia Brasil&quot;,&quot;created_timestamp&quot;:&quot;1688651236&quot;,&quot;copyright&quot;:&quot;Ag\\u00eancia Brasil\\\/EBC&quot;,&quot;focal_length&quot;:&quot;200&quot;,&quot;iso&quot;:&quot;1250&quot;,&quot;shutter_speed&quot;:&quot;0.004&quot;,&quot;title&quot;:&quot;&quot;,&quot;orientation&quot;:&quot;0&quot;}\" data-image-title=\"entrevista-alckmin_mcamgo_abr_06072023-3\" data-image-description=\"&lt;p&gt;Bras\u00edlia (DF), 06\/07\/2023 &#8211; O vice-presidente da Rep\u00fablica, Geraldo Alckmin, durante entrevista coletiva ap\u00f3s reuni\u00e3o do Conselho Nacional de Desenvolvimento Industrial. Foto: Marcelo Camargo\/Ag\u00eancia Brasil&lt;\/p&gt;\n\" data-image-caption=\"&lt;p&gt;Bras\u00edlia (DF), 06\/07\/2023 &#8211; O vice-presidente da Rep\u00fablica, Geraldo Alckmin, durante entrevista coletiva ap\u00f3s reuni\u00e3o do Conselho Nacional de Desenvolvimento Industrial. Foto: Marcelo Camargo\/Ag\u00eancia Brasil&lt;\/p&gt;\n\" data-medium-file=\"https:\/\/www.infomoney.com.br\/wp-content\/uploads\/2023\/07\/entrevista-alckmin_mcamgo_abr_06072023-3.jpg?fit=300%2C225&amp;quality=70&amp;strip=all\" data-large-file=\"https:\/\/www.infomoney.com.br\/wp-content\/uploads\/2023\/07\/entrevista-alckmin_mcamgo_abr_06072023-3.jpg?fit=1024%2C768&amp;quality=70&amp;strip=all\" title=\"\"><\/p>\n<p>O vice-presidente Geraldo Alckmin disse, nesta sexta-feira (14), que espera por uma redu\u00e7\u00e3o da taxa b\u00e1sica de juro da economia, a Selic, na pr\u00f3xima reuni\u00e3o do Comit\u00ea de Pol\u00edtica Monet\u00e1ria (Copom), que acontecer\u00e1 em agosto.<\/p>\n<p>Na avalia\u00e7\u00e3o dele, a economia j\u00e1 d\u00e1 sinais de melhora com o d\u00f3lar num patamar mais competitivo, entre R$ 4,80 e R$ 4,90. Ao mesmo tempo, argumenta Alckmin, a infla\u00e7\u00e3o arrefeceu e a reforma tribut\u00e1ria aprovada na C\u00e2mara d\u00e1 novo f\u00f4lego aos investimentos.<\/p>\n<p>&#8220;Os juros v\u00e3o cair, n\u00e3o tem nenhuma raz\u00e3o (para n\u00e3o acontecer) e, reduzindo, a tend\u00eancia \u00e9 que a economia tenha um crescimento importante&#8221;, disse ele durante evento realizado em Guarulhos, em S\u00e3o Paulo.<\/p>\n<p>Alckmin falou tamb\u00e9m sobre o aumento da mistura de diesel na gasolina, que hoje \u00e9 de 27% e pode alcan\u00e7ar 30%, e tamb\u00e9m comentou que a tend\u00eancia \u00e9 que nos pr\u00f3ximos anos o diesel seja mais verde.<\/p>\n<p>Em rela\u00e7\u00e3o \u00e0 proposta de desonera\u00e7\u00e3o de eletroeletr\u00f4nicos da chamada linha branca, ele falou que est\u00e1 em estudos e que em breve deve apresentar a quest\u00e3o ao presidente Luiz In\u00e1cio Lula da Silva.<\/p>\n<p>The post <a rel=\"nofollow noopener\" href=\"https:\/\/www.infomoney.com.br\/politica\/alckmin-reduzindo-juros-a-tendencia-e-a-economia-ter-um-crescimento-importante\/\" target=\"_blank\">Alckmin: Reduzindo juros, a tend\u00eancia \u00e9 a economia ter um crescimento importante<\/a> appeared first on <a rel=\"nofollow noopener\" href=\"https:\/\/www.infomoney.com.br\/\" target=\"_blank\">InfoMoney<\/a>.<\/p>\n","protected":false},"excerpt":{"rendered":"<p><img loading=\"lazy\" decoding=\"async\" width=\"300\" height=\"225\" src=\"https:\/\/www.infomoney.com.br\/wp-content\/uploads\/2023\/07\/entrevista-alckmin_mcamgo_abr_06072023-3.jpg?fit=300%2C225&amp;quality=70&amp;strip=all\" class=\"attachment-medium size-medium wp-post-image\" alt=\"Bras\u00edlia (DF), 06\/07\/2023 - O vice-presidente da Rep\u00fablica, Geraldo Alckmin, durante entrevista coletiva ap\u00f3s reuni\u00e3o do Conselho Nacional de Desenvolvimento Industrial. Foto: Marcelo Camargo\/Ag\u00eancia Brasil\" data-attachment-id=\"2181091\" data-permalink=\"https:\/\/www.infomoney.com.br\/politica\/alckmin-diz-que-r-106-bi-estao-previstos-para-neoindustrializacao-em-4-anos\/attachment\/entrevista-alckmin_mcamgo_abr_06072023-3\/\" data-orig-file=\"https:\/\/www.infomoney.com.br\/wp-content\/uploads\/2023\/07\/entrevista-alckmin_mcamgo_abr_06072023-3.jpg?fit=1024%2C768&amp;quality=70&amp;strip=all\" data-orig-size=\"1024,768\" data-comments-opened=\"0\" data-image-meta='{\"aperture\":\"2.8\",\"credit\":\"Marcelo Camargo\\\/Ag\\u00eancia Brasil\",\"camera\":\"Canon EOS-1D X\",\"caption\":\"Bras\\u00edlia (DF), 06\\\/07\\\/2023 - O vice-presidente da Rep\\u00fablica, Geraldo Alckmin, durante entrevista coletiva ap\\u00f3s reuni\\u00e3o do Conselho Nacional de Desenvolvimento Industrial. Foto: Marcelo Camargo\\\/Ag\\u00eancia Brasil\",\"created_timestamp\":\"1688651236\",\"copyright\":\"Ag\\u00eancia Brasil\\\/EBC\",\"focal_length\":\"200\",\"iso\":\"1250\",\"shutter_speed\":\"0.004\",\"title\":\"\",\"orientation\":\"0\"}' data-image-title=\"entrevista-alckmin_mcamgo_abr_06072023-3\" data-image-description=\"&lt;p&gt;Bras\u00edlia (DF), 06\/07\/2023 \u2013 O vice-presidente da Rep\u00fablica, Geraldo Alckmin, durante entrevista coletiva ap\u00f3s reuni\u00e3o do Conselho Nacional de Desenvolvimento Industrial. Foto: Marcelo Camargo\/Ag\u00eancia Brasil&lt;\/p&gt;\n\" data-image-caption=\"&lt;p&gt;Bras\u00edlia (DF), 06\/07\/2023 \u2013 O vice-presidente da Rep\u00fablica, Geraldo Alckmin, durante entrevista coletiva ap\u00f3s reuni\u00e3o do Conselho Nacional de Desenvolvimento Industrial. Foto: Marcelo Camargo\/Ag\u00eancia Brasil&lt;\/p&gt;\n\" data-medium-file=\"https:\/\/www.infomoney.com.br\/wp-content\/uploads\/2023\/07\/entrevista-alckmin_mcamgo_abr_06072023-3.jpg?fit=300%2C225&amp;quality=70&amp;strip=all\" data-large-file=\"https:\/\/www.infomoney.com.br\/wp-content\/uploads\/2023\/07\/entrevista-alckmin_mcamgo_abr_06072023-3.jpg?fit=1024%2C768&amp;quality=70&amp;strip=all\">Na avalia\u00e7\u00e3o do vice-presidente, infla\u00e7\u00e3o arrefeceu e a reforma tribut\u00e1ria aprovada na C\u00e2mara d\u00e1 novo f\u00f4lego aos investimentos<\/p>\n<p>The post <a rel=\"nofollow\" href=\"https:\/\/www.infomoney.com.br\/politica\/alckmin-reduzindo-juros-a-tendencia-e-a-economia-ter-um-crescimento-importante\/\">Alckmin: Reduzindo juros, a tend\u00eancia \u00e9 a economia ter um crescimento importante<\/a> appeared first on <a rel=\"nofollow\" href=\"https:\/\/www.infomoney.com.br\/\">InfoMoney<\/a>.<\/p>\n","protected":false},"author":43,"featured_media":0,"comment_status":"closed","ping_status":"closed","sticky":false,"template":"","format":"standard","meta":{"advgb_blocks_editor_width":"","advgb_blocks_columns_visual_guide":"","footnotes":""},"categories":[1626,34,340,47,281,282],"tags":[35],"class_list":["post-25596","post","type-post","status-publish","format-standard","hentry","category-copom","category-g1","category-geraldo-alckmin","category-politica","category-politica-monetaria","category-taxa-de-juros","tag-g1"],"author_meta":{"display_name":"Estad\u00e3o Conte\u00fado","author_link":"https:\/\/sindaopcpb.org.br\/author\/estadao-conteudo\/"},"featured_img":null,"coauthors":[],"tax_additional":{"categories":{"linked":["<a href=\"https:\/\/sindaopcpb.org.br\/copom\/\" class=\"advgb-post-tax-term\">Copom<\/a>","<a href=\"https:\/\/sindaopcpb.org.br\/g1\/\" class=\"advgb-post-tax-term\">G1<\/a>","<a href=\"https:\/\/sindaopcpb.org.br\/geraldo-alckmin\/\" class=\"advgb-post-tax-term\">Geraldo Alckmin<\/a>","<a href=\"https:\/\/sindaopcpb.org.br\/politica\/\" class=\"advgb-post-tax-term\">POLITICA<\/a>","<a href=\"https:\/\/sindaopcpb.org.br\/politica-monetaria\/\" class=\"advgb-post-tax-term\">Pol\u00edtica Monet\u00e1ria<\/a>","<a href=\"https:\/\/sindaopcpb.org.br\/taxa-de-juros\/\" class=\"advgb-post-tax-term\">Taxa de Juros<\/a>"],"unlinked":["<span class=\"advgb-post-tax-term\">Copom<\/span>","<span class=\"advgb-post-tax-term\">G1<\/span>","<span class=\"advgb-post-tax-term\">Geraldo Alckmin<\/span>","<span class=\"advgb-post-tax-term\">POLITICA<\/span>","<span class=\"advgb-post-tax-term\">Pol\u00edtica Monet\u00e1ria<\/span>","<span class=\"advgb-post-tax-term\">Taxa de Juros<\/span>"]},"tags":{"linked":["<a href=\"https:\/\/sindaopcpb.org.br\/taxa-de-juros\/\" class=\"advgb-post-tax-term\">g1<\/a>"],"unlinked":["<span class=\"advgb-post-tax-term\">g1<\/span>"]}},"comment_count":"0","relative_dates":{"created":"Publicado 3 anos atr\u00e1s","modified":"Atualizado 3 anos atr\u00e1s"},"absolute_dates":{"created":"Publicado em 14 de julho de 2023","modified":"Atualizado em 14 de julho de 2023"},"absolute_dates_time":{"created":"Publicado em 14 de julho de 2023 17:21","modified":"Atualizado em 14 de julho de 2023 17:21"},"featured_img_caption":"","series_order":"","_links":{"self":[{"href":"https:\/\/sindaopcpb.org.br\/index.php\/wp-json\/wp\/v2\/posts\/25596","targetHints":{"allow":["GET"]}}],"collection":[{"href":"https:\/\/sindaopcpb.org.br\/index.php\/wp-json\/wp\/v2\/posts"}],"about":[{"href":"https:\/\/sindaopcpb.org.br\/index.php\/wp-json\/wp\/v2\/types\/post"}],"author":[{"embeddable":true,"href":"https:\/\/sindaopcpb.org.br\/index.php\/wp-json\/wp\/v2\/users\/43"}],"replies":[{"embeddable":true,"href":"https:\/\/sindaopcpb.org.br\/index.php\/wp-json\/wp\/v2\/comments?post=25596"}],"version-history":[{"count":1,"href":"https:\/\/sindaopcpb.org.br\/index.php\/wp-json\/wp\/v2\/posts\/25596\/revisions"}],"predecessor-version":[{"id":25597,"href":"https:\/\/sindaopcpb.org.br\/index.php\/wp-json\/wp\/v2\/posts\/25596\/revisions\/25597"}],"wp:attachment":[{"href":"https:\/\/sindaopcpb.org.br\/index.php\/wp-json\/wp\/v2\/media?parent=25596"}],"wp:term":[{"taxonomy":"category","embeddable":true,"href":"https:\/\/sindaopcpb.org.br\/index.php\/wp-json\/wp\/v2\/categories?post=25596"},{"taxonomy":"post_tag","embeddable":true,"href":"https:\/\/sindaopcpb.org.br\/index.php\/wp-json\/wp\/v2\/tags?post=25596"}],"curies":[{"name":"wp","href":"https:\/\/api.w.org\/{rel}","templated":true}]}}