{"id":25580,"date":"2023-07-14T16:00:27","date_gmt":"2023-07-14T19:00:27","guid":{"rendered":"https:\/\/wpa.wscom.com.br\/?p=911838"},"modified":"2023-07-14T16:00:27","modified_gmt":"2023-07-14T19:00:27","slug":"policia-militar-prende-suspeito-de-trafico-que-escondia-drogas-dentro-de-lampada-na-grande-joao-pessoa","status":"publish","type":"post","link":"https:\/\/sindaopcpb.org.br\/index.php\/2023\/07\/14\/policia-militar-prende-suspeito-de-trafico-que-escondia-drogas-dentro-de-lampada-na-grande-joao-pessoa\/","title":{"rendered":"Pol\u00edcia Militar prende suspeito de tr\u00e1fico que escondia drogas dentro de l\u00e2mpada na Grande Jo\u00e3o Pessoa"},"content":{"rendered":"<p>A Pol\u00edcia Militar prendeu em flagrante, nesta sexta-feira (14), no bairro da Imaculada, em Bayeux, um suspeito de tr\u00e1fico de drogas que foi flagrado com 63 pedras de crack e uma balan\u00e7a de precis\u00e3o, perto de uma escola. Ele tem 34 anos e teria liga\u00e7\u00e3o com grupo criminoso que atua no tr\u00e1fico.<\/p>\n<p>O que chamou a aten\u00e7\u00e3o dos policiais da For\u00e7a T\u00e1tica da 4\u00aa Companhia Independente da PM (4\u00aa CIPM) foi que a droga estava escondida dentro de uma l\u00e2mpada, para tentar dificultar a a\u00e7\u00e3o da PM em uma abordagem, mas o plano deu errado e ele foi preso em flagrante.<\/p>\n<p>Essa foi a d\u00e9cima pris\u00e3o de suspeitos de crimes na cidade, em apenas 48h, per\u00edodo em que foram apreendidas seis armas de fogo e mais de 200 por\u00e7\u00f5es de drogas. O preso de n\u00famero 10 da opera\u00e7\u00e3o foi apresentado na 5\u00aa Delegacia Distrital, em Bayeux.<\/p>\n<p>O post <a rel=\"nofollow noopener\" href=\"https:\/\/wscom.com.br\/policia-militar-prende-suspeito-de-trafico-que-escondia-drogas-dentro-de-lampada-na-grande-joao-pessoa\/\" target=\"_blank\">Pol\u00edcia Militar prende suspeito de tr\u00e1fico que escondia drogas dentro de l\u00e2mpada na Grande Jo\u00e3o Pessoa<\/a> apareceu primeiro em <a rel=\"nofollow noopener\" href=\"https:\/\/wscom.com.br\/\" target=\"_blank\">WSCOM<\/a>.<\/p>\n","protected":false},"excerpt":{"rendered":"<p>A Pol\u00edcia Militar prendeu em flagrante, nesta sexta-feira (14), no bairro da Imaculada, em Bayeux, um suspeito de tr\u00e1fico de drogas que foi flagrado com 63 pedras de crack e uma balan\u00e7a de precis\u00e3o, perto de uma escola. Ele tem 34 anos e teria liga\u00e7\u00e3o com grupo criminoso que atua no tr\u00e1fico. O que chamou [\u2026]<\/p>\n<p>O post <a rel=\"nofollow\" href=\"https:\/\/wscom.com.br\/policia-militar-prende-suspeito-de-trafico-que-escondia-drogas-dentro-de-lampada-na-grande-joao-pessoa\/\">Pol\u00edcia Militar prende suspeito de tr\u00e1fico que escondia drogas dentro de l\u00e2mpada na Grande Jo\u00e3o Pessoa<\/a> apareceu primeiro em <a rel=\"nofollow\" href=\"https:\/\/wscom.com.br\/\">WSCOM<\/a>.<\/p>\n","protected":false},"author":50,"featured_media":0,"comment_status":"closed","ping_status":"closed","sticky":false,"template":"","format":"standard","meta":{"advgb_blocks_editor_width":"","advgb_blocks_columns_visual_guide":"","footnotes":""},"categories":[1151,34,6348,66,6349],"tags":[35],"class_list":["post-25580","post","type-post","status-publish","format-standard","hentry","category-drogas","category-g1","category-lampada","category-policial","category-sueptio","tag-g1"],"author_meta":{"display_name":"Wallyson","author_link":"https:\/\/sindaopcpb.org.br\/author\/wallyson\/"},"featured_img":null,"coauthors":[],"tax_additional":{"categories":{"linked":["<a href=\"https:\/\/sindaopcpb.org.br\/drogas\/\" class=\"advgb-post-tax-term\">drogas<\/a>","<a href=\"https:\/\/sindaopcpb.org.br\/g1\/\" class=\"advgb-post-tax-term\">G1<\/a>","<a href=\"https:\/\/sindaopcpb.org.br\/lampada\/\" class=\"advgb-post-tax-term\">lampada<\/a>","<a href=\"https:\/\/sindaopcpb.org.br\/policial\/\" class=\"advgb-post-tax-term\">Policial<\/a>","<a href=\"https:\/\/sindaopcpb.org.br\/sueptio\/\" class=\"advgb-post-tax-term\">sueptio<\/a>"],"unlinked":["<span class=\"advgb-post-tax-term\">drogas<\/span>","<span class=\"advgb-post-tax-term\">G1<\/span>","<span class=\"advgb-post-tax-term\">lampada<\/span>","<span class=\"advgb-post-tax-term\">Policial<\/span>","<span class=\"advgb-post-tax-term\">sueptio<\/span>"]},"tags":{"linked":["<a href=\"https:\/\/sindaopcpb.org.br\/sueptio\/\" class=\"advgb-post-tax-term\">g1<\/a>"],"unlinked":["<span class=\"advgb-post-tax-term\">g1<\/span>"]}},"comment_count":"0","relative_dates":{"created":"Publicado 3 anos atr\u00e1s","modified":"Atualizado 3 anos atr\u00e1s"},"absolute_dates":{"created":"Publicado em 14 de julho de 2023","modified":"Atualizado em 14 de julho de 2023"},"absolute_dates_time":{"created":"Publicado em 14 de julho de 2023 16:00","modified":"Atualizado em 14 de julho de 2023 16:00"},"featured_img_caption":"","series_order":"","_links":{"self":[{"href":"https:\/\/sindaopcpb.org.br\/index.php\/wp-json\/wp\/v2\/posts\/25580","targetHints":{"allow":["GET"]}}],"collection":[{"href":"https:\/\/sindaopcpb.org.br\/index.php\/wp-json\/wp\/v2\/posts"}],"about":[{"href":"https:\/\/sindaopcpb.org.br\/index.php\/wp-json\/wp\/v2\/types\/post"}],"author":[{"embeddable":true,"href":"https:\/\/sindaopcpb.org.br\/index.php\/wp-json\/wp\/v2\/users\/50"}],"replies":[{"embeddable":true,"href":"https:\/\/sindaopcpb.org.br\/index.php\/wp-json\/wp\/v2\/comments?post=25580"}],"version-history":[{"count":1,"href":"https:\/\/sindaopcpb.org.br\/index.php\/wp-json\/wp\/v2\/posts\/25580\/revisions"}],"predecessor-version":[{"id":25581,"href":"https:\/\/sindaopcpb.org.br\/index.php\/wp-json\/wp\/v2\/posts\/25580\/revisions\/25581"}],"wp:attachment":[{"href":"https:\/\/sindaopcpb.org.br\/index.php\/wp-json\/wp\/v2\/media?parent=25580"}],"wp:term":[{"taxonomy":"category","embeddable":true,"href":"https:\/\/sindaopcpb.org.br\/index.php\/wp-json\/wp\/v2\/categories?post=25580"},{"taxonomy":"post_tag","embeddable":true,"href":"https:\/\/sindaopcpb.org.br\/index.php\/wp-json\/wp\/v2\/tags?post=25580"}],"curies":[{"name":"wp","href":"https:\/\/api.w.org\/{rel}","templated":true}]}}