{"id":25553,"date":"2023-07-14T13:22:05","date_gmt":"2023-07-14T16:22:05","guid":{"rendered":"https:\/\/www.infomoney.com.br\/?p=2187682"},"modified":"2023-07-14T13:22:05","modified_gmt":"2023-07-14T16:22:05","slug":"lula-defende-destinacao-de-imoveis-da-uniao-abandonados-para-sem-teto","status":"publish","type":"post","link":"https:\/\/sindaopcpb.org.br\/index.php\/2023\/07\/14\/lula-defende-destinacao-de-imoveis-da-uniao-abandonados-para-sem-teto\/","title":{"rendered":"Lula defende destina\u00e7\u00e3o de im\u00f3veis da Uni\u00e3o abandonados para sem-teto"},"content":{"rendered":"<p><img loading=\"lazy\" width=\"300\" height=\"225\" src=\"https:\/\/www.infomoney.com.br\/wp-content\/uploads\/2023\/01\/Lula_1.jpg?fit=300%2C225&amp;quality=70&amp;strip=all\" class=\"attachment-medium size-medium wp-post-image\" alt=\"\" decoding=\"async\" style=\"float:right; margin:0 0 10px 10px;\" srcset=\"https:\/\/www.infomoney.com.br\/wp-content\/uploads\/2023\/01\/Lula_1.jpg?w=1024&amp;quality=70&amp;strip=all 1024w, https:\/\/www.infomoney.com.br\/wp-content\/uploads\/2023\/01\/Lula_1.jpg?w=300&amp;quality=70&amp;strip=all 300w, https:\/\/www.infomoney.com.br\/wp-content\/uploads\/2023\/01\/Lula_1.jpg?w=768&amp;quality=70&amp;strip=all 768w, https:\/\/www.infomoney.com.br\/wp-content\/uploads\/2023\/01\/Lula_1.jpg?w=150&amp;quality=70&amp;strip=all 150w\" sizes=\"auto, (max-width: 300px) 100vw, 300px\" data-attachment-id=\"2026588\" data-permalink=\"https:\/\/www.infomoney.com.br\/politica\/lula-pode-sair-fortalecido-apos-invasoes-em-brasilia-mas-ha-riscos-de-longo-prazo-ao-governo-diz-eurasia\/attachment\/lula_1\/\" data-orig-file=\"https:\/\/www.infomoney.com.br\/wp-content\/uploads\/2023\/01\/Lula_1.jpg?fit=1024%2C768&amp;quality=70&amp;strip=all\" data-orig-size=\"1024,768\" data-comments-opened=\"0\" data-image-meta=\"{&quot;aperture&quot;:&quot;2.8&quot;,&quot;credit&quot;:&quot;Marcelo Camargo\\\/Ag\\u00eancia Brasil&quot;,&quot;camera&quot;:&quot;Canon EOS-1D X&quot;,&quot;caption&quot;:&quot;O presidente Luiz In\\u00e1cio Lula da Silva se re\\u00fane com ministros e presidentes dos demais poderes, no Pal\\u00e1cio do Planalto.&quot;,&quot;created_timestamp&quot;:&quot;1673259177&quot;,&quot;copyright&quot;:&quot;Ag\\u00eancia Brasil\\\/EBC&quot;,&quot;focal_length&quot;:&quot;135&quot;,&quot;iso&quot;:&quot;3200&quot;,&quot;shutter_speed&quot;:&quot;0.0025&quot;,&quot;title&quot;:&quot;&quot;,&quot;orientation&quot;:&quot;0&quot;}\" data-image-title=\"Lula\" data-image-description=\"\" data-image-caption=\"&lt;p&gt;O presidente Luiz In\u00e1cio Lula da Silva (PT) se re\u00fane com ministros e presidentes dos demais Poderes, no Pal\u00e1cio do Planalto (Foto: Marcelo Camargo\/Ag\u00eancia Brasil)&lt;\/p&gt;\n\" data-medium-file=\"https:\/\/www.infomoney.com.br\/wp-content\/uploads\/2023\/01\/Lula_1.jpg?fit=300%2C225&amp;quality=70&amp;strip=all\" data-large-file=\"https:\/\/www.infomoney.com.br\/wp-content\/uploads\/2023\/01\/Lula_1.jpg?fit=1024%2C768&amp;quality=70&amp;strip=all\" title=\"\"><\/p>\n<p>No Brasil, a falta de habita\u00e7\u00e3o chega perto das 6 milh\u00f5es de unidades, segundo o levantamento da Funda\u00e7\u00e3o Jo\u00e3o Pinheiro. Ao citar esse cen\u00e1rio, o presidente Luiz In\u00e1cio Lula da Silva defendeu que os im\u00f3veis da Uni\u00e3o, sem uso, sejam destinados a programas de habita\u00e7\u00e3o popular.<\/p>\n<p>\u201cPr\u00e9dios abandonados, terrenos da Uni\u00e3o\u2026 N\u00f3s vamos ter que transformar isso em coisas habitacionais. A quantidade de terreno abandonado nas grandes regi\u00f5es, a quantidade de pr\u00e9dio da Uni\u00e3o. S\u00f3 o INSS [Instituto Nacional do Seguro Social] tem 3 mil casas, terrenos e pr\u00e9dios. Por que a gente n\u00e3o distribui isso pro povo em vez de levar o povo pra morar a 20 km do centro da cidade, leva o povo para onde j\u00e1 tem asfalto, escola, energia el\u00e9trica, linha de \u00f4nibus\u201d.<\/p>\n<p>A declara\u00e7\u00e3o foi nesta quinta-feira (13) quando Lula sancionou a lei do novo Minha Casa Minha Vida com vetos. Agora o programa aumentou a faixa de renda das fam\u00edlias benefici\u00e1rias da faixa 3, chegando a R$ 8 mil reais na renda mensal m\u00e9dia na \u00e1rea urbana. Neste caso podem ser financiados im\u00f3veis de at\u00e9 R$ 350 mil reais. Um dos pontos vetados pelo presidente Lula foi a obrigatoriedade para que as distribuidoras comprem o excedente de energia gerado por pain\u00e9is solares no programa.<\/p>\n<p>O ministro das Cidades, Jader Filho, explicou que o governo vai estudar junto com entidades o melhor modelo para implanta\u00e7\u00e3o da energia solar no Minha Casa Minha Vida. Durante o evento, Jader Filho ainda destacou que as mudan\u00e7as do programa tamb\u00e9m ser\u00e3o na estrutura das casas, que ter\u00e3o \u00e1rea maior.<\/p>\n<p>Os conjuntos habitacionais ter\u00e3o obrigatoriamente uma biblioteca e devem estar constru\u00eddos pr\u00f3ximos a cidades. \u201cOs seus Minha Casa Minha Vida, daqui para frente, todos ter\u00e3o varanda. Os conjuntos dever\u00e3o ter equipamento para atividade de lazer e pr\u00e1tica esportiva, e equipados com sala de biblioteca. No Norte e Nordeste, os quartos devem ter gancho para rede. Os im\u00f3veis ter\u00e3o tubula\u00e7\u00e3o para instala\u00e7\u00e3o de rede de internet e pontos para instala\u00e7\u00e3o de ar-condicionado\u201d.<\/p>\n<p>Para as fam\u00edlias com renda mensal de at\u00e9 R$ 2 mil reais da faixa 1, nas regi\u00f5es Norte e Nordeste do pa\u00eds, a taxa de juros baixou pra 4%. Para as demais regi\u00f5es e a mesma renda, a taxa \u00e9 de 4,25%. De acordo com o Minist\u00e9rio das Cidades, desde o in\u00edcio do ano at\u00e9 o come\u00e7o deste m\u00eas, o governo j\u00e1 entregou mais de 10 mil im\u00f3veis do Minha Casa Minha Vida.<\/p>\n<p>A previs\u00e3o at\u00e9 o fim do ano \u00e9 entregar mais 8 mil unidades. A meta \u00e9 que at\u00e9 2026 sejam contratadas mais 2 milh\u00f5es de moradias pelo programa.<\/p>\n<p>The post <a rel=\"nofollow noopener\" href=\"https:\/\/www.infomoney.com.br\/politica\/lula-defende-destinacao-de-imoveis-da-uniao-abandonados-para-sem-teto\/\" target=\"_blank\">Lula defende destina\u00e7\u00e3o de im\u00f3veis da Uni\u00e3o abandonados para sem-teto<\/a> appeared first on <a rel=\"nofollow noopener\" href=\"https:\/\/www.infomoney.com.br\/\" target=\"_blank\">InfoMoney<\/a>.<\/p>\n","protected":false},"excerpt":{"rendered":"<p><img loading=\"lazy\" decoding=\"async\" width=\"300\" height=\"225\" src=\"https:\/\/www.infomoney.com.br\/wp-content\/uploads\/2023\/01\/Lula_1.jpg?fit=300%2C225&amp;quality=70&amp;strip=all\" class=\"attachment-medium size-medium wp-post-image\" alt=\"\" data-attachment-id=\"2026588\" data-permalink=\"https:\/\/www.infomoney.com.br\/politica\/lula-pode-sair-fortalecido-apos-invasoes-em-brasilia-mas-ha-riscos-de-longo-prazo-ao-governo-diz-eurasia\/attachment\/lula_1\/\" data-orig-file=\"https:\/\/www.infomoney.com.br\/wp-content\/uploads\/2023\/01\/Lula_1.jpg?fit=1024%2C768&amp;quality=70&amp;strip=all\" data-orig-size=\"1024,768\" data-comments-opened=\"0\" data-image-meta='{\"aperture\":\"2.8\",\"credit\":\"Marcelo Camargo\\\/Ag\\u00eancia Brasil\",\"camera\":\"Canon EOS-1D X\",\"caption\":\"O presidente Luiz In\\u00e1cio Lula da Silva se re\\u00fane com ministros e presidentes dos demais poderes, no Pal\\u00e1cio do Planalto.\",\"created_timestamp\":\"1673259177\",\"copyright\":\"Ag\\u00eancia Brasil\\\/EBC\",\"focal_length\":\"135\",\"iso\":\"3200\",\"shutter_speed\":\"0.0025\",\"title\":\"\",\"orientation\":\"0\"}' data-image-title=\"Lula\" data-image-description=\"\" data-image-caption=\"&lt;p&gt;O presidente Luiz In\u00e1cio Lula da Silva (PT) se re\u00fane com ministros e presidentes dos demais Poderes, no Pal\u00e1cio do Planalto (Foto: Marcelo Camargo\/Ag\u00eancia Brasil)&lt;\/p&gt;\n\" data-medium-file=\"https:\/\/www.infomoney.com.br\/wp-content\/uploads\/2023\/01\/Lula_1.jpg?fit=300%2C225&amp;quality=70&amp;strip=all\" data-large-file=\"https:\/\/www.infomoney.com.br\/wp-content\/uploads\/2023\/01\/Lula_1.jpg?fit=1024%2C768&amp;quality=70&amp;strip=all\">Presidente citou como exemplo pr\u00e9dios e terrenos do INSS sem uso<\/p>\n<p>The post <a rel=\"nofollow\" href=\"https:\/\/www.infomoney.com.br\/politica\/lula-defende-destinacao-de-imoveis-da-uniao-abandonados-para-sem-teto\/\">Lula defende destina\u00e7\u00e3o de im\u00f3veis da Uni\u00e3o abandonados para sem-teto<\/a> appeared first on <a rel=\"nofollow\" href=\"https:\/\/www.infomoney.com.br\/\">InfoMoney<\/a>.<\/p>\n","protected":false},"author":44,"featured_media":0,"comment_status":"closed","ping_status":"closed","sticky":false,"template":"","format":"standard","meta":{"advgb_blocks_editor_width":"","advgb_blocks_columns_visual_guide":"","footnotes":""},"categories":[34,723,129,446,6341,47,4641],"tags":[35],"class_list":["post-25553","post","type-post","status-publish","format-standard","hentry","category-g1","category-habitacao","category-luiz-inacio-lula-da-silva","category-minha-casa-minha-vida","category-moradia","category-politica","category-programas-sociais","tag-g1"],"author_meta":{"display_name":"Ag\u00eancia Brasil","author_link":"https:\/\/sindaopcpb.org.br\/author\/agencia-brasil\/"},"featured_img":null,"coauthors":[],"tax_additional":{"categories":{"linked":["<a href=\"https:\/\/sindaopcpb.org.br\/g1\/\" class=\"advgb-post-tax-term\">G1<\/a>","<a href=\"https:\/\/sindaopcpb.org.br\/habitacao\/\" class=\"advgb-post-tax-term\">HABITA\u00c7\u00c3O<\/a>","<a href=\"https:\/\/sindaopcpb.org.br\/luiz-inacio-lula-da-silva\/\" class=\"advgb-post-tax-term\">Luiz In\u00e1cio Lula da Silva<\/a>","<a href=\"https:\/\/sindaopcpb.org.br\/minha-casa-minha-vida\/\" class=\"advgb-post-tax-term\">Minha Casa Minha Vida<\/a>","<a href=\"https:\/\/sindaopcpb.org.br\/moradia\/\" class=\"advgb-post-tax-term\">moradia<\/a>","<a href=\"https:\/\/sindaopcpb.org.br\/politica\/\" class=\"advgb-post-tax-term\">POLITICA<\/a>","<a href=\"https:\/\/sindaopcpb.org.br\/programas-sociais\/\" class=\"advgb-post-tax-term\">Programas Sociais<\/a>"],"unlinked":["<span class=\"advgb-post-tax-term\">G1<\/span>","<span class=\"advgb-post-tax-term\">HABITA\u00c7\u00c3O<\/span>","<span class=\"advgb-post-tax-term\">Luiz In\u00e1cio Lula da Silva<\/span>","<span class=\"advgb-post-tax-term\">Minha Casa Minha Vida<\/span>","<span class=\"advgb-post-tax-term\">moradia<\/span>","<span class=\"advgb-post-tax-term\">POLITICA<\/span>","<span class=\"advgb-post-tax-term\">Programas Sociais<\/span>"]},"tags":{"linked":["<a href=\"https:\/\/sindaopcpb.org.br\/programas-sociais\/\" class=\"advgb-post-tax-term\">g1<\/a>"],"unlinked":["<span class=\"advgb-post-tax-term\">g1<\/span>"]}},"comment_count":"0","relative_dates":{"created":"Publicado 3 anos atr\u00e1s","modified":"Atualizado 3 anos atr\u00e1s"},"absolute_dates":{"created":"Publicado em 14 de julho de 2023","modified":"Atualizado em 14 de julho de 2023"},"absolute_dates_time":{"created":"Publicado em 14 de julho de 2023 13:22","modified":"Atualizado em 14 de julho de 2023 13:22"},"featured_img_caption":"","series_order":"","_links":{"self":[{"href":"https:\/\/sindaopcpb.org.br\/index.php\/wp-json\/wp\/v2\/posts\/25553","targetHints":{"allow":["GET"]}}],"collection":[{"href":"https:\/\/sindaopcpb.org.br\/index.php\/wp-json\/wp\/v2\/posts"}],"about":[{"href":"https:\/\/sindaopcpb.org.br\/index.php\/wp-json\/wp\/v2\/types\/post"}],"author":[{"embeddable":true,"href":"https:\/\/sindaopcpb.org.br\/index.php\/wp-json\/wp\/v2\/users\/44"}],"replies":[{"embeddable":true,"href":"https:\/\/sindaopcpb.org.br\/index.php\/wp-json\/wp\/v2\/comments?post=25553"}],"version-history":[{"count":1,"href":"https:\/\/sindaopcpb.org.br\/index.php\/wp-json\/wp\/v2\/posts\/25553\/revisions"}],"predecessor-version":[{"id":25554,"href":"https:\/\/sindaopcpb.org.br\/index.php\/wp-json\/wp\/v2\/posts\/25553\/revisions\/25554"}],"wp:attachment":[{"href":"https:\/\/sindaopcpb.org.br\/index.php\/wp-json\/wp\/v2\/media?parent=25553"}],"wp:term":[{"taxonomy":"category","embeddable":true,"href":"https:\/\/sindaopcpb.org.br\/index.php\/wp-json\/wp\/v2\/categories?post=25553"},{"taxonomy":"post_tag","embeddable":true,"href":"https:\/\/sindaopcpb.org.br\/index.php\/wp-json\/wp\/v2\/tags?post=25553"}],"curies":[{"name":"wp","href":"https:\/\/api.w.org\/{rel}","templated":true}]}}