{"id":25549,"date":"2023-07-14T13:36:00","date_gmt":"2023-07-14T16:36:00","guid":{"rendered":"https:\/\/www.infomoney.com.br\/?p=2187998"},"modified":"2023-07-14T13:36:00","modified_gmt":"2023-07-14T16:36:00","slug":"campos-neto-esta-agindo-com-determinacao-de-politica-derrotada-nas-urnas-diz-marcio-macedo","status":"publish","type":"post","link":"https:\/\/sindaopcpb.org.br\/index.php\/2023\/07\/14\/campos-neto-esta-agindo-com-determinacao-de-politica-derrotada-nas-urnas-diz-marcio-macedo\/","title":{"rendered":"Campos Neto est\u00e1 agindo com determina\u00e7\u00e3o de pol\u00edtica derrotada nas urnas, diz M\u00e1rcio Mac\u00eado"},"content":{"rendered":"<p><img loading=\"lazy\" width=\"300\" height=\"200\" src=\"https:\/\/www.infomoney.com.br\/wp-content\/uploads\/2023\/04\/52845955800_cc83d5d195_z.jpg?fit=300%2C200&amp;quality=70&amp;strip=all\" class=\"attachment-medium size-medium wp-post-image\" alt=\"\" decoding=\"async\" style=\"float:right; margin:0 0 10px 10px;\" srcset=\"https:\/\/www.infomoney.com.br\/wp-content\/uploads\/2023\/04\/52845955800_cc83d5d195_z.jpg?w=640&amp;quality=70&amp;strip=all 640w, https:\/\/www.infomoney.com.br\/wp-content\/uploads\/2023\/04\/52845955800_cc83d5d195_z.jpg?w=300&amp;quality=70&amp;strip=all 300w, https:\/\/www.infomoney.com.br\/wp-content\/uploads\/2023\/04\/52845955800_cc83d5d195_z.jpg?w=150&amp;quality=70&amp;strip=all 150w\" sizes=\"auto, (max-width: 300px) 100vw, 300px\" data-attachment-id=\"2116492\" data-permalink=\"https:\/\/www.infomoney.com.br\/economia\/eu-sei-o-custo-da-inflacao-para-os-mais-pobres-afirma-campos-neto-em-audiencia-no-senado\/attachment\/52845955800_cc83d5d195_z\/\" data-orig-file=\"https:\/\/www.infomoney.com.br\/wp-content\/uploads\/2023\/04\/52845955800_cc83d5d195_z.jpg?fit=640%2C427&amp;quality=70&amp;strip=all\" data-orig-size=\"640,427\" data-comments-opened=\"0\" data-image-meta=\"{&quot;aperture&quot;:&quot;0&quot;,&quot;credit&quot;:&quot;Pedro Fran\\u00e7a\\\/Ag\\u00eancia Senado&quot;,&quot;camera&quot;:&quot;&quot;,&quot;caption&quot;:&quot;&quot;,&quot;created_timestamp&quot;:&quot;0&quot;,&quot;copyright&quot;:&quot;Senado Federal do Brasil&quot;,&quot;focal_length&quot;:&quot;0&quot;,&quot;iso&quot;:&quot;0&quot;,&quot;shutter_speed&quot;:&quot;0&quot;,&quot;title&quot;:&quot;&quot;,&quot;orientation&quot;:&quot;0&quot;}\" data-image-title=\"Presidente do Banco Central, Roberto Campos Neto, na CAE do Senado\" data-image-description=\"&lt;p&gt;Presidente do Banco Central, Roberto Campos Neto, na CAE do Senado (Foto: Pedro Fran\u00e7a\/Ag\u00eancia Senado) &lt;\/p&gt;\n\" data-image-caption=\"&lt;p&gt;Presidente do Banco Central, Roberto Campos Neto, na CAE do Senado &lt;\/p&gt;\n\" data-medium-file=\"https:\/\/www.infomoney.com.br\/wp-content\/uploads\/2023\/04\/52845955800_cc83d5d195_z.jpg?fit=300%2C200&amp;quality=70&amp;strip=all\" data-large-file=\"https:\/\/www.infomoney.com.br\/wp-content\/uploads\/2023\/04\/52845955800_cc83d5d195_z.jpg?fit=640%2C427&amp;quality=70&amp;strip=all\" title=\"\"><\/p>\n<p>O ministro M\u00e1rcio Mac\u00eado, da Secretaria-Geral da Presid\u00eancia da Rep\u00fablica, afirmou nesta sexta-feira que o presidente do Banco Central, Roberto Campos Neto, n\u00e3o pode se esconder atr\u00e1s da autonomia do BC para n\u00e3o cumprir seu papel constitucional.<\/p>\n<p>Ele defendeu que o Congresso convide Campos Neto para prestar contas. &#8220;N\u00e3o est\u00e1 em debate a autonomia do Banco Central&#8221;, pontuou. &#8220;O presidente do BC est\u00e1 agindo com determina\u00e7\u00e3o de uma pol\u00edtica que foi derrotada nas urnas nas \u00faltimas elei\u00e7\u00f5es&#8221;, emendou.<\/p>\n<p>Mac\u00eado disse que o Brasil inteiro est\u00e1 pedindo para os juros ca\u00edrem e que n\u00e3o \u00e9 poss\u00edvel o Pa\u00eds crescer o suficiente para resolver os problemas do povo com uma taxa Selic em 13,75%. &#8220;\u00c9 inadmiss\u00edvel a maior economia dos tr\u00f3picos estar com crescimento econ\u00f4mico freado por causa da posi\u00e7\u00e3o de uma pessoa&#8221;, declarou.<\/p>\n<p>The post <a rel=\"nofollow noopener\" href=\"https:\/\/www.infomoney.com.br\/politica\/campos-neto-esta-agindo-com-determinacao-de-politica-derrotada-nas-urnas-diz-marcio-macedo\/\" target=\"_blank\">Campos Neto est\u00e1 agindo com determina\u00e7\u00e3o de pol\u00edtica derrotada nas urnas, diz M\u00e1rcio Mac\u00eado<\/a> appeared first on <a rel=\"nofollow noopener\" href=\"https:\/\/www.infomoney.com.br\/\" target=\"_blank\">InfoMoney<\/a>.<\/p>\n","protected":false},"excerpt":{"rendered":"<p><img loading=\"lazy\" decoding=\"async\" width=\"300\" height=\"200\" src=\"https:\/\/www.infomoney.com.br\/wp-content\/uploads\/2023\/04\/52845955800_cc83d5d195_z.jpg?fit=300%2C200&amp;quality=70&amp;strip=all\" class=\"attachment-medium size-medium wp-post-image\" alt=\"\" data-attachment-id=\"2116492\" data-permalink=\"https:\/\/www.infomoney.com.br\/economia\/eu-sei-o-custo-da-inflacao-para-os-mais-pobres-afirma-campos-neto-em-audiencia-no-senado\/attachment\/52845955800_cc83d5d195_z\/\" data-orig-file=\"https:\/\/www.infomoney.com.br\/wp-content\/uploads\/2023\/04\/52845955800_cc83d5d195_z.jpg?fit=640%2C427&amp;quality=70&amp;strip=all\" data-orig-size=\"640,427\" data-comments-opened=\"0\" data-image-meta='{\"aperture\":\"0\",\"credit\":\"Pedro Fran\\u00e7a\\\/Ag\\u00eancia Senado\",\"camera\":\"\",\"caption\":\"\",\"created_timestamp\":\"0\",\"copyright\":\"Senado Federal do Brasil\",\"focal_length\":\"0\",\"iso\":\"0\",\"shutter_speed\":\"0\",\"title\":\"\",\"orientation\":\"0\"}' data-image-title=\"Presidente do Banco Central, Roberto Campos Neto, na CAE do Senado\" data-image-description=\"&lt;p&gt;Presidente do Banco Central, Roberto Campos Neto, na CAE do Senado (Foto: Pedro Fran\u00e7a\/Ag\u00eancia Senado) &lt;\/p&gt;\n\" data-image-caption=\"&lt;p&gt;Presidente do Banco Central, Roberto Campos Neto, na CAE do Senado &lt;\/p&gt;\n\" data-medium-file=\"https:\/\/www.infomoney.com.br\/wp-content\/uploads\/2023\/04\/52845955800_cc83d5d195_z.jpg?fit=300%2C200&amp;quality=70&amp;strip=all\" data-large-file=\"https:\/\/www.infomoney.com.br\/wp-content\/uploads\/2023\/04\/52845955800_cc83d5d195_z.jpg?fit=640%2C427&amp;quality=70&amp;strip=all\">Secret\u00e1rio-Geral da Presid\u00eancia da Rep\u00fablica diz que autonomia do Banco Central n\u00e3o est\u00e1 em debate<\/p>\n<p>The post <a rel=\"nofollow\" href=\"https:\/\/www.infomoney.com.br\/politica\/campos-neto-esta-agindo-com-determinacao-de-politica-derrotada-nas-urnas-diz-marcio-macedo\/\">Campos Neto est\u00e1 agindo com determina\u00e7\u00e3o de pol\u00edtica derrotada nas urnas, diz M\u00e1rcio Mac\u00eado<\/a> appeared first on <a rel=\"nofollow\" href=\"https:\/\/www.infomoney.com.br\/\">InfoMoney<\/a>.<\/p>\n","protected":false},"author":43,"featured_media":0,"comment_status":"closed","ping_status":"closed","sticky":false,"template":"","format":"standard","meta":{"advgb_blocks_editor_width":"","advgb_blocks_columns_visual_guide":"","footnotes":""},"categories":[279,34,47,281,402,1110,282],"tags":[35],"class_list":["post-25549","post","type-post","status-publish","format-standard","hentry","category-banco-central","category-g1","category-politica","category-politica-monetaria","category-roberto-campos-neto","category-selic","category-taxa-de-juros","tag-g1"],"author_meta":{"display_name":"Estad\u00e3o Conte\u00fado","author_link":"https:\/\/sindaopcpb.org.br\/author\/estadao-conteudo\/"},"featured_img":null,"coauthors":[],"tax_additional":{"categories":{"linked":["<a href=\"https:\/\/sindaopcpb.org.br\/banco-central\/\" class=\"advgb-post-tax-term\">Banco Central<\/a>","<a href=\"https:\/\/sindaopcpb.org.br\/g1\/\" class=\"advgb-post-tax-term\">G1<\/a>","<a href=\"https:\/\/sindaopcpb.org.br\/politica\/\" class=\"advgb-post-tax-term\">POLITICA<\/a>","<a href=\"https:\/\/sindaopcpb.org.br\/politica-monetaria\/\" class=\"advgb-post-tax-term\">Pol\u00edtica Monet\u00e1ria<\/a>","<a href=\"https:\/\/sindaopcpb.org.br\/roberto-campos-neto\/\" class=\"advgb-post-tax-term\">Roberto Campos Neto<\/a>","<a href=\"https:\/\/sindaopcpb.org.br\/selic\/\" class=\"advgb-post-tax-term\">Selic<\/a>","<a href=\"https:\/\/sindaopcpb.org.br\/taxa-de-juros\/\" class=\"advgb-post-tax-term\">Taxa de Juros<\/a>"],"unlinked":["<span class=\"advgb-post-tax-term\">Banco Central<\/span>","<span class=\"advgb-post-tax-term\">G1<\/span>","<span class=\"advgb-post-tax-term\">POLITICA<\/span>","<span class=\"advgb-post-tax-term\">Pol\u00edtica Monet\u00e1ria<\/span>","<span class=\"advgb-post-tax-term\">Roberto Campos Neto<\/span>","<span class=\"advgb-post-tax-term\">Selic<\/span>","<span class=\"advgb-post-tax-term\">Taxa de Juros<\/span>"]},"tags":{"linked":["<a href=\"https:\/\/sindaopcpb.org.br\/taxa-de-juros\/\" class=\"advgb-post-tax-term\">g1<\/a>"],"unlinked":["<span class=\"advgb-post-tax-term\">g1<\/span>"]}},"comment_count":"0","relative_dates":{"created":"Publicado 3 anos atr\u00e1s","modified":"Atualizado 3 anos atr\u00e1s"},"absolute_dates":{"created":"Publicado em 14 de julho de 2023","modified":"Atualizado em 14 de julho de 2023"},"absolute_dates_time":{"created":"Publicado em 14 de julho de 2023 13:36","modified":"Atualizado em 14 de julho de 2023 13:36"},"featured_img_caption":"","series_order":"","_links":{"self":[{"href":"https:\/\/sindaopcpb.org.br\/index.php\/wp-json\/wp\/v2\/posts\/25549","targetHints":{"allow":["GET"]}}],"collection":[{"href":"https:\/\/sindaopcpb.org.br\/index.php\/wp-json\/wp\/v2\/posts"}],"about":[{"href":"https:\/\/sindaopcpb.org.br\/index.php\/wp-json\/wp\/v2\/types\/post"}],"author":[{"embeddable":true,"href":"https:\/\/sindaopcpb.org.br\/index.php\/wp-json\/wp\/v2\/users\/43"}],"replies":[{"embeddable":true,"href":"https:\/\/sindaopcpb.org.br\/index.php\/wp-json\/wp\/v2\/comments?post=25549"}],"version-history":[{"count":1,"href":"https:\/\/sindaopcpb.org.br\/index.php\/wp-json\/wp\/v2\/posts\/25549\/revisions"}],"predecessor-version":[{"id":25550,"href":"https:\/\/sindaopcpb.org.br\/index.php\/wp-json\/wp\/v2\/posts\/25549\/revisions\/25550"}],"wp:attachment":[{"href":"https:\/\/sindaopcpb.org.br\/index.php\/wp-json\/wp\/v2\/media?parent=25549"}],"wp:term":[{"taxonomy":"category","embeddable":true,"href":"https:\/\/sindaopcpb.org.br\/index.php\/wp-json\/wp\/v2\/categories?post=25549"},{"taxonomy":"post_tag","embeddable":true,"href":"https:\/\/sindaopcpb.org.br\/index.php\/wp-json\/wp\/v2\/tags?post=25549"}],"curies":[{"name":"wp","href":"https:\/\/api.w.org\/{rel}","templated":true}]}}