{"id":25547,"date":"2023-07-14T13:43:00","date_gmt":"2023-07-14T16:43:00","guid":{"rendered":"https:\/\/www.infomoney.com.br\/?p=2188051"},"modified":"2023-07-14T13:43:00","modified_gmt":"2023-07-14T16:43:00","slug":"plateia-pede-fora-campos-neto-apos-critica-de-tebet-a-juros-em-evento-do-ppa","status":"publish","type":"post","link":"https:\/\/sindaopcpb.org.br\/index.php\/2023\/07\/14\/plateia-pede-fora-campos-neto-apos-critica-de-tebet-a-juros-em-evento-do-ppa\/","title":{"rendered":"Plateia pede \u2018Fora Campos Neto\u2019 ap\u00f3s cr\u00edtica de Tebet a juros em evento do PPA"},"content":{"rendered":"<p><img loading=\"lazy\" width=\"300\" height=\"200\" src=\"https:\/\/www.infomoney.com.br\/wp-content\/uploads\/2023\/04\/52845558401_f95dd6c695_z.jpg?fit=300%2C200&amp;quality=70&amp;strip=all\" class=\"attachment-medium size-medium wp-post-image\" alt=\"\" decoding=\"async\" style=\"float:right; margin:0 0 10px 10px;\" srcset=\"https:\/\/www.infomoney.com.br\/wp-content\/uploads\/2023\/04\/52845558401_f95dd6c695_z.jpg?w=640&amp;quality=70&amp;strip=all 640w, https:\/\/www.infomoney.com.br\/wp-content\/uploads\/2023\/04\/52845558401_f95dd6c695_z.jpg?w=300&amp;quality=70&amp;strip=all 300w, https:\/\/www.infomoney.com.br\/wp-content\/uploads\/2023\/04\/52845558401_f95dd6c695_z.jpg?w=150&amp;quality=70&amp;strip=all 150w\" sizes=\"auto, (max-width: 300px) 100vw, 300px\" data-attachment-id=\"2116494\" data-permalink=\"https:\/\/www.infomoney.com.br\/economia\/eu-sei-o-custo-da-inflacao-para-os-mais-pobres-afirma-campos-neto-em-audiencia-no-senado\/attachment\/52845558401_f95dd6c695_z\/\" data-orig-file=\"https:\/\/www.infomoney.com.br\/wp-content\/uploads\/2023\/04\/52845558401_f95dd6c695_z.jpg?fit=640%2C427&amp;quality=70&amp;strip=all\" data-orig-size=\"640,427\" data-comments-opened=\"0\" data-image-meta=\"{&quot;aperture&quot;:&quot;0&quot;,&quot;credit&quot;:&quot;Pedro Fran\\u00e7a\\\/Ag\\u00eancia Senado&quot;,&quot;camera&quot;:&quot;&quot;,&quot;caption&quot;:&quot;&quot;,&quot;created_timestamp&quot;:&quot;0&quot;,&quot;copyright&quot;:&quot;Senado Federal do Brasil&quot;,&quot;focal_length&quot;:&quot;0&quot;,&quot;iso&quot;:&quot;0&quot;,&quot;shutter_speed&quot;:&quot;0&quot;,&quot;title&quot;:&quot;&quot;,&quot;orientation&quot;:&quot;0&quot;}\" data-image-title=\"Presidente do Banco Central, Roberto Campos Neto, na CAE do Senado\" data-image-description=\"&lt;p&gt;Presidente do Banco Central, Roberto Campos Neto, na CAE do Senado (Foto: Pedro Fran\u00e7a\/Ag\u00eancia Senado) &lt;\/p&gt;\n\" data-image-caption=\"&lt;p&gt;Presidente do Banco Central, Roberto Campos Neto, na CAE do Senado &lt;\/p&gt;\n\" data-medium-file=\"https:\/\/www.infomoney.com.br\/wp-content\/uploads\/2023\/04\/52845558401_f95dd6c695_z.jpg?fit=300%2C200&amp;quality=70&amp;strip=all\" data-large-file=\"https:\/\/www.infomoney.com.br\/wp-content\/uploads\/2023\/04\/52845558401_f95dd6c695_z.jpg?fit=640%2C427&amp;quality=70&amp;strip=all\" title=\"\"><\/p>\n<p>A ministra do Planejamento e do Or\u00e7amento, Simone Tebet, reiterou, nesta sexta-feira (14), que s\u00f3 falta uma coisa cair para o Brasil voltar a crescer e gerar emprego e renda: o juro. No m\u00eas passado, o Comit\u00ea de Pol\u00edtica Monet\u00e1ria (Copom) do Banco Central manteve a Selic em 13,75% ao ano pela s\u00e9tima reuni\u00e3o consecutiva. Ap\u00f3s a fala de Tebet, a plateia se manifestou com gritos de &#8220;Fora Campos Neto&#8221;, em refer\u00eancia ao presidente do BC. A ministra participa da \u00faltima plen\u00e1ria de elabora\u00e7\u00e3o participativa do Plano Plurianual (PPA), em S\u00e3o Paulo. A afirma\u00e7\u00e3o ocorreu ap\u00f3s Tebet enumerar que a infla\u00e7\u00e3o, o d\u00f3lar e o desemprego j\u00e1 ca\u00edram desde o in\u00edcio do atual governo Lula.<\/p>\n<p>The post <a rel=\"nofollow noopener\" href=\"https:\/\/www.infomoney.com.br\/politica\/plateia-pede-fora-campos-neto-apos-critica-de-tebet-a-juros-em-evento-do-ppa\/\" target=\"_blank\">Plateia pede &#8216;Fora Campos Neto&#8217; ap\u00f3s cr\u00edtica de Tebet a juros em evento do PPA<\/a> appeared first on <a rel=\"nofollow noopener\" href=\"https:\/\/www.infomoney.com.br\/\" target=\"_blank\">InfoMoney<\/a>.<\/p>\n","protected":false},"excerpt":{"rendered":"<p><img loading=\"lazy\" decoding=\"async\" width=\"300\" height=\"200\" src=\"https:\/\/www.infomoney.com.br\/wp-content\/uploads\/2023\/04\/52845558401_f95dd6c695_z.jpg?fit=300%2C200&amp;quality=70&amp;strip=all\" class=\"attachment-medium size-medium wp-post-image\" alt=\"\" data-attachment-id=\"2116494\" data-permalink=\"https:\/\/www.infomoney.com.br\/economia\/eu-sei-o-custo-da-inflacao-para-os-mais-pobres-afirma-campos-neto-em-audiencia-no-senado\/attachment\/52845558401_f95dd6c695_z\/\" data-orig-file=\"https:\/\/www.infomoney.com.br\/wp-content\/uploads\/2023\/04\/52845558401_f95dd6c695_z.jpg?fit=640%2C427&amp;quality=70&amp;strip=all\" data-orig-size=\"640,427\" data-comments-opened=\"0\" data-image-meta='{\"aperture\":\"0\",\"credit\":\"Pedro Fran\\u00e7a\\\/Ag\\u00eancia Senado\",\"camera\":\"\",\"caption\":\"\",\"created_timestamp\":\"0\",\"copyright\":\"Senado Federal do Brasil\",\"focal_length\":\"0\",\"iso\":\"0\",\"shutter_speed\":\"0\",\"title\":\"\",\"orientation\":\"0\"}' data-image-title=\"Presidente do Banco Central, Roberto Campos Neto, na CAE do Senado\" data-image-description=\"&lt;p&gt;Presidente do Banco Central, Roberto Campos Neto, na CAE do Senado (Foto: Pedro Fran\u00e7a\/Ag\u00eancia Senado) &lt;\/p&gt;\n\" data-image-caption=\"&lt;p&gt;Presidente do Banco Central, Roberto Campos Neto, na CAE do Senado &lt;\/p&gt;\n\" data-medium-file=\"https:\/\/www.infomoney.com.br\/wp-content\/uploads\/2023\/04\/52845558401_f95dd6c695_z.jpg?fit=300%2C200&amp;quality=70&amp;strip=all\" data-large-file=\"https:\/\/www.infomoney.com.br\/wp-content\/uploads\/2023\/04\/52845558401_f95dd6c695_z.jpg?fit=640%2C427&amp;quality=70&amp;strip=all\">Ministra do Planejamento reiterou que a redu\u00e7\u00e3o da taxa Selic, atualmente em 13,75%, deve refletir em crescimento e gera\u00e7\u00e3o de emprego<\/p>\n<p>The post <a rel=\"nofollow\" href=\"https:\/\/www.infomoney.com.br\/politica\/plateia-pede-fora-campos-neto-apos-critica-de-tebet-a-juros-em-evento-do-ppa\/\">Plateia pede \u2018Fora Campos Neto\u2019 ap\u00f3s cr\u00edtica de Tebet a juros em evento do PPA<\/a> appeared first on <a rel=\"nofollow\" href=\"https:\/\/www.infomoney.com.br\/\">InfoMoney<\/a>.<\/p>\n","protected":false},"author":43,"featured_media":0,"comment_status":"closed","ping_status":"closed","sticky":false,"template":"","format":"standard","meta":{"advgb_blocks_editor_width":"","advgb_blocks_columns_visual_guide":"","footnotes":""},"categories":[279,34,47,281,402,360,282],"tags":[35],"class_list":["post-25547","post","type-post","status-publish","format-standard","hentry","category-banco-central","category-g1","category-politica","category-politica-monetaria","category-roberto-campos-neto","category-simone-tebet","category-taxa-de-juros","tag-g1"],"author_meta":{"display_name":"Estad\u00e3o Conte\u00fado","author_link":"https:\/\/sindaopcpb.org.br\/author\/estadao-conteudo\/"},"featured_img":null,"coauthors":[],"tax_additional":{"categories":{"linked":["<a href=\"https:\/\/sindaopcpb.org.br\/banco-central\/\" class=\"advgb-post-tax-term\">Banco Central<\/a>","<a href=\"https:\/\/sindaopcpb.org.br\/g1\/\" class=\"advgb-post-tax-term\">G1<\/a>","<a href=\"https:\/\/sindaopcpb.org.br\/politica\/\" class=\"advgb-post-tax-term\">POLITICA<\/a>","<a href=\"https:\/\/sindaopcpb.org.br\/politica-monetaria\/\" class=\"advgb-post-tax-term\">Pol\u00edtica Monet\u00e1ria<\/a>","<a href=\"https:\/\/sindaopcpb.org.br\/roberto-campos-neto\/\" class=\"advgb-post-tax-term\">Roberto Campos Neto<\/a>","<a href=\"https:\/\/sindaopcpb.org.br\/simone-tebet\/\" class=\"advgb-post-tax-term\">Simone Tebet<\/a>","<a href=\"https:\/\/sindaopcpb.org.br\/taxa-de-juros\/\" class=\"advgb-post-tax-term\">Taxa de Juros<\/a>"],"unlinked":["<span class=\"advgb-post-tax-term\">Banco Central<\/span>","<span class=\"advgb-post-tax-term\">G1<\/span>","<span class=\"advgb-post-tax-term\">POLITICA<\/span>","<span class=\"advgb-post-tax-term\">Pol\u00edtica Monet\u00e1ria<\/span>","<span class=\"advgb-post-tax-term\">Roberto Campos Neto<\/span>","<span class=\"advgb-post-tax-term\">Simone Tebet<\/span>","<span class=\"advgb-post-tax-term\">Taxa de Juros<\/span>"]},"tags":{"linked":["<a href=\"https:\/\/sindaopcpb.org.br\/taxa-de-juros\/\" class=\"advgb-post-tax-term\">g1<\/a>"],"unlinked":["<span class=\"advgb-post-tax-term\">g1<\/span>"]}},"comment_count":"0","relative_dates":{"created":"Publicado 3 anos atr\u00e1s","modified":"Atualizado 3 anos atr\u00e1s"},"absolute_dates":{"created":"Publicado em 14 de julho de 2023","modified":"Atualizado em 14 de julho de 2023"},"absolute_dates_time":{"created":"Publicado em 14 de julho de 2023 13:43","modified":"Atualizado em 14 de julho de 2023 13:43"},"featured_img_caption":"","series_order":"","_links":{"self":[{"href":"https:\/\/sindaopcpb.org.br\/index.php\/wp-json\/wp\/v2\/posts\/25547","targetHints":{"allow":["GET"]}}],"collection":[{"href":"https:\/\/sindaopcpb.org.br\/index.php\/wp-json\/wp\/v2\/posts"}],"about":[{"href":"https:\/\/sindaopcpb.org.br\/index.php\/wp-json\/wp\/v2\/types\/post"}],"author":[{"embeddable":true,"href":"https:\/\/sindaopcpb.org.br\/index.php\/wp-json\/wp\/v2\/users\/43"}],"replies":[{"embeddable":true,"href":"https:\/\/sindaopcpb.org.br\/index.php\/wp-json\/wp\/v2\/comments?post=25547"}],"version-history":[{"count":1,"href":"https:\/\/sindaopcpb.org.br\/index.php\/wp-json\/wp\/v2\/posts\/25547\/revisions"}],"predecessor-version":[{"id":25548,"href":"https:\/\/sindaopcpb.org.br\/index.php\/wp-json\/wp\/v2\/posts\/25547\/revisions\/25548"}],"wp:attachment":[{"href":"https:\/\/sindaopcpb.org.br\/index.php\/wp-json\/wp\/v2\/media?parent=25547"}],"wp:term":[{"taxonomy":"category","embeddable":true,"href":"https:\/\/sindaopcpb.org.br\/index.php\/wp-json\/wp\/v2\/categories?post=25547"},{"taxonomy":"post_tag","embeddable":true,"href":"https:\/\/sindaopcpb.org.br\/index.php\/wp-json\/wp\/v2\/tags?post=25547"}],"curies":[{"name":"wp","href":"https:\/\/api.w.org\/{rel}","templated":true}]}}