{"id":25503,"date":"2023-07-14T10:30:06","date_gmt":"2023-07-14T13:30:06","guid":{"rendered":"https:\/\/www.infomoney.com.br\/?p=2187712"},"modified":"2023-07-14T10:30:06","modified_gmt":"2023-07-14T13:30:06","slug":"barroso-diz-que-nao-quis-ofender-eleitores-de-bolsonaro-em-fala-na-une","status":"publish","type":"post","link":"https:\/\/sindaopcpb.org.br\/index.php\/2023\/07\/14\/barroso-diz-que-nao-quis-ofender-eleitores-de-bolsonaro-em-fala-na-une\/","title":{"rendered":"Barroso diz que n\u00e3o quis ofender eleitores de Bolsonaro em fala na UNE"},"content":{"rendered":"<p><img loading=\"lazy\" width=\"300\" height=\"200\" src=\"https:\/\/www.infomoney.com.br\/wp-content\/uploads\/2019\/06\/luis-roberto-barroso-2.jpg?fit=300%2C200&amp;quality=70&amp;strip=all\" class=\"attachment-medium size-medium wp-post-image\" alt=\"\" decoding=\"async\" style=\"float:right; margin:0 0 10px 10px;\" srcset=\"https:\/\/www.infomoney.com.br\/wp-content\/uploads\/2019\/06\/luis-roberto-barroso-2.jpg?w=900&amp;quality=70&amp;strip=all 900w, https:\/\/www.infomoney.com.br\/wp-content\/uploads\/2019\/06\/luis-roberto-barroso-2.jpg?w=300&amp;quality=70&amp;strip=all 300w, https:\/\/www.infomoney.com.br\/wp-content\/uploads\/2019\/06\/luis-roberto-barroso-2.jpg?w=768&amp;quality=70&amp;strip=all 768w, https:\/\/www.infomoney.com.br\/wp-content\/uploads\/2019\/06\/luis-roberto-barroso-2.jpg?w=150&amp;quality=70&amp;strip=all 150w\" sizes=\"auto, (max-width: 300px) 100vw, 300px\" data-attachment-id=\"56452\" data-permalink=\"https:\/\/www.infomoney.com.br\/luis-roberto-barroso-2\/\" data-orig-file=\"https:\/\/www.infomoney.com.br\/wp-content\/uploads\/2019\/06\/luis-roberto-barroso-2.jpg?fit=900%2C600&amp;quality=70&amp;strip=all\" data-orig-size=\"900,600\" data-comments-opened=\"1\" data-image-meta=\"{&quot;aperture&quot;:&quot;0&quot;,&quot;credit&quot;:&quot;&quot;,&quot;camera&quot;:&quot;&quot;,&quot;caption&quot;:&quot;&quot;,&quot;created_timestamp&quot;:&quot;0&quot;,&quot;copyright&quot;:&quot;&quot;,&quot;focal_length&quot;:&quot;0&quot;,&quot;iso&quot;:&quot;0&quot;,&quot;shutter_speed&quot;:&quot;0&quot;,&quot;title&quot;:&quot;&quot;,&quot;orientation&quot;:&quot;0&quot;}\" data-image-title=\"luis-roberto-barroso-2\" data-image-description=\"\" data-image-caption=\"\" data-medium-file=\"https:\/\/www.infomoney.com.br\/wp-content\/uploads\/2019\/06\/luis-roberto-barroso-2.jpg?fit=300%2C200&amp;quality=70&amp;strip=all\" data-large-file=\"https:\/\/www.infomoney.com.br\/wp-content\/uploads\/2019\/06\/luis-roberto-barroso-2.jpg?fit=900%2C600&amp;quality=70&amp;strip=all\" title=\"\"><\/p>\n<p>O ministro Lu\u00eds Roberto Barroso, do Supremo Tribunal Federal (STF), disse, nesta quinta-feira (13), que n\u00e3o quis ofender os eleitores do ex-presidente Jair Bolsonaro ao utilizar a express\u00e3o &#8220;derrotamos o bolsonarismo&#8221; durante a abertura do 59\u00b0 Congresso da Uni\u00e3o Nacional dos Estudantes (UNE), em Bras\u00edlia. Em nota divulgada \u00e0 imprensa, Barroso disse que respeita todos os eleitores e pol\u00edticos.<\/p>\n<p>&#8220;Na data de ontem, em Congresso da Uni\u00e3o Nacional dos Estudantes, utilizei a express\u00e3o &#8216;Derrotamos o Bolsonarismo&#8217;, quando na verdade me referia ao extremismo golpista e violento que se manifestou no 8 de janeiro e que corresponde a uma minoria. Jamais pretendi ofender os 58 milh\u00f5es de eleitores do ex-presidente nem criticar uma vis\u00e3o de mundo conservadora e democr\u00e1tica, que \u00e9 perfeitamente leg\u00edtima. Tenho o maior respeito por todos os eleitores e por todos os pol\u00edticos democratas, sejam eles conservadores, liberais ou progressistas&#8221;, afirmou.<\/p>\n<p>Ontem (12), na abertura do congresso, Barroso participou um ato em defesa da democracia e de combate ao discurso de \u00f3dio no pa\u00eds. Ele lembrou sua atua\u00e7\u00e3o no movimento estudantil e afirmou que o pa\u00eds derrotou &#8220;a ditadura e o bolsonarismo&#8221;.<\/p>\n<p>No in\u00edcio do discurso, o ministro tamb\u00e9m foi vaiado por um grupo de estudantes que exibiu uma faixa com os dizeres \u201cBarroso inimigo da enfermagem e articulador do golpe de 2016\u201d.<\/p>\n<p>Em seguida, ele disse que a manifesta\u00e7\u00e3o faz parte da democracia e rebateu as acusa\u00e7\u00f5es. Barroso \u00e9 relator do caso no Supremo e disse que suspendeu, no ano passado, o pagamento do piso nacional dos enfermeiros para viabilizar os recursos para garantir os repasses.<\/p>\n<p>\u201cEu venho do movimento estudantil. De modo que nada que est\u00e1 acontecendo aqui me \u00e9 estranho. J\u00e1 enfrentei a ditadura e j\u00e1 enfrentei o bolsonarismo. E mais que isso, foi eu que consegui o dinheiro da enfermagem porque n\u00e3o tinha dinheiro. N\u00e3o tenho medo de vaia porque temos um pa\u00eds para construir\u201d, afirmou.<\/p>\n<p>A nota do ministro \u00e9 o segundo posicionamento divulgado hoje sobre o caso. Mais cedo, o STF divulgou outra nota para esclarecer as declara\u00e7\u00f5es.<\/p>\n<p>Ap\u00f3s as declara\u00e7\u00f5es de Barroso, parlamentares ligados ao ex-presidente Jair Bolsonaro foram \u00e0s redes sociais e prometeram protocolar um pedido de impeachment do ministro no Senado.<\/p>\n<p>The post <a rel=\"nofollow noopener\" href=\"https:\/\/www.infomoney.com.br\/politica\/barroso-diz-que-nao-quis-ofender-eleitores-de-bolsonaro-em-fala-na-une\/\" target=\"_blank\">Barroso diz que n\u00e3o quis ofender eleitores de Bolsonaro em fala na UNE<\/a> appeared first on <a rel=\"nofollow noopener\" href=\"https:\/\/www.infomoney.com.br\/\" target=\"_blank\">InfoMoney<\/a>.<\/p>\n","protected":false},"excerpt":{"rendered":"<p><img loading=\"lazy\" decoding=\"async\" width=\"300\" height=\"200\" src=\"https:\/\/www.infomoney.com.br\/wp-content\/uploads\/2019\/06\/luis-roberto-barroso-2.jpg?fit=300%2C200&amp;quality=70&amp;strip=all\" class=\"attachment-medium size-medium wp-post-image\" alt=\"\" data-attachment-id=\"56452\" data-permalink=\"https:\/\/www.infomoney.com.br\/luis-roberto-barroso-2\/\" data-orig-file=\"https:\/\/www.infomoney.com.br\/wp-content\/uploads\/2019\/06\/luis-roberto-barroso-2.jpg?fit=900%2C600&amp;quality=70&amp;strip=all\" data-orig-size=\"900,600\" data-comments-opened=\"1\" data-image-meta='{\"aperture\":\"0\",\"credit\":\"\",\"camera\":\"\",\"caption\":\"\",\"created_timestamp\":\"0\",\"copyright\":\"\",\"focal_length\":\"0\",\"iso\":\"0\",\"shutter_speed\":\"0\",\"title\":\"\",\"orientation\":\"0\"}' data-image-title=\"luis-roberto-barroso-2\" data-image-description=\"\" data-image-caption=\"\" data-medium-file=\"https:\/\/www.infomoney.com.br\/wp-content\/uploads\/2019\/06\/luis-roberto-barroso-2.jpg?fit=300%2C200&amp;quality=70&amp;strip=all\" data-large-file=\"https:\/\/www.infomoney.com.br\/wp-content\/uploads\/2019\/06\/luis-roberto-barroso-2.jpg?fit=900%2C600&amp;quality=70&amp;strip=all\">Em nota, ministro disse que respeita todos os eleitores e pol\u00edticos<\/p>\n<p>The post <a rel=\"nofollow\" href=\"https:\/\/www.infomoney.com.br\/politica\/barroso-diz-que-nao-quis-ofender-eleitores-de-bolsonaro-em-fala-na-une\/\">Barroso diz que n\u00e3o quis ofender eleitores de Bolsonaro em fala na UNE<\/a> appeared first on <a rel=\"nofollow\" href=\"https:\/\/www.infomoney.com.br\/\">InfoMoney<\/a>.<\/p>\n","protected":false},"author":44,"featured_media":0,"comment_status":"closed","ping_status":"closed","sticky":false,"template":"","format":"standard","meta":{"advgb_blocks_editor_width":"","advgb_blocks_columns_visual_guide":"","footnotes":""},"categories":[1662,34,135,1391,47,449],"tags":[35],"class_list":["post-25503","post","type-post","status-publish","format-standard","hentry","category-eleicoes","category-g1","category-jair-bolsonaro","category-luis-roberto-barroso","category-politica","category-stf","tag-g1"],"author_meta":{"display_name":"Ag\u00eancia Brasil","author_link":"https:\/\/sindaopcpb.org.br\/author\/agencia-brasil\/"},"featured_img":null,"coauthors":[],"tax_additional":{"categories":{"linked":["<a href=\"https:\/\/sindaopcpb.org.br\/eleicoes\/\" class=\"advgb-post-tax-term\">Elei\u00e7\u00f5es<\/a>","<a href=\"https:\/\/sindaopcpb.org.br\/g1\/\" class=\"advgb-post-tax-term\">G1<\/a>","<a href=\"https:\/\/sindaopcpb.org.br\/jair-bolsonaro\/\" class=\"advgb-post-tax-term\">Jair Bolsonaro<\/a>","<a href=\"https:\/\/sindaopcpb.org.br\/luis-roberto-barroso\/\" class=\"advgb-post-tax-term\">Lu\u00eds Roberto Barroso<\/a>","<a href=\"https:\/\/sindaopcpb.org.br\/politica\/\" class=\"advgb-post-tax-term\">POLITICA<\/a>","<a href=\"https:\/\/sindaopcpb.org.br\/stf\/\" class=\"advgb-post-tax-term\">STF<\/a>"],"unlinked":["<span class=\"advgb-post-tax-term\">Elei\u00e7\u00f5es<\/span>","<span class=\"advgb-post-tax-term\">G1<\/span>","<span class=\"advgb-post-tax-term\">Jair Bolsonaro<\/span>","<span class=\"advgb-post-tax-term\">Lu\u00eds Roberto Barroso<\/span>","<span class=\"advgb-post-tax-term\">POLITICA<\/span>","<span class=\"advgb-post-tax-term\">STF<\/span>"]},"tags":{"linked":["<a href=\"https:\/\/sindaopcpb.org.br\/stf\/\" class=\"advgb-post-tax-term\">g1<\/a>"],"unlinked":["<span class=\"advgb-post-tax-term\">g1<\/span>"]}},"comment_count":"0","relative_dates":{"created":"Publicado 3 anos atr\u00e1s","modified":"Atualizado 3 anos atr\u00e1s"},"absolute_dates":{"created":"Publicado em 14 de julho de 2023","modified":"Atualizado em 14 de julho de 2023"},"absolute_dates_time":{"created":"Publicado em 14 de julho de 2023 10:30","modified":"Atualizado em 14 de julho de 2023 10:30"},"featured_img_caption":"","series_order":"","_links":{"self":[{"href":"https:\/\/sindaopcpb.org.br\/index.php\/wp-json\/wp\/v2\/posts\/25503","targetHints":{"allow":["GET"]}}],"collection":[{"href":"https:\/\/sindaopcpb.org.br\/index.php\/wp-json\/wp\/v2\/posts"}],"about":[{"href":"https:\/\/sindaopcpb.org.br\/index.php\/wp-json\/wp\/v2\/types\/post"}],"author":[{"embeddable":true,"href":"https:\/\/sindaopcpb.org.br\/index.php\/wp-json\/wp\/v2\/users\/44"}],"replies":[{"embeddable":true,"href":"https:\/\/sindaopcpb.org.br\/index.php\/wp-json\/wp\/v2\/comments?post=25503"}],"version-history":[{"count":1,"href":"https:\/\/sindaopcpb.org.br\/index.php\/wp-json\/wp\/v2\/posts\/25503\/revisions"}],"predecessor-version":[{"id":25504,"href":"https:\/\/sindaopcpb.org.br\/index.php\/wp-json\/wp\/v2\/posts\/25503\/revisions\/25504"}],"wp:attachment":[{"href":"https:\/\/sindaopcpb.org.br\/index.php\/wp-json\/wp\/v2\/media?parent=25503"}],"wp:term":[{"taxonomy":"category","embeddable":true,"href":"https:\/\/sindaopcpb.org.br\/index.php\/wp-json\/wp\/v2\/categories?post=25503"},{"taxonomy":"post_tag","embeddable":true,"href":"https:\/\/sindaopcpb.org.br\/index.php\/wp-json\/wp\/v2\/tags?post=25503"}],"curies":[{"name":"wp","href":"https:\/\/api.w.org\/{rel}","templated":true}]}}