{"id":25501,"date":"2023-07-14T10:33:04","date_gmt":"2023-07-14T13:33:04","guid":{"rendered":"https:\/\/www.infomoney.com.br\/?p=2187719"},"modified":"2023-07-14T10:33:04","modified_gmt":"2023-07-14T13:33:04","slug":"supremo-esclarece-fala-de-barroso-em-congresso-da-une","status":"publish","type":"post","link":"https:\/\/sindaopcpb.org.br\/index.php\/2023\/07\/14\/supremo-esclarece-fala-de-barroso-em-congresso-da-une\/","title":{"rendered":"Supremo esclarece fala de Barroso em congresso da UNE"},"content":{"rendered":"<p><img loading=\"lazy\" width=\"300\" height=\"179\" src=\"https:\/\/www.infomoney.com.br\/wp-content\/uploads\/2023\/06\/stf-justica.jpg?fit=300%2C179&amp;quality=70&amp;strip=all\" class=\"attachment-medium size-medium wp-post-image\" alt=\"\" decoding=\"async\" style=\"float:right; margin:0 0 10px 10px;\" srcset=\"https:\/\/www.infomoney.com.br\/wp-content\/uploads\/2023\/06\/stf-justica.jpg?w=1170&amp;quality=70&amp;strip=all 1170w, https:\/\/www.infomoney.com.br\/wp-content\/uploads\/2023\/06\/stf-justica.jpg?w=300&amp;quality=70&amp;strip=all 300w, https:\/\/www.infomoney.com.br\/wp-content\/uploads\/2023\/06\/stf-justica.jpg?w=768&amp;quality=70&amp;strip=all 768w, https:\/\/www.infomoney.com.br\/wp-content\/uploads\/2023\/06\/stf-justica.jpg?w=150&amp;quality=70&amp;strip=all 150w\" sizes=\"auto, (max-width: 300px) 100vw, 300px\" data-attachment-id=\"2173041\" data-permalink=\"https:\/\/www.infomoney.com.br\/consumo\/trabalhadores-da-gm-aprovam-layoff-em-sao-jose-dos-campos-vw-paralisa-producao-em-fabricas\/attachment\/fachada-do-edificio-sede-do-supremo-tribunal-federal-stf\/\" data-orig-file=\"https:\/\/www.infomoney.com.br\/wp-content\/uploads\/2023\/06\/stf-justica.jpg?fit=1170%2C700&amp;quality=70&amp;strip=all\" data-orig-size=\"1170,700\" data-comments-opened=\"0\" data-image-meta=\"{&quot;aperture&quot;:&quot;4&quot;,&quot;credit&quot;:&quot;Marcello Casal JrAg\\u00eancia Brasil&quot;,&quot;camera&quot;:&quot;NIKON D4&quot;,&quot;caption&quot;:&quot;Fachada do edif\\u00edcio sede do Supremo Tribunal Federal - STF&quot;,&quot;created_timestamp&quot;:&quot;1597835070&quot;,&quot;copyright&quot;:&quot;Agencia Brasil-EBC&quot;,&quot;focal_length&quot;:&quot;600&quot;,&quot;iso&quot;:&quot;250&quot;,&quot;shutter_speed&quot;:&quot;0.00015625&quot;,&quot;title&quot;:&quot;Fachada do edif\\u00edcio sede do Supremo Tribunal Federal - STF&quot;,&quot;orientation&quot;:&quot;1&quot;}\" data-image-title=\"Est\u00e1tua da Justi\u00e7a em frente ao STF\" data-image-description=\"\" data-image-caption=\"&lt;p&gt;Est\u00e1tua &#8220;A Justi\u00e7a&#8221;, escultura de Alfredo Ceschiatti em frente ao edif\u00edcio-sede do Supremo Tribunal Federal (STF) em Bras\u00edlia (Foto: Marcello Casal Jr.\/Ag\u00eancia Brasil)&lt;\/p&gt;\n\" data-medium-file=\"https:\/\/www.infomoney.com.br\/wp-content\/uploads\/2023\/06\/stf-justica.jpg?fit=300%2C179&amp;quality=70&amp;strip=all\" data-large-file=\"https:\/\/www.infomoney.com.br\/wp-content\/uploads\/2023\/06\/stf-justica.jpg?fit=1170%2C700&amp;quality=70&amp;strip=all\" title=\"\"><\/p>\n<p>O Supremo Tribunal Federal (STF) divulgou nesta quinta-feira (13) uma nota \u00e0 imprensa para esclarecer as declara\u00e7\u00f5es do ministro Lu\u00eds Roberto Barroso, vaiado na abertura do 59\u00b0 Congresso da Uni\u00e3o Nacional dos Estudantes (UNE), em Bras\u00edlia, em sua fala.<\/p>\n<p>Segundo a assessoria da Corte, o ministro se referiu ao voto popular ao declarar que a ditadura e o bolsonarismo foram derrotados.<\/p>\n<p>&#8220;Como se extrai claramente do contexto da fala do ministro Barroso, a frase &#8216;N\u00f3s derrotamos a ditadura e o bolsonarismo&#8217; referia-se ao voto popular e n\u00e3o \u00e0 atua\u00e7\u00e3o de qualquer institui\u00e7\u00e3o&#8221;, esclarece o Supremo.<\/p>\n<p>Na quarta-feira (12), na abertura do congresso, Barroso participou um ato em defesa da democracia e de combate ao discurso de \u00f3dio no pa\u00eds. Ele lembrou de sua atua\u00e7\u00e3o no movimento estudantil e afirmou que o pa\u00eds derrotou &#8220;a ditadura e o bolsonarismo&#8221;.<\/p>\n<p>No in\u00edcio do discurso, o ministro foi vaiado por um grupo de estudantes que exibiu uma faixa com os dizeres \u201cBarroso inimigo da enfermagem e articulador do golpe de 2016\u201d.<\/p>\n<p>Em seguida, ele disse que a manifesta\u00e7\u00e3o faz parte da democracia e rebateu as acusa\u00e7\u00f5es. Barroso \u00e9 relator do caso no Supremo e disse que suspendeu, no ano passado, o pagamento do piso nacional dos enfermeiros para viabilizar os recursos para garantir os repasses.<\/p>\n<p>\u201cEu venho do movimento estudantil. De modo que nada que est\u00e1 acontecendo aqui me \u00e9 estranho. J\u00e1 enfrentei a ditadura e j\u00e1 enfrentei o bolsonarismo. E mais que isso, foi eu que consegui o dinheiro da enfermagem porque n\u00e3o tinha dinheiro. N\u00e3o tenho medo de vaia porque temos um pa\u00eds para construir\u201d, afirmou.<\/p>\n<p>Ap\u00f3s as declara\u00e7\u00f5es de Barroso, parlamentares ligados ao ex-presidente Jair Bolsonaro foram \u00e0s redes sociais e prometeram protocolar um pedido de impeachment do ministro no Senado.<\/p>\n<p>A \u00edntegra da nota divulgada pelo STF:<\/p>\n<p>&#8220;O ministro do STF Lu\u00eds Roberto Barroso, o ministro da Justi\u00e7a, Flavio Dino, e o deputado federal Orlando Silva estiveram juntos, no Congresso da UNE, para uma breve interven\u00e7\u00e3o sobre autoritarismo e discursos de \u00f3dio. Todos eles participaram do movimento estudantil na sua juventude. Apesar do divulgado, os tr\u00eas foram muito aplaudidos. As vaias &#8211; que fazem parte da democracia &#8211; vieram de um pequeno grupo ligado ao Partido Comunista Brasileiro, que faz oposi\u00e7\u00e3o \u00e0 atual gest\u00e3o da UNE. Como se extrai claramente do contexto da fala do ministro Barroso, a frase &#8216;N\u00f3s derrotamos a ditadura e o bolsonarismo&#8217; referia-se ao voto popular e n\u00e3o \u00e0 atua\u00e7\u00e3o de qualquer institui\u00e7\u00e3o&#8221;, esclareceu o STF.<\/p>\n<p>The post <a rel=\"nofollow noopener\" href=\"https:\/\/www.infomoney.com.br\/politica\/supremo-esclarece-fala-de-barroso-em-congresso-da-une\/\" target=\"_blank\">Supremo esclarece fala de Barroso em congresso da UNE<\/a> appeared first on <a rel=\"nofollow noopener\" href=\"https:\/\/www.infomoney.com.br\/\" target=\"_blank\">InfoMoney<\/a>.<\/p>\n","protected":false},"excerpt":{"rendered":"<p><img loading=\"lazy\" decoding=\"async\" width=\"300\" height=\"179\" src=\"https:\/\/www.infomoney.com.br\/wp-content\/uploads\/2023\/06\/stf-justica.jpg?fit=300%2C179&amp;quality=70&amp;strip=all\" class=\"attachment-medium size-medium wp-post-image\" alt=\"\" data-attachment-id=\"2173041\" data-permalink=\"https:\/\/www.infomoney.com.br\/consumo\/trabalhadores-da-gm-aprovam-layoff-em-sao-jose-dos-campos-vw-paralisa-producao-em-fabricas\/attachment\/fachada-do-edificio-sede-do-supremo-tribunal-federal-stf\/\" data-orig-file=\"https:\/\/www.infomoney.com.br\/wp-content\/uploads\/2023\/06\/stf-justica.jpg?fit=1170%2C700&amp;quality=70&amp;strip=all\" data-orig-size=\"1170,700\" data-comments-opened=\"0\" data-image-meta='{\"aperture\":\"4\",\"credit\":\"Marcello Casal JrAg\\u00eancia Brasil\",\"camera\":\"NIKON D4\",\"caption\":\"Fachada do edif\\u00edcio sede do Supremo Tribunal Federal - STF\",\"created_timestamp\":\"1597835070\",\"copyright\":\"Agencia Brasil-EBC\",\"focal_length\":\"600\",\"iso\":\"250\",\"shutter_speed\":\"0.00015625\",\"title\":\"Fachada do edif\\u00edcio sede do Supremo Tribunal Federal - STF\",\"orientation\":\"1\"}' data-image-title=\"Est\u00e1tua da Justi\u00e7a em frente ao STF\" data-image-description=\"\" data-image-caption=\"&lt;p&gt;Est\u00e1tua \u201cA Justi\u00e7a\u201d, escultura de Alfredo Ceschiatti em frente ao edif\u00edcio-sede do Supremo Tribunal Federal (STF) em Bras\u00edlia (Foto: Marcello Casal Jr.\/Ag\u00eancia Brasil)&lt;\/p&gt;\n\" data-medium-file=\"https:\/\/www.infomoney.com.br\/wp-content\/uploads\/2023\/06\/stf-justica.jpg?fit=300%2C179&amp;quality=70&amp;strip=all\" data-large-file=\"https:\/\/www.infomoney.com.br\/wp-content\/uploads\/2023\/06\/stf-justica.jpg?fit=1170%2C700&amp;quality=70&amp;strip=all\">Ministro foi vaiado ao participar da abertura do encontro estudantil<\/p>\n<p>The post <a rel=\"nofollow\" href=\"https:\/\/www.infomoney.com.br\/politica\/supremo-esclarece-fala-de-barroso-em-congresso-da-une\/\">Supremo esclarece fala de Barroso em congresso da UNE<\/a> appeared first on <a rel=\"nofollow\" href=\"https:\/\/www.infomoney.com.br\/\">InfoMoney<\/a>.<\/p>\n","protected":false},"author":44,"featured_media":0,"comment_status":"closed","ping_status":"closed","sticky":false,"template":"","format":"standard","meta":{"advgb_blocks_editor_width":"","advgb_blocks_columns_visual_guide":"","footnotes":""},"categories":[34,135,1391,47,449],"tags":[35],"class_list":["post-25501","post","type-post","status-publish","format-standard","hentry","category-g1","category-jair-bolsonaro","category-luis-roberto-barroso","category-politica","category-stf","tag-g1"],"author_meta":{"display_name":"Ag\u00eancia Brasil","author_link":"https:\/\/sindaopcpb.org.br\/author\/agencia-brasil\/"},"featured_img":null,"coauthors":[],"tax_additional":{"categories":{"linked":["<a href=\"https:\/\/sindaopcpb.org.br\/g1\/\" class=\"advgb-post-tax-term\">G1<\/a>","<a href=\"https:\/\/sindaopcpb.org.br\/jair-bolsonaro\/\" class=\"advgb-post-tax-term\">Jair Bolsonaro<\/a>","<a href=\"https:\/\/sindaopcpb.org.br\/luis-roberto-barroso\/\" class=\"advgb-post-tax-term\">Lu\u00eds Roberto Barroso<\/a>","<a href=\"https:\/\/sindaopcpb.org.br\/politica\/\" class=\"advgb-post-tax-term\">POLITICA<\/a>","<a href=\"https:\/\/sindaopcpb.org.br\/stf\/\" class=\"advgb-post-tax-term\">STF<\/a>"],"unlinked":["<span class=\"advgb-post-tax-term\">G1<\/span>","<span class=\"advgb-post-tax-term\">Jair Bolsonaro<\/span>","<span class=\"advgb-post-tax-term\">Lu\u00eds Roberto Barroso<\/span>","<span class=\"advgb-post-tax-term\">POLITICA<\/span>","<span class=\"advgb-post-tax-term\">STF<\/span>"]},"tags":{"linked":["<a href=\"https:\/\/sindaopcpb.org.br\/stf\/\" class=\"advgb-post-tax-term\">g1<\/a>"],"unlinked":["<span class=\"advgb-post-tax-term\">g1<\/span>"]}},"comment_count":"0","relative_dates":{"created":"Publicado 3 anos atr\u00e1s","modified":"Atualizado 3 anos atr\u00e1s"},"absolute_dates":{"created":"Publicado em 14 de julho de 2023","modified":"Atualizado em 14 de julho de 2023"},"absolute_dates_time":{"created":"Publicado em 14 de julho de 2023 10:33","modified":"Atualizado em 14 de julho de 2023 10:33"},"featured_img_caption":"","series_order":"","_links":{"self":[{"href":"https:\/\/sindaopcpb.org.br\/index.php\/wp-json\/wp\/v2\/posts\/25501","targetHints":{"allow":["GET"]}}],"collection":[{"href":"https:\/\/sindaopcpb.org.br\/index.php\/wp-json\/wp\/v2\/posts"}],"about":[{"href":"https:\/\/sindaopcpb.org.br\/index.php\/wp-json\/wp\/v2\/types\/post"}],"author":[{"embeddable":true,"href":"https:\/\/sindaopcpb.org.br\/index.php\/wp-json\/wp\/v2\/users\/44"}],"replies":[{"embeddable":true,"href":"https:\/\/sindaopcpb.org.br\/index.php\/wp-json\/wp\/v2\/comments?post=25501"}],"version-history":[{"count":1,"href":"https:\/\/sindaopcpb.org.br\/index.php\/wp-json\/wp\/v2\/posts\/25501\/revisions"}],"predecessor-version":[{"id":25502,"href":"https:\/\/sindaopcpb.org.br\/index.php\/wp-json\/wp\/v2\/posts\/25501\/revisions\/25502"}],"wp:attachment":[{"href":"https:\/\/sindaopcpb.org.br\/index.php\/wp-json\/wp\/v2\/media?parent=25501"}],"wp:term":[{"taxonomy":"category","embeddable":true,"href":"https:\/\/sindaopcpb.org.br\/index.php\/wp-json\/wp\/v2\/categories?post=25501"},{"taxonomy":"post_tag","embeddable":true,"href":"https:\/\/sindaopcpb.org.br\/index.php\/wp-json\/wp\/v2\/tags?post=25501"}],"curies":[{"name":"wp","href":"https:\/\/api.w.org\/{rel}","templated":true}]}}