{"id":25437,"date":"2023-07-14T08:11:37","date_gmt":"2023-07-14T11:11:37","guid":{"rendered":"https:\/\/g1.globo.com\/pb\/paraiba\/noticia\/2023\/07\/14\/vereadores-de-sao-jose-dos-cordeiros-e-de-sao-bento-sao-cassados-pelo-tre-pb-por-fraude-na-cota-de-genero.ghtml"},"modified":"2023-07-14T08:11:37","modified_gmt":"2023-07-14T11:11:37","slug":"vereadores-de-sao-jose-dos-cordeiros-e-de-sao-bento-sao-cassados-pelo-tre-pb-por-fraude-na-cota-de-genero","status":"publish","type":"post","link":"https:\/\/sindaopcpb.org.br\/index.php\/2023\/07\/14\/vereadores-de-sao-jose-dos-cordeiros-e-de-sao-bento-sao-cassados-pelo-tre-pb-por-fraude-na-cota-de-genero\/","title":{"rendered":"Vereadores de S\u00e3o Jos\u00e9 dos Cordeiros e de S\u00e3o Bento s\u00e3o cassados pelo TRE-PB por fraude na cota de g\u00eanero"},"content":{"rendered":"   <img src=\"https:\/\/s2.glbimg.com\/9sPbwwnY-eZWwoyhFYca-8A7LBQ=\/i.s3.glbimg.com\/v1\/AUTH_59edd422c0c84a879bd37670ae4f538a\/internal_photos\/bs\/2022\/L\/C\/MsgChQSKiX9KB7wDb41A\/tre-pb-sede-tre-pb-tribunal-regional-eleitoral-paraiba-joao-pessoa.jpg\" \/><br \/>     Quatro vereadores eleitos em 2020, sendo tr\u00eas em S\u00e3o Jos\u00e9 dos Cordeiros e uma em S\u00e3o Bento. Munic\u00edpios devem recontar os votos para substituir os parlamentares cassados. Sede do Tribunal Regional Eleitoral da Para\u00edba (TRE-PB) em Jo\u00e3o Pessoa \nFrancisco Fran\u00e7a\/G1\nQuatro vereadores foram cassados pela Justi\u00e7a Eleitoral nas cidades de S\u00e3o Jos\u00e9 dos Cordeiros, no Cariri, e S\u00e3o Bento, no Sert\u00e3o paraibano. As decis\u00f5es foram dadas ap\u00f3s julgamentos de a\u00e7\u00f5es de fraude na cota de g\u00eanero nas elei\u00e7\u00f5es 2020, que aconteceram no Tribunal Regional Eleitoral da Para\u00edba (TRE-PB), na quinta-feira (13).\nEm S\u00e3o Jos\u00e9 dos Cordeiros, o TRE-PB reconheceu fraude na cota de g\u00eanero que levou \u00e0 anula\u00e7\u00e3o dos votos recebidos pelo Partido Comunista do Brasil (PC do B). A legenda ocupava tr\u00eas cadeiras na C\u00e2mara, e com isso, devem perder os mandatos os vereadores Luan Queiroz, Epif\u00e2nio Lira e Adiel. \nJ\u00e1 no caso de S\u00e3o Bento, o pleno julgou procedente a acusa\u00e7\u00e3o de fraude na cota de g\u00eanero por meio de quatro candidaturas laranjas do Partido Republicano da Ordem Social (PROS). Com a fraude reconhecida, foram anulados todos os votos da legenda, que tinha na C\u00e2mara apenas a vereadora Joyciene L\u00facio, que teve o mandato cassado.\nPor\u00e9m, al\u00e9m de Joyciene, o TRE-PB determinou a inelegibilidade, por oito anos, de: Rosa Maria Diniz Alves Dutra; Carmemleide dos Santos Monteiro; Suzicarla dos Santos de Medeiros; e Mailane da Costa Almeida, investigadas na fraude; al\u00e9m de John Lucio da Silva, ent\u00e3o presidente municipal do PROS.\nComo a anula\u00e7\u00e3o dos votos n\u00e3o alcan\u00e7ou mais da metade dos votos recebidos nas cidades de S\u00e3o Bento e S\u00e3o Jos\u00e9 dos Cordeiros, n\u00e3o haver\u00e1 novas elei\u00e7\u00f5es no munic\u00edpio, e os vereadores cassados ser\u00e3o substitu\u00eddos pelos demais concorrentes no pleito, ap\u00f3s a retotaliza\u00e7\u00e3o dos quocientes eleitoral e partid\u00e1rio. \nV\u00eddeos mais assistidos da Para\u00edba  ","protected":false},"excerpt":{"rendered":"<p>        Quatro vereadores eleitos em 2020, sendo tr\u00eas em S\u00e3o Jos\u00e9 dos Cordeiros e uma em S\u00e3o Bento. Munic\u00edpios devem recontar os votos para substituir os parlamentares cassados. Sede do Tribunal Regional Eleitoral da Para\u00edba (TRE-PB) em Jo\u00e3o Pessoa<br \/>\nFr&#8230;<\/p>\n","protected":false},"author":2,"featured_media":0,"comment_status":"closed","ping_status":"closed","sticky":false,"template":"","format":"standard","meta":{"advgb_blocks_editor_width":"","advgb_blocks_columns_visual_guide":"","footnotes":""},"categories":[34],"tags":[35],"class_list":["post-25437","post","type-post","status-publish","format-standard","hentry","category-g1","tag-g1"],"author_meta":{"display_name":"g1 &gt; Para\u00edba","author_link":"https:\/\/sindaopcpb.org.br\/author\/g1-paraiba\/"},"featured_img":null,"coauthors":[],"tax_additional":{"categories":{"linked":["<a href=\"https:\/\/sindaopcpb.org.br\/g1\/\" class=\"advgb-post-tax-term\">G1<\/a>"],"unlinked":["<span class=\"advgb-post-tax-term\">G1<\/span>"]},"tags":{"linked":["<a href=\"https:\/\/sindaopcpb.org.br\/g1\/\" class=\"advgb-post-tax-term\">g1<\/a>"],"unlinked":["<span class=\"advgb-post-tax-term\">g1<\/span>"]}},"comment_count":"0","relative_dates":{"created":"Publicado 3 anos atr\u00e1s","modified":"Atualizado 3 anos atr\u00e1s"},"absolute_dates":{"created":"Publicado em 14 de julho de 2023","modified":"Atualizado em 14 de julho de 2023"},"absolute_dates_time":{"created":"Publicado em 14 de julho de 2023 08:11","modified":"Atualizado em 14 de julho de 2023 08:11"},"featured_img_caption":"","series_order":"","_links":{"self":[{"href":"https:\/\/sindaopcpb.org.br\/index.php\/wp-json\/wp\/v2\/posts\/25437","targetHints":{"allow":["GET"]}}],"collection":[{"href":"https:\/\/sindaopcpb.org.br\/index.php\/wp-json\/wp\/v2\/posts"}],"about":[{"href":"https:\/\/sindaopcpb.org.br\/index.php\/wp-json\/wp\/v2\/types\/post"}],"author":[{"embeddable":true,"href":"https:\/\/sindaopcpb.org.br\/index.php\/wp-json\/wp\/v2\/users\/2"}],"replies":[{"embeddable":true,"href":"https:\/\/sindaopcpb.org.br\/index.php\/wp-json\/wp\/v2\/comments?post=25437"}],"version-history":[{"count":1,"href":"https:\/\/sindaopcpb.org.br\/index.php\/wp-json\/wp\/v2\/posts\/25437\/revisions"}],"predecessor-version":[{"id":25440,"href":"https:\/\/sindaopcpb.org.br\/index.php\/wp-json\/wp\/v2\/posts\/25437\/revisions\/25440"}],"wp:attachment":[{"href":"https:\/\/sindaopcpb.org.br\/index.php\/wp-json\/wp\/v2\/media?parent=25437"}],"wp:term":[{"taxonomy":"category","embeddable":true,"href":"https:\/\/sindaopcpb.org.br\/index.php\/wp-json\/wp\/v2\/categories?post=25437"},{"taxonomy":"post_tag","embeddable":true,"href":"https:\/\/sindaopcpb.org.br\/index.php\/wp-json\/wp\/v2\/tags?post=25437"}],"curies":[{"name":"wp","href":"https:\/\/api.w.org\/{rel}","templated":true}]}}