{"id":25425,"date":"2023-07-14T07:58:57","date_gmt":"2023-07-14T10:58:57","guid":{"rendered":"https:\/\/wpa.wscom.com.br\/?p=911687"},"modified":"2023-07-15T07:58:57","modified_gmt":"2023-07-15T10:58:57","slug":"centro-de-linguas-estrangeiras-abre-inscricoes-neste-sabado-para-400-vagas-em-cursos-de-idiomas","status":"publish","type":"post","link":"https:\/\/sindaopcpb.org.br\/index.php\/2023\/07\/14\/centro-de-linguas-estrangeiras-abre-inscricoes-neste-sabado-para-400-vagas-em-cursos-de-idiomas\/","title":{"rendered":"Centro de L\u00ednguas Estrangeiras abre inscri\u00e7\u00f5es neste s\u00e1bado para 400 vagas em cursos de idiomas"},"content":{"rendered":"<p>Com 400 vagas dispon\u00edveis, o Centro Escolar Municipal de L\u00ednguas Estrangeiras de Jo\u00e3o Pessoa (Celest-JP), que \u00e9 mantido pela Prefeitura da Capital, por meio da Secretaria Municipal de Educa\u00e7\u00e3o e Cultura (Sedec), abre inscri\u00e7\u00f5es para cursos de idiomas neste s\u00e1bado (15), a partir das 8h. As vagas dispon\u00edveis devem ser preenchidas exclusivamente de forma online,\u00a0<a href=\"https:\/\/sites.google.com\/view\/celestjoaopessoa\/processo-seletivo-2023-2\/inscri%C3%A7%C3%B5es\" rel=\"nofollow noopener\" target=\"_blank\">atrav\u00e9s deste link<\/a>.<\/p>\n<p>De acordo com a diretora do Celest, J\u00e9ssica Holanda, as aulas ser\u00e3o iniciadas no dia 7 de agosto e as 400 vagas est\u00e3o distribu\u00eddas entre os cursos de Ingl\u00eas, Franc\u00eas, Espanhol, Alem\u00e3o e L\u00edngua Brasileira de Sinais (Libras). Ela ainda detalhou sobre como ser\u00e1 o preenchimento das matr\u00edculas.<\/p>\n<p>\u201cA partir deste s\u00e1bado, poder\u00e3o se inscrever servidores e professores da rede municipal de Jo\u00e3o Pessoa, al\u00e9m do p\u00fablico em geral que s\u00e3o pessoas maiores de 18 anos e que tenham conclu\u00eddo ou estejam cursando ao menos o 6\u00ba ano do Ensino Fundamental II. As inscri\u00e7\u00f5es ir\u00e3o at\u00e9 \u00e0s 12h ou at\u00e9 o preenchimento das vagas ofertadas. Para os alunos da rede municipal, as inscri\u00e7\u00f5es ser\u00e3o apenas no dia 26 de julho\u201d, explicou a diretora do Celest.<\/p>\n<p>No ato da\u00a0<a href=\"https:\/\/sites.google.com\/view\/celestjoaopessoa\/processo-seletivo-2023-2\/inscri%C3%A7%C3%B5es\" rel=\"nofollow noopener\" target=\"_blank\">inscri\u00e7\u00e3o<\/a>, todos os candidatos necessitam informar um e-mail (obrigatoriamente gmail), para o preenchimento do formul\u00e1rio e recebimento da confirma\u00e7\u00e3o. Caso classificado, o candidato receber\u00e1 e-mail de convoca\u00e7\u00e3o com informa\u00e7\u00f5es sobre as datas para realiza\u00e7\u00e3o da matr\u00edcula. O candidato que utilizar e-mail inv\u00e1lido ou que n\u00e3o seja gmail, n\u00e3o conseguir\u00e1 realizar sua inscri\u00e7\u00e3o, nem poder\u00e1 alter\u00e1-lo ap\u00f3s o preenchimento do formul\u00e1rio de inscri\u00e7\u00e3o.<\/p>\n<p>O hor\u00e1rio da inscri\u00e7\u00e3o realizada pelo candidato ser\u00e1 utilizado como crit\u00e9rio para a classifica\u00e7\u00e3o.<\/p>\n<p>Caso seja classificado dentro das vagas ofertadas, o candidato receber\u00e1 um novo e-mail de convoca\u00e7\u00e3o no dia 18 de julho que o habilita a realizar a matr\u00edcula que dever\u00e1 ser efetuada de forma presencial nos dias 20, 21 e 24 de julho de 2023, obedecendo os dias estabelecidos no cronograma (Anexo II), na sede do Celest.<\/p>\n<p>O manual para o Processo Seletivo 2023.2 pode ser acessado pelo link:\u00a0<a href=\"https:\/\/sites.google.com\/view\/celestjoaopessoa\/processo-seletivo-2023-2\" rel=\"nofollow noopener\" target=\"_blank\">https:\/\/sites.google.com\/view\/celestjoaopessoa\/processo-seletivo-2023-2<\/a>.<\/p>\n<p><strong>Matr\u00edculas<\/strong>\u00a0\u2013 No ato da matr\u00edcula, os servidores e professores da Prefeitura de Jo\u00e3o Pessoa dever\u00e3o apresentar a c\u00f3pia dos seguintes documentos: CPF, RG (certid\u00e3o de nascimento ou certid\u00e3o de casamento), comprovante de resid\u00eancia, comprovante de escolaridade, contracheque ou declara\u00e7\u00e3o do setor devidamente carimbada e assinada pelo chefe imediato e uma foto 3\u00d74.<\/p>\n<p>Para o p\u00fablico em geral ser\u00e1 necess\u00e1rio apresentar a c\u00f3pia do CPF, RG (certid\u00e3o de nascimento ou certid\u00e3o de casamento), comprovante de resid\u00eancia, comprovante de escolaridade e uma foto 3\u00d74.<\/p>\n<p><strong>Nivelamento \u2013<\/strong>\u00a0A inscri\u00e7\u00e3o on-line para nivelamento (n\u00edveis 2, 3, 4 e 5) ser\u00e1 no dia 21 de julho, das 8h \u00e0s 17h, ou at\u00e9 o preenchimento das vagas. Poder\u00e3o concorrer os candidatos que possuam algum conhecimento em l\u00edngua estrangeira (Ingl\u00eas, Espanhol, Alem\u00e3o ou Franc\u00eas) e Libras que pretendam ingressar em um n\u00edvel mais avan\u00e7ado \u2013 a partir do 2\u00ba Est\u00e1gio\/N\u00edvel. O candidato deve ter conclu\u00eddo ou estar cursando ao menos o 6 \u00ba ano do Ensino Fundamental II.<\/p>\n<p>O nivelamento ser\u00e1 realizado no Celest pela sua equipe docente e pedag\u00f3gica, com limita\u00e7\u00e3o total de aplica\u00e7\u00e3o de 240 provas (80 para Ingl\u00eas, 60 para Espanhol, 40 para Franc\u00eas, 20 para Alem\u00e3o e 40 para Libras).<\/p>\n<p><strong>Servi\u00e7o \u2013\u00a0<\/strong>O Centro Escolar Municipal de L\u00ednguas Estrangeiras de Jo\u00e3o Pessoa fica localizado na Avenida Presidente Epit\u00e1cio Pessoa, n\u00ba 1840, bairro Expedicion\u00e1rios.<\/p>\n<p>O post <a rel=\"nofollow noopener\" href=\"https:\/\/wscom.com.br\/centro-de-linguas-estrangeiras-abre-inscricoes-neste-sabado-para-400-vagas-em-cursos-de-idiomas\/\" target=\"_blank\">Centro de L\u00ednguas Estrangeiras abre inscri\u00e7\u00f5es neste s\u00e1bado para 400 vagas em cursos de idiomas<\/a> apareceu primeiro em <a rel=\"nofollow noopener\" href=\"https:\/\/wscom.com.br\/\" target=\"_blank\">WSCOM<\/a>.<\/p>\n","protected":false},"excerpt":{"rendered":"<p>Com 400 vagas dispon\u00edveis, o Centro Escolar Municipal de L\u00ednguas Estrangeiras de Jo\u00e3o Pessoa (Celest-JP), que \u00e9 mantido pela Prefeitura da Capital, por meio da Secretaria Municipal de Educa\u00e7\u00e3o e Cultura (Sedec), abre inscri\u00e7\u00f5es para cursos de idiomas neste s\u00e1bado (15), a partir das 8h. As vagas dispon\u00edveis devem ser preenchidas exclusivamente de forma online,\u00a0atrav\u00e9s [\u2026]<\/p>\n<p>O post <a rel=\"nofollow\" href=\"https:\/\/wscom.com.br\/centro-de-linguas-estrangeiras-abre-inscricoes-neste-sabado-para-400-vagas-em-cursos-de-idiomas\/\">Centro de L\u00ednguas Estrangeiras abre inscri\u00e7\u00f5es neste s\u00e1bado para 400 vagas em cursos de idiomas<\/a> apareceu primeiro em <a rel=\"nofollow\" href=\"https:\/\/wscom.com.br\/\">WSCOM<\/a>.<\/p>\n","protected":false},"author":49,"featured_media":0,"comment_status":"closed","ping_status":"closed","sticky":false,"template":"","format":"standard","meta":{"advgb_blocks_editor_width":"","advgb_blocks_columns_visual_guide":"","footnotes":""},"categories":[6316,6317,229,34,71,6318],"tags":[35],"class_list":["post-25425","post","type-post","status-publish","format-standard","hentry","category-celest","category-cursos-de-idiomas","category-educacao","category-g1","category-joao-pessoa","category-linguas-estrangeiras","tag-g1"],"author_meta":{"display_name":"Cristiane Cavalcante","author_link":"https:\/\/sindaopcpb.org.br\/author\/cristiane-cavalcante\/"},"featured_img":null,"coauthors":[],"tax_additional":{"categories":{"linked":["<a href=\"https:\/\/sindaopcpb.org.br\/celest\/\" class=\"advgb-post-tax-term\">celest<\/a>","<a href=\"https:\/\/sindaopcpb.org.br\/cursos-de-idiomas\/\" class=\"advgb-post-tax-term\">cursos de idiomas<\/a>","<a href=\"https:\/\/sindaopcpb.org.br\/educacao\/\" class=\"advgb-post-tax-term\">Educa\u00e7\u00e3o<\/a>","<a href=\"https:\/\/sindaopcpb.org.br\/g1\/\" class=\"advgb-post-tax-term\">G1<\/a>","<a href=\"https:\/\/sindaopcpb.org.br\/joao-pessoa\/\" class=\"advgb-post-tax-term\">Jo\u00e3o Pessoa<\/a>","<a href=\"https:\/\/sindaopcpb.org.br\/linguas-estrangeiras\/\" class=\"advgb-post-tax-term\">Linguas estrangeiras<\/a>"],"unlinked":["<span class=\"advgb-post-tax-term\">celest<\/span>","<span class=\"advgb-post-tax-term\">cursos de idiomas<\/span>","<span class=\"advgb-post-tax-term\">Educa\u00e7\u00e3o<\/span>","<span class=\"advgb-post-tax-term\">G1<\/span>","<span class=\"advgb-post-tax-term\">Jo\u00e3o Pessoa<\/span>","<span class=\"advgb-post-tax-term\">Linguas estrangeiras<\/span>"]},"tags":{"linked":["<a href=\"https:\/\/sindaopcpb.org.br\/linguas-estrangeiras\/\" class=\"advgb-post-tax-term\">g1<\/a>"],"unlinked":["<span class=\"advgb-post-tax-term\">g1<\/span>"]}},"comment_count":"0","relative_dates":{"created":"Publicado 3 anos atr\u00e1s","modified":"Atualizado 3 anos atr\u00e1s"},"absolute_dates":{"created":"Publicado em 14 de julho de 2023","modified":"Atualizado em 15 de julho de 2023"},"absolute_dates_time":{"created":"Publicado em 14 de julho de 2023 07:58","modified":"Atualizado em 15 de julho de 2023 07:58"},"featured_img_caption":"","series_order":"","_links":{"self":[{"href":"https:\/\/sindaopcpb.org.br\/index.php\/wp-json\/wp\/v2\/posts\/25425","targetHints":{"allow":["GET"]}}],"collection":[{"href":"https:\/\/sindaopcpb.org.br\/index.php\/wp-json\/wp\/v2\/posts"}],"about":[{"href":"https:\/\/sindaopcpb.org.br\/index.php\/wp-json\/wp\/v2\/types\/post"}],"author":[{"embeddable":true,"href":"https:\/\/sindaopcpb.org.br\/index.php\/wp-json\/wp\/v2\/users\/49"}],"replies":[{"embeddable":true,"href":"https:\/\/sindaopcpb.org.br\/index.php\/wp-json\/wp\/v2\/comments?post=25425"}],"version-history":[{"count":2,"href":"https:\/\/sindaopcpb.org.br\/index.php\/wp-json\/wp\/v2\/posts\/25425\/revisions"}],"predecessor-version":[{"id":25648,"href":"https:\/\/sindaopcpb.org.br\/index.php\/wp-json\/wp\/v2\/posts\/25425\/revisions\/25648"}],"wp:attachment":[{"href":"https:\/\/sindaopcpb.org.br\/index.php\/wp-json\/wp\/v2\/media?parent=25425"}],"wp:term":[{"taxonomy":"category","embeddable":true,"href":"https:\/\/sindaopcpb.org.br\/index.php\/wp-json\/wp\/v2\/categories?post=25425"},{"taxonomy":"post_tag","embeddable":true,"href":"https:\/\/sindaopcpb.org.br\/index.php\/wp-json\/wp\/v2\/tags?post=25425"}],"curies":[{"name":"wp","href":"https:\/\/api.w.org\/{rel}","templated":true}]}}