{"id":25423,"date":"2023-07-14T08:11:05","date_gmt":"2023-07-14T11:11:05","guid":{"rendered":"https:\/\/wpa.wscom.com.br\/?p=911695"},"modified":"2023-07-14T08:11:05","modified_gmt":"2023-07-14T11:11:05","slug":"declaracao-de-barroso-criou-mal-estar-entre-ministros-do-stf","status":"publish","type":"post","link":"https:\/\/sindaopcpb.org.br\/index.php\/2023\/07\/14\/declaracao-de-barroso-criou-mal-estar-entre-ministros-do-stf\/","title":{"rendered":"Declara\u00e7\u00e3o de Barroso criou mal-estar entre ministros do STF"},"content":{"rendered":"<p>&nbsp;<\/p>\n<p>&nbsp;<\/p>\n<p>Ministros do Supremo Tribunal Federal (STF) est\u00e3o preocupados com as repercuss\u00f5es da declara\u00e7\u00e3o do ministro Lu\u00eds Roberto Barroso sobre a necessidade de &#8220;derrotar o bolsonarismo&#8221;. Embora evitem conden\u00e1-lo publicamente, alguns ministros t\u00eam expressado reservadamente sua preocupa\u00e7\u00e3o com as declara\u00e7\u00f5es, considerando-as inoportunas e capazes de agravar a desconfian\u00e7a da sociedade em rela\u00e7\u00e3o ao papel do STF. A postura de Barroso tem refor\u00e7ado a percep\u00e7\u00e3o de ativismo judicial e alimentado cr\u00edticas de que o tribunal est\u00e1 invadindo a esfera pol\u00edtica, aponta\u00a0reportagem\u00a0do jornal Estado de S. Paulo.<\/p>\n<p>At\u00e9 mesmo ex-ministros do STF, como Marco Aur\u00e9lio Mello, compartilham dessa preocupa\u00e7\u00e3o. Para Mello, a Corte n\u00e3o deve assumir o papel de determinar vit\u00f3rias ou derrotas eleitorais, destacando que o STF \u00e9 a \u00faltima salvaguarda da cidadania. Cristiano Zanin, futuro ministro do STF, n\u00e3o se manifestou publicamente sobre as declara\u00e7\u00f5es de Barroso, preferindo aguardar sua posse para se envolver em pol\u00eamicas.<\/p>\n<p>Consciente da repercuss\u00e3o negativa de suas palavras, Barroso emitiu uma nota em que esclarece que sua declara\u00e7\u00e3o sobre &#8220;derrotar o bolsonarismo&#8221; se referia ao extremismo violento e golpista manifestado em determinado momento, e n\u00e3o aos eleitores do ex-presidente Jair Bolsonaro. No entanto, a declara\u00e7\u00e3o n\u00e3o conseguiu aplacar as cr\u00edticas, especialmente entre apoiadores de Bolsonaro. O senador Hamilton Mour\u00e3o e o presidente do Senado, Rodrigo Pacheco, repreenderam Barroso, classificando suas palavras como inadequadas e inoportunas.<\/p>\n<p>O post <a rel=\"nofollow noopener\" href=\"https:\/\/wscom.com.br\/declaracao-de-barroso-criou-mal-estar-entre-ministros-do-stf\/\" target=\"_blank\">Declara\u00e7\u00e3o de Barroso criou mal-estar entre ministros do STF<\/a> apareceu primeiro em <a rel=\"nofollow noopener\" href=\"https:\/\/wscom.com.br\/\" target=\"_blank\">WSCOM<\/a>.<\/p>\n","protected":false},"excerpt":{"rendered":"<p>\u00a0 \u00a0 Ministros do Supremo Tribunal Federal (STF) est\u00e3o preocupados com as repercuss\u00f5es da declara\u00e7\u00e3o do ministro Lu\u00eds Roberto Barroso sobre a necessidade de \u201cderrotar o bolsonarismo\u201d. Embora evitem conden\u00e1-lo publicamente, alguns ministros t\u00eam expressado reservadamente sua preocupa\u00e7\u00e3o com as declara\u00e7\u00f5es, considerando-as inoportunas e capazes de agravar a desconfian\u00e7a da sociedade em rela\u00e7\u00e3o ao papel [\u2026]<\/p>\n<p>O post <a rel=\"nofollow\" href=\"https:\/\/wscom.com.br\/declaracao-de-barroso-criou-mal-estar-entre-ministros-do-stf\/\">Declara\u00e7\u00e3o de Barroso criou mal-estar entre ministros do STF<\/a> apareceu primeiro em <a rel=\"nofollow\" href=\"https:\/\/wscom.com.br\/\">WSCOM<\/a>.<\/p>\n","protected":false},"author":42,"featured_media":0,"comment_status":"closed","ping_status":"closed","sticky":false,"template":"","format":"standard","meta":{"advgb_blocks_editor_width":"","advgb_blocks_columns_visual_guide":"","footnotes":""},"categories":[6314,34,278,1391,6315,4030,449],"tags":[35],"class_list":["post-25423","post","type-post","status-publish","format-standard","hentry","category-derrotamos-o-bolsonarismo","category-g1","category-justica","category-luis-roberto-barroso","category-mal-estar","category-ministros","category-stf","tag-g1"],"author_meta":{"display_name":"Rafael Andrade","author_link":"https:\/\/sindaopcpb.org.br\/author\/rafael-andrade\/"},"featured_img":null,"coauthors":[],"tax_additional":{"categories":{"linked":["<a href=\"https:\/\/sindaopcpb.org.br\/derrotamos-o-bolsonarismo\/\" class=\"advgb-post-tax-term\">Derrotamos o bolsonarismo<\/a>","<a href=\"https:\/\/sindaopcpb.org.br\/g1\/\" class=\"advgb-post-tax-term\">G1<\/a>","<a href=\"https:\/\/sindaopcpb.org.br\/justica\/\" class=\"advgb-post-tax-term\">Justi\u00e7a<\/a>","<a href=\"https:\/\/sindaopcpb.org.br\/luis-roberto-barroso\/\" class=\"advgb-post-tax-term\">Lu\u00eds Roberto Barroso<\/a>","<a href=\"https:\/\/sindaopcpb.org.br\/mal-estar\/\" class=\"advgb-post-tax-term\">mal estar<\/a>","<a href=\"https:\/\/sindaopcpb.org.br\/ministros\/\" class=\"advgb-post-tax-term\">Ministros<\/a>","<a href=\"https:\/\/sindaopcpb.org.br\/stf\/\" class=\"advgb-post-tax-term\">STF<\/a>"],"unlinked":["<span class=\"advgb-post-tax-term\">Derrotamos o bolsonarismo<\/span>","<span class=\"advgb-post-tax-term\">G1<\/span>","<span class=\"advgb-post-tax-term\">Justi\u00e7a<\/span>","<span class=\"advgb-post-tax-term\">Lu\u00eds Roberto Barroso<\/span>","<span class=\"advgb-post-tax-term\">mal estar<\/span>","<span class=\"advgb-post-tax-term\">Ministros<\/span>","<span class=\"advgb-post-tax-term\">STF<\/span>"]},"tags":{"linked":["<a href=\"https:\/\/sindaopcpb.org.br\/stf\/\" class=\"advgb-post-tax-term\">g1<\/a>"],"unlinked":["<span class=\"advgb-post-tax-term\">g1<\/span>"]}},"comment_count":"0","relative_dates":{"created":"Publicado 3 anos atr\u00e1s","modified":"Atualizado 3 anos atr\u00e1s"},"absolute_dates":{"created":"Publicado em 14 de julho de 2023","modified":"Atualizado em 14 de julho de 2023"},"absolute_dates_time":{"created":"Publicado em 14 de julho de 2023 08:11","modified":"Atualizado em 14 de julho de 2023 08:11"},"featured_img_caption":"","series_order":"","_links":{"self":[{"href":"https:\/\/sindaopcpb.org.br\/index.php\/wp-json\/wp\/v2\/posts\/25423","targetHints":{"allow":["GET"]}}],"collection":[{"href":"https:\/\/sindaopcpb.org.br\/index.php\/wp-json\/wp\/v2\/posts"}],"about":[{"href":"https:\/\/sindaopcpb.org.br\/index.php\/wp-json\/wp\/v2\/types\/post"}],"author":[{"embeddable":true,"href":"https:\/\/sindaopcpb.org.br\/index.php\/wp-json\/wp\/v2\/users\/42"}],"replies":[{"embeddable":true,"href":"https:\/\/sindaopcpb.org.br\/index.php\/wp-json\/wp\/v2\/comments?post=25423"}],"version-history":[{"count":1,"href":"https:\/\/sindaopcpb.org.br\/index.php\/wp-json\/wp\/v2\/posts\/25423\/revisions"}],"predecessor-version":[{"id":25424,"href":"https:\/\/sindaopcpb.org.br\/index.php\/wp-json\/wp\/v2\/posts\/25423\/revisions\/25424"}],"wp:attachment":[{"href":"https:\/\/sindaopcpb.org.br\/index.php\/wp-json\/wp\/v2\/media?parent=25423"}],"wp:term":[{"taxonomy":"category","embeddable":true,"href":"https:\/\/sindaopcpb.org.br\/index.php\/wp-json\/wp\/v2\/categories?post=25423"},{"taxonomy":"post_tag","embeddable":true,"href":"https:\/\/sindaopcpb.org.br\/index.php\/wp-json\/wp\/v2\/tags?post=25423"}],"curies":[{"name":"wp","href":"https:\/\/api.w.org\/{rel}","templated":true}]}}