{"id":25421,"date":"2023-07-14T08:13:13","date_gmt":"2023-07-14T11:13:13","guid":{"rendered":"https:\/\/wpa.wscom.com.br\/?p=911701"},"modified":"2023-07-14T08:13:13","modified_gmt":"2023-07-14T11:13:13","slug":"musico-potyzinho-lucena-apresenta-classicos-do-choro-forro-e-samba-no-sabadinho-bom","status":"publish","type":"post","link":"https:\/\/sindaopcpb.org.br\/index.php\/2023\/07\/14\/musico-potyzinho-lucena-apresenta-classicos-do-choro-forro-e-samba-no-sabadinho-bom\/","title":{"rendered":"M\u00fasico Potyzinho Lucena apresenta cl\u00e1ssicos do choro, forr\u00f3 e samba no Sabadinho Bom"},"content":{"rendered":"<p>Tem Sabadinho Bom neste final de semana e o convidado \u00e9 o m\u00fasico Potyzinho Lucena. Ele promete um repert\u00f3rio com m\u00fasicas autorais, cl\u00e1ssicos do choro de grandes mestres como Pixinguinha, Waldir Azevedo e Jacob do Bandolim, al\u00e9m de forr\u00f3 e samba. O evento, realizado pela Prefeitura de Jo\u00e3o Pessoa, por meio da sua Funda\u00e7\u00e3o Cultural (Funjope), come\u00e7a ao meio-dia, na Pra\u00e7a Rio Branco, no Centro da Capital.<\/p>\n<p>\u201cA Pra\u00e7a Rio Branco \u00e9 um dos mais importantes ambientes de conviv\u00eancia e de experi\u00eancias est\u00e9ticas e culturais da cidade. Num ambiente p\u00fablico, numa pra\u00e7a bonita, todo s\u00e1bado n\u00f3s conseguimos garantir a presen\u00e7a de m\u00fasicos de qualidade e um p\u00fablico envolvente. Ent\u00e3o, eu acho que essa \u00e9 a grande marca do nosso Sabadinho Bom\u201d, declarou o diretor executivo da Funjope, Marcus Alves.<\/p>\n<p>&nbsp;<\/p>\n<figure class=\"wp-block-gallery has-nested-images columns-default is-cropped wp-block-gallery-1 is-layout-flex\">\n<figure class=\"wp-block-image size-large\">\n<figure class=\"wp-block-image size-large\"><img decoding=\"async\" loading=\"lazy\" class=\"wp-image-318164\" src=\"https:\/\/www.joaopessoa.pb.gov.br\/wp-content\/uploads\/2023\/07\/IMG-20230609-WA0055-1024x682.jpg\" sizes=\"auto, (max-width: 1024px) 100vw, 1024px\" srcset=\"https:\/\/www.joaopessoa.pb.gov.br\/wp-content\/uploads\/2023\/07\/IMG-20230609-WA0055-1024x682.jpg 1024w, https:\/\/www.joaopessoa.pb.gov.br\/wp-content\/uploads\/2023\/07\/IMG-20230609-WA0055-768x512.jpg 768w, https:\/\/www.joaopessoa.pb.gov.br\/wp-content\/uploads\/2023\/07\/IMG-20230609-WA0055-1536x1023.jpg 1536w, https:\/\/www.joaopessoa.pb.gov.br\/wp-content\/uploads\/2023\/07\/IMG-20230609-WA0055-600x400.jpg 600w, https:\/\/www.joaopessoa.pb.gov.br\/wp-content\/uploads\/2023\/07\/IMG-20230609-WA0055.jpg 1600w\" alt=\"\" width=\"1024\" height=\"682\" data-id=\"318164\" title=\"\"><\/figure>\n<figure class=\"wp-block-image size-large\"><img decoding=\"async\" loading=\"lazy\" class=\"wp-image-318165\" src=\"https:\/\/www.joaopessoa.pb.gov.br\/wp-content\/uploads\/2023\/07\/IMG-20230609-WA0065-1024x682.jpg\" sizes=\"auto, (max-width: 1024px) 100vw, 1024px\" srcset=\"https:\/\/www.joaopessoa.pb.gov.br\/wp-content\/uploads\/2023\/07\/IMG-20230609-WA0065-1024x682.jpg 1024w, https:\/\/www.joaopessoa.pb.gov.br\/wp-content\/uploads\/2023\/07\/IMG-20230609-WA0065-768x512.jpg 768w, https:\/\/www.joaopessoa.pb.gov.br\/wp-content\/uploads\/2023\/07\/IMG-20230609-WA0065-1536x1023.jpg 1536w, https:\/\/www.joaopessoa.pb.gov.br\/wp-content\/uploads\/2023\/07\/IMG-20230609-WA0065-600x400.jpg 600w, https:\/\/www.joaopessoa.pb.gov.br\/wp-content\/uploads\/2023\/07\/IMG-20230609-WA0065.jpg 1600w\" alt=\"\" width=\"1024\" height=\"682\" data-id=\"318165\" title=\"\"><\/figure>\n<\/figure>\n<figure class=\"wp-block-image size-large\"><\/figure>\n<\/figure>\n<p>\u201cO Sabadinho Bom, na minha opini\u00e3o, \u00e9 um dos melhores projetos musicais que temos na nossa cidade. Tocar no palco da Pra\u00e7a Rio Branco com aquele p\u00fablico maravilhoso \u00e9 sempre muito bom e estimulante para qualquer m\u00fasico. \u00c9 de extrema import\u00e2ncia esse espa\u00e7o para o fortalecimento do cen\u00e1rio musical produzido no nosso estado\u201d, elogiou Potyzinho.<\/p>\n<p>Potyzinho ressalta que o repert\u00f3rio ter\u00e1 m\u00fasicas como Pedacinho do c\u00e9u, de Waldir Azevedo; Doce de coco, de Jacob do Bandolim; Naquele tempo, de Pixinguinha; Feira de Mangaio, de Sivuca e Glorinha Gadelha; e ainda Peladinha, de Potyzinho Lucena. Al\u00e9m da sele\u00e7\u00e3o musical escolhida especialmente para o Sabadinho, haver\u00e1 participa\u00e7\u00f5es especiais que ser\u00e3o uma surpresa para o p\u00fablico.<\/p>\n<p>Para completar o show deste s\u00e1bado, Potyzinho, que comanda o cavaquinho, estar\u00e1 acompanhado dos instrumentistas Eduardo Fiorussi, no viol\u00e3o sete cordas; Francisco Neto e Alisson Cavalcante, na percuss\u00e3o.<\/p>\n<p>\u201cA minha expectativa \u00e9 de uma tarde cheia de alegria, de energia positiva, e que possamos nos divertir, tanto a gente que estar\u00e1 no palco, como o p\u00fablico que estar\u00e1 presente. Apare\u00e7am na Pra\u00e7a Rio Branco. Vamos ser felizes e aproveitar esse Sabadinho que \u00e9 bom demais\u201d, convida o m\u00fasico.<\/p>\n<p>O post <a rel=\"nofollow noopener\" href=\"https:\/\/wscom.com.br\/musico-potyzinho-lucena-apresenta-classicos-do-choro-forro-e-samba-no-sabadinho-bom\/\" target=\"_blank\">M\u00fasico Potyzinho Lucena apresenta cl\u00e1ssicos do choro, forr\u00f3 e samba no Sabadinho Bom<\/a> apareceu primeiro em <a rel=\"nofollow noopener\" href=\"https:\/\/wscom.com.br\/\" target=\"_blank\">WSCOM<\/a>.<\/p>\n","protected":false},"excerpt":{"rendered":"<p>Tem Sabadinho Bom neste final de semana e o convidado \u00e9 o m\u00fasico Potyzinho Lucena. Ele promete um repert\u00f3rio com m\u00fasicas autorais, cl\u00e1ssicos do choro de grandes mestres como Pixinguinha, Waldir Azevedo e Jacob do Bandolim, al\u00e9m de forr\u00f3 e samba. O evento, realizado pela Prefeitura de Jo\u00e3o Pessoa, por meio da sua Funda\u00e7\u00e3o Cultural [\u2026]<\/p>\n<p>O post <a rel=\"nofollow\" href=\"https:\/\/wscom.com.br\/musico-potyzinho-lucena-apresenta-classicos-do-choro-forro-e-samba-no-sabadinho-bom\/\">M\u00fasico Potyzinho Lucena apresenta cl\u00e1ssicos do choro, forr\u00f3 e samba no Sabadinho Bom<\/a> apareceu primeiro em <a rel=\"nofollow\" href=\"https:\/\/wscom.com.br\/\">WSCOM<\/a>.<\/p>\n","protected":false},"author":49,"featured_media":0,"comment_status":"closed","ping_status":"closed","sticky":false,"template":"","format":"standard","meta":{"advgb_blocks_editor_width":"","advgb_blocks_columns_visual_guide":"","footnotes":""},"categories":[1329,170,2387,34,302,6311,6312,865,6313],"tags":[35],"class_list":["post-25421","post","type-post","status-publish","format-standard","hentry","category-choro","category-cultura","category-forro","category-g1","category-musica","category-musico-potyzinho-lucena","category-potyzinho","category-sabadinho-bom","category-samba","tag-g1"],"author_meta":{"display_name":"Cristiane Cavalcante","author_link":"https:\/\/sindaopcpb.org.br\/author\/cristiane-cavalcante\/"},"featured_img":null,"coauthors":[],"tax_additional":{"categories":{"linked":["<a href=\"https:\/\/sindaopcpb.org.br\/choro\/\" class=\"advgb-post-tax-term\">choro<\/a>","<a href=\"https:\/\/sindaopcpb.org.br\/cultura\/\" class=\"advgb-post-tax-term\">Cultura<\/a>","<a href=\"https:\/\/sindaopcpb.org.br\/forro\/\" class=\"advgb-post-tax-term\">forr\u00f3<\/a>","<a href=\"https:\/\/sindaopcpb.org.br\/g1\/\" class=\"advgb-post-tax-term\">G1<\/a>","<a href=\"https:\/\/sindaopcpb.org.br\/musica\/\" class=\"advgb-post-tax-term\">M\u00fasica<\/a>","<a href=\"https:\/\/sindaopcpb.org.br\/musico-potyzinho-lucena\/\" class=\"advgb-post-tax-term\">M\u00fasico Potyzinho Lucena<\/a>","<a href=\"https:\/\/sindaopcpb.org.br\/potyzinho\/\" class=\"advgb-post-tax-term\">Potyzinho<\/a>","<a href=\"https:\/\/sindaopcpb.org.br\/sabadinho-bom\/\" class=\"advgb-post-tax-term\">sabadinho bom<\/a>","<a href=\"https:\/\/sindaopcpb.org.br\/samba\/\" class=\"advgb-post-tax-term\">samba<\/a>"],"unlinked":["<span class=\"advgb-post-tax-term\">choro<\/span>","<span class=\"advgb-post-tax-term\">Cultura<\/span>","<span class=\"advgb-post-tax-term\">forr\u00f3<\/span>","<span class=\"advgb-post-tax-term\">G1<\/span>","<span class=\"advgb-post-tax-term\">M\u00fasica<\/span>","<span class=\"advgb-post-tax-term\">M\u00fasico Potyzinho Lucena<\/span>","<span class=\"advgb-post-tax-term\">Potyzinho<\/span>","<span class=\"advgb-post-tax-term\">sabadinho bom<\/span>","<span class=\"advgb-post-tax-term\">samba<\/span>"]},"tags":{"linked":["<a href=\"https:\/\/sindaopcpb.org.br\/samba\/\" class=\"advgb-post-tax-term\">g1<\/a>"],"unlinked":["<span class=\"advgb-post-tax-term\">g1<\/span>"]}},"comment_count":"0","relative_dates":{"created":"Publicado 3 anos atr\u00e1s","modified":"Atualizado 3 anos atr\u00e1s"},"absolute_dates":{"created":"Publicado em 14 de julho de 2023","modified":"Atualizado em 14 de julho de 2023"},"absolute_dates_time":{"created":"Publicado em 14 de julho de 2023 08:13","modified":"Atualizado em 14 de julho de 2023 08:13"},"featured_img_caption":"","series_order":"","_links":{"self":[{"href":"https:\/\/sindaopcpb.org.br\/index.php\/wp-json\/wp\/v2\/posts\/25421","targetHints":{"allow":["GET"]}}],"collection":[{"href":"https:\/\/sindaopcpb.org.br\/index.php\/wp-json\/wp\/v2\/posts"}],"about":[{"href":"https:\/\/sindaopcpb.org.br\/index.php\/wp-json\/wp\/v2\/types\/post"}],"author":[{"embeddable":true,"href":"https:\/\/sindaopcpb.org.br\/index.php\/wp-json\/wp\/v2\/users\/49"}],"replies":[{"embeddable":true,"href":"https:\/\/sindaopcpb.org.br\/index.php\/wp-json\/wp\/v2\/comments?post=25421"}],"version-history":[{"count":1,"href":"https:\/\/sindaopcpb.org.br\/index.php\/wp-json\/wp\/v2\/posts\/25421\/revisions"}],"predecessor-version":[{"id":25422,"href":"https:\/\/sindaopcpb.org.br\/index.php\/wp-json\/wp\/v2\/posts\/25421\/revisions\/25422"}],"wp:attachment":[{"href":"https:\/\/sindaopcpb.org.br\/index.php\/wp-json\/wp\/v2\/media?parent=25421"}],"wp:term":[{"taxonomy":"category","embeddable":true,"href":"https:\/\/sindaopcpb.org.br\/index.php\/wp-json\/wp\/v2\/categories?post=25421"},{"taxonomy":"post_tag","embeddable":true,"href":"https:\/\/sindaopcpb.org.br\/index.php\/wp-json\/wp\/v2\/tags?post=25421"}],"curies":[{"name":"wp","href":"https:\/\/api.w.org\/{rel}","templated":true}]}}