{"id":25419,"date":"2023-07-14T08:18:05","date_gmt":"2023-07-14T11:18:05","guid":{"rendered":"https:\/\/wpa.wscom.com.br\/?p=911700"},"modified":"2023-07-14T08:18:05","modified_gmt":"2023-07-14T11:18:05","slug":"bailaco-tem-apresentacoes-artisticas-e-discotecagem-da-dj-acarajow","status":"publish","type":"post","link":"https:\/\/sindaopcpb.org.br\/index.php\/2023\/07\/14\/bailaco-tem-apresentacoes-artisticas-e-discotecagem-da-dj-acarajow\/","title":{"rendered":"Baila\u00e7o tem apresenta\u00e7\u00f5es art\u00edsticas e discotecagem da DJ Acarajow"},"content":{"rendered":"<p>A Funda\u00e7\u00e3o Espa\u00e7o Cultural da Para\u00edba (Funesc) realiza, neste s\u00e1bado (15), mais uma edi\u00e7\u00e3o do projeto Baila\u00e7o. O evento come\u00e7a \u00e0s 20h, com apresenta\u00e7\u00f5es de Coletivo Tribo \u00c9thnos, Karla Oliveira e Jack Keysy, Dan\u00e7as Urbanas Cearte, Gil Silva e Helo\u00edsa Karen. Depois das performances, o baile segue com discotecagem da DJ Acarajow. O host da noite \u00e9 Vant Vaz. O acesso \u00e9 gratuito.<\/p>\n<p>DJ Acarajow \u00e9 pessoense, mas cresceu no bairro de S\u00e3o Bento, na cidade de Bayeux. Sua inf\u00e2ncia e adolesc\u00eancia foram embaladas por uma fam\u00edlia musical na qual diversos g\u00eaneros fizeram parte das reuni\u00f5es familiares e do cotidiano. Em 2016 concluiu o curso de jornalismo e, nesse per\u00edodo, integrou o Grupo Coco das Manas. A partir da\u00ed iniciou sua pesquisa na m\u00fasica negra, acreditando nela enquanto mudan\u00e7a de realidade. Tamb\u00e9m trabalhou como educadora popular em Ongs da cidade com crian\u00e7as, adolescentes, mulheres e jovens, tamb\u00e9m trabalhou com popula\u00e7\u00e3o de rua, acreditando na arte para aproxima\u00e7\u00e3o e mudan\u00e7a de vida.<\/p>\n<p>Em sua pesquisa musical, Acarajow traz diversos ritmos que tiveram origem nos guetos e periferias do mundo. Traz desde o afrobeat, samba, reggae, funk carioca e ritmos nordestinos, a exemplo do brega funk e batid\u00e3o, este \u00faltimo genu\u00edno da cidade de Jo\u00e3o Pessoa, construindo uma narrativa e tendo a m\u00fasica negra como tema central, acreditando na difus\u00e3o de diversos ritmos e enaltecendo a hist\u00f3ria de artistas pretos.<\/p>\n<p>Nos \u00faltimo anos, Acarajow tem se apresentado em diversas casas de Jo\u00e3o Pessoa. Tamb\u00e9m teve a alegria e oportunidade de tocar nos quilombos de Caiana dos Crioulos e Ipiranga, al\u00e9m de participar de momentos culturais de encontros dos movimentos de mulheres e movimento negro.<\/p>\n<p><strong>Sobre o projeto &#8211;<\/strong> Baila\u00e7o \u00e9 uma atividade que se tornou tradi\u00e7\u00e3o no meio dan\u00e7ante de Jo\u00e3o Pessoa. Com sua primeira edi\u00e7\u00e3o em maio de 2015, sempre em parceria com o F\u00f3rum Permanente de Dan\u00e7a de Jo\u00e3o Pessoa, o projeto passou a fazer parte da agenda mensal de artistas e apreciadores da dan\u00e7a e animou muitas noites de s\u00e1bado na capital paraibana.<\/p>\n<p>Desde sua cria\u00e7\u00e3o, o Baila\u00e7o contou com a participa\u00e7\u00e3o volunt\u00e1ria de um grande n\u00famero de dan\u00e7arinos profissionais, amadores e estudantes de dan\u00e7a se apresentando no palco do Teatro de Arena. Tamb\u00e9m in\u00fameros e importantes DJs da cidade j\u00e1 mostraram seu trabalho no Baila\u00e7o, sempre com repert\u00f3rio ecl\u00e9tico, atendendo \u00e0 diversidade de gostos.<\/p>\n<p>O objetivo do evento \u00e9 dar espa\u00e7o e visibilidade \u00e0 arte da dan\u00e7a. O Baila\u00e7o \u00e9 um espa\u00e7o de encontro e integra\u00e7\u00e3o das diferentes linguagens da dan\u00e7a onde a inten\u00e7\u00e3o \u00e9 criar um momento de divers\u00e3o, no qual cada pessoa possa interagir com bailarinos dos mais variados estilos.<\/p>\n<p>O post <a rel=\"nofollow noopener\" href=\"https:\/\/wscom.com.br\/bailaco-tem-apresentacoes-artisticas-e-discotecagem-da-dj-acarajow\/\" target=\"_blank\">Baila\u00e7o tem apresenta\u00e7\u00f5es art\u00edsticas e discotecagem da DJ Acarajow<\/a> apareceu primeiro em <a rel=\"nofollow noopener\" href=\"https:\/\/wscom.com.br\/\" target=\"_blank\">WSCOM<\/a>.<\/p>\n","protected":false},"excerpt":{"rendered":"<p>A Funda\u00e7\u00e3o Espa\u00e7o Cultural da Para\u00edba (Funesc) realiza, neste s\u00e1bado (15), mais uma edi\u00e7\u00e3o do projeto Baila\u00e7o. O evento come\u00e7a \u00e0s 20h, com apresenta\u00e7\u00f5es de Coletivo Tribo \u00c9thnos, Karla Oliveira e Jack Keysy, Dan\u00e7as Urbanas Cearte, Gil Silva e Helo\u00edsa Karen. Depois das performances, o baile segue com discotecagem da DJ Acarajow. O host da [\u2026]<\/p>\n<p>O post <a rel=\"nofollow\" href=\"https:\/\/wscom.com.br\/bailaco-tem-apresentacoes-artisticas-e-discotecagem-da-dj-acarajow\/\">Baila\u00e7o tem apresenta\u00e7\u00f5es art\u00edsticas e discotecagem da DJ Acarajow<\/a> apareceu primeiro em <a rel=\"nofollow\" href=\"https:\/\/wscom.com.br\/\">WSCOM<\/a>.<\/p>\n","protected":false},"author":49,"featured_media":0,"comment_status":"closed","ping_status":"closed","sticky":false,"template":"","format":"standard","meta":{"advgb_blocks_editor_width":"","advgb_blocks_columns_visual_guide":"","footnotes":""},"categories":[6307,6308,6309,6310,1569,34,302],"tags":[35],"class_list":["post-25419","post","type-post","status-publish","format-standard","hentry","category-apresentacoes-artisticas","category-bailaco","category-discotecagem","category-dj-acarajow","category-espaco-cultural","category-g1","category-musica","tag-g1"],"author_meta":{"display_name":"Cristiane Cavalcante","author_link":"https:\/\/sindaopcpb.org.br\/author\/cristiane-cavalcante\/"},"featured_img":null,"coauthors":[],"tax_additional":{"categories":{"linked":["<a href=\"https:\/\/sindaopcpb.org.br\/apresentacoes-artisticas\/\" class=\"advgb-post-tax-term\">apresenta\u00e7\u00f5es art\u00edsticas<\/a>","<a href=\"https:\/\/sindaopcpb.org.br\/bailaco\/\" class=\"advgb-post-tax-term\">baila\u00e7o<\/a>","<a href=\"https:\/\/sindaopcpb.org.br\/discotecagem\/\" class=\"advgb-post-tax-term\">discotecagem<\/a>","<a href=\"https:\/\/sindaopcpb.org.br\/dj-acarajow\/\" class=\"advgb-post-tax-term\">DJ Acarajow<\/a>","<a href=\"https:\/\/sindaopcpb.org.br\/espaco-cultural\/\" class=\"advgb-post-tax-term\">Espa\u00e7o Cultural<\/a>","<a href=\"https:\/\/sindaopcpb.org.br\/g1\/\" class=\"advgb-post-tax-term\">G1<\/a>","<a href=\"https:\/\/sindaopcpb.org.br\/musica\/\" class=\"advgb-post-tax-term\">M\u00fasica<\/a>"],"unlinked":["<span class=\"advgb-post-tax-term\">apresenta\u00e7\u00f5es art\u00edsticas<\/span>","<span class=\"advgb-post-tax-term\">baila\u00e7o<\/span>","<span class=\"advgb-post-tax-term\">discotecagem<\/span>","<span class=\"advgb-post-tax-term\">DJ Acarajow<\/span>","<span class=\"advgb-post-tax-term\">Espa\u00e7o Cultural<\/span>","<span class=\"advgb-post-tax-term\">G1<\/span>","<span class=\"advgb-post-tax-term\">M\u00fasica<\/span>"]},"tags":{"linked":["<a href=\"https:\/\/sindaopcpb.org.br\/musica\/\" class=\"advgb-post-tax-term\">g1<\/a>"],"unlinked":["<span class=\"advgb-post-tax-term\">g1<\/span>"]}},"comment_count":"0","relative_dates":{"created":"Publicado 3 anos atr\u00e1s","modified":"Atualizado 3 anos atr\u00e1s"},"absolute_dates":{"created":"Publicado em 14 de julho de 2023","modified":"Atualizado em 14 de julho de 2023"},"absolute_dates_time":{"created":"Publicado em 14 de julho de 2023 08:18","modified":"Atualizado em 14 de julho de 2023 08:18"},"featured_img_caption":"","series_order":"","_links":{"self":[{"href":"https:\/\/sindaopcpb.org.br\/index.php\/wp-json\/wp\/v2\/posts\/25419","targetHints":{"allow":["GET"]}}],"collection":[{"href":"https:\/\/sindaopcpb.org.br\/index.php\/wp-json\/wp\/v2\/posts"}],"about":[{"href":"https:\/\/sindaopcpb.org.br\/index.php\/wp-json\/wp\/v2\/types\/post"}],"author":[{"embeddable":true,"href":"https:\/\/sindaopcpb.org.br\/index.php\/wp-json\/wp\/v2\/users\/49"}],"replies":[{"embeddable":true,"href":"https:\/\/sindaopcpb.org.br\/index.php\/wp-json\/wp\/v2\/comments?post=25419"}],"version-history":[{"count":1,"href":"https:\/\/sindaopcpb.org.br\/index.php\/wp-json\/wp\/v2\/posts\/25419\/revisions"}],"predecessor-version":[{"id":25420,"href":"https:\/\/sindaopcpb.org.br\/index.php\/wp-json\/wp\/v2\/posts\/25419\/revisions\/25420"}],"wp:attachment":[{"href":"https:\/\/sindaopcpb.org.br\/index.php\/wp-json\/wp\/v2\/media?parent=25419"}],"wp:term":[{"taxonomy":"category","embeddable":true,"href":"https:\/\/sindaopcpb.org.br\/index.php\/wp-json\/wp\/v2\/categories?post=25419"},{"taxonomy":"post_tag","embeddable":true,"href":"https:\/\/sindaopcpb.org.br\/index.php\/wp-json\/wp\/v2\/tags?post=25419"}],"curies":[{"name":"wp","href":"https:\/\/api.w.org\/{rel}","templated":true}]}}