{"id":25373,"date":"2023-07-13T16:54:59","date_gmt":"2023-07-13T19:54:59","guid":{"rendered":"https:\/\/www.infomoney.com.br\/?p=2186994"},"modified":"2023-07-13T16:54:59","modified_gmt":"2023-07-13T19:54:59","slug":"alckmin-defende-desoneracao-completa-do-investimento-e-exportacao","status":"publish","type":"post","link":"https:\/\/sindaopcpb.org.br\/index.php\/2023\/07\/13\/alckmin-defende-desoneracao-completa-do-investimento-e-exportacao\/","title":{"rendered":"Alckmin defende desonera\u00e7\u00e3o completa do investimento e exporta\u00e7\u00e3o"},"content":{"rendered":"<p><img loading=\"lazy\" width=\"300\" height=\"225\" src=\"https:\/\/www.infomoney.com.br\/wp-content\/uploads\/2023\/07\/entrevista-alckmin_mcamgo_abr_06072023-3.jpg?fit=300%2C225&amp;quality=70&amp;strip=all\" class=\"attachment-medium size-medium wp-post-image\" alt=\"Bras\u00edlia (DF), 06\/07\/2023 - O vice-presidente da Rep\u00fablica, Geraldo Alckmin, durante entrevista coletiva ap\u00f3s reuni\u00e3o do Conselho Nacional de Desenvolvimento Industrial. Foto: Marcelo Camargo\/Ag\u00eancia Brasil\" decoding=\"async\" style=\"float:right; margin:0 0 10px 10px;\" srcset=\"https:\/\/www.infomoney.com.br\/wp-content\/uploads\/2023\/07\/entrevista-alckmin_mcamgo_abr_06072023-3.jpg?w=1024&amp;quality=70&amp;strip=all 1024w, https:\/\/www.infomoney.com.br\/wp-content\/uploads\/2023\/07\/entrevista-alckmin_mcamgo_abr_06072023-3.jpg?w=300&amp;quality=70&amp;strip=all 300w, https:\/\/www.infomoney.com.br\/wp-content\/uploads\/2023\/07\/entrevista-alckmin_mcamgo_abr_06072023-3.jpg?w=768&amp;quality=70&amp;strip=all 768w, https:\/\/www.infomoney.com.br\/wp-content\/uploads\/2023\/07\/entrevista-alckmin_mcamgo_abr_06072023-3.jpg?w=150&amp;quality=70&amp;strip=all 150w\" sizes=\"auto, (max-width: 300px) 100vw, 300px\" data-attachment-id=\"2181091\" data-permalink=\"https:\/\/www.infomoney.com.br\/politica\/alckmin-diz-que-r-106-bi-estao-previstos-para-neoindustrializacao-em-4-anos\/attachment\/entrevista-alckmin_mcamgo_abr_06072023-3\/\" data-orig-file=\"https:\/\/www.infomoney.com.br\/wp-content\/uploads\/2023\/07\/entrevista-alckmin_mcamgo_abr_06072023-3.jpg?fit=1024%2C768&amp;quality=70&amp;strip=all\" data-orig-size=\"1024,768\" data-comments-opened=\"0\" data-image-meta=\"{&quot;aperture&quot;:&quot;2.8&quot;,&quot;credit&quot;:&quot;Marcelo Camargo\\\/Ag\\u00eancia Brasil&quot;,&quot;camera&quot;:&quot;Canon EOS-1D X&quot;,&quot;caption&quot;:&quot;Bras\\u00edlia (DF), 06\\\/07\\\/2023 - O vice-presidente da Rep\\u00fablica, Geraldo Alckmin, durante entrevista coletiva ap\\u00f3s reuni\\u00e3o do Conselho Nacional de Desenvolvimento Industrial. Foto: Marcelo Camargo\\\/Ag\\u00eancia Brasil&quot;,&quot;created_timestamp&quot;:&quot;1688651236&quot;,&quot;copyright&quot;:&quot;Ag\\u00eancia Brasil\\\/EBC&quot;,&quot;focal_length&quot;:&quot;200&quot;,&quot;iso&quot;:&quot;1250&quot;,&quot;shutter_speed&quot;:&quot;0.004&quot;,&quot;title&quot;:&quot;&quot;,&quot;orientation&quot;:&quot;0&quot;}\" data-image-title=\"entrevista-alckmin_mcamgo_abr_06072023-3\" data-image-description=\"&lt;p&gt;Bras\u00edlia (DF), 06\/07\/2023 &#8211; O vice-presidente da Rep\u00fablica, Geraldo Alckmin, durante entrevista coletiva ap\u00f3s reuni\u00e3o do Conselho Nacional de Desenvolvimento Industrial. Foto: Marcelo Camargo\/Ag\u00eancia Brasil&lt;\/p&gt;\n\" data-image-caption=\"&lt;p&gt;Bras\u00edlia (DF), 06\/07\/2023 &#8211; O vice-presidente da Rep\u00fablica, Geraldo Alckmin, durante entrevista coletiva ap\u00f3s reuni\u00e3o do Conselho Nacional de Desenvolvimento Industrial. Foto: Marcelo Camargo\/Ag\u00eancia Brasil&lt;\/p&gt;\n\" data-medium-file=\"https:\/\/www.infomoney.com.br\/wp-content\/uploads\/2023\/07\/entrevista-alckmin_mcamgo_abr_06072023-3.jpg?fit=300%2C225&amp;quality=70&amp;strip=all\" data-large-file=\"https:\/\/www.infomoney.com.br\/wp-content\/uploads\/2023\/07\/entrevista-alckmin_mcamgo_abr_06072023-3.jpg?fit=1024%2C768&amp;quality=70&amp;strip=all\" title=\"\"><\/p>\n<p>O vice-presidente da Rep\u00fablica e ministro do Desenvolvimento, Ind\u00fastria, Com\u00e9rcio e Servi\u00e7os, Geraldo Alckmin, defendeu nesta quinta-feira (13) que, sendo o com\u00e9rcio o setor que mais emprega, o pa\u00eds precisa desonerar \u201ccompletamente\u201d as tributa\u00e7\u00f5es que incidem sobre investimento e exporta\u00e7\u00e3o.<\/p>\n<p>\u201cO com\u00e9rcio \u00e9 o grande empregador. N\u00e3o tem agricultura sem com\u00e9rcio; n\u00e3o tem ind\u00fastria sem com\u00e9rcio; n\u00e3o tem emprego sem com\u00e9rcio. E o setor de servi\u00e7os \u00e9 o que melhor distribui renda. \u00c9 o que mais emprega e mais gera postos\u201d, disse o vice-presidente em encontro com sindicatos empresariais do terceiro setor, em evento promovido pela Confedera\u00e7\u00e3o Nacional de Com\u00e9rcio (CNC).<\/p>\n<p>Alckmin ressaltou tamb\u00e9m a relev\u00e2ncia do com\u00e9rcio voltado ao mercado externo, e a necessidade de medidas que favore\u00e7am a competitividade e a redu\u00e7\u00e3o do Custo Brasil.<\/p>\n<p>\u201cSempre ouvi que tr\u00eas fatores s\u00e3o fundamentais: juros, imposto e c\u00e2mbio. O c\u00e2mbio est\u00e1 bom. Entre R$ 4,80 e R$ 4,90, \u00e9 um c\u00e2mbio competitivo. No caso do imposto, a carga tribut\u00e1ria brasileira \u00e9 elevada para o n\u00edvel de desenvolvimento brasileiro. O que se pode fazer nesse momento \u00e9 simplificar\u201d, disse.<\/p>\n<p>Segundo ele, com a simplifica\u00e7\u00e3o se pode reduzir o Custo Brasil e a judicializa\u00e7\u00e3o. \u201c[Precisamos] desonerar completamente o investimento e desonerar completamente a exporta\u00e7\u00e3o, porque o com\u00e9rcio exterior \u00e9 cada vez mais relevante\u201d.<\/p>\n<p>Alckmin lembrou que o com\u00e9rcio, atualmente, tem caracter\u00edsticas intrarregionais, e que, nesse sentido, o Brasil precisa buscar, em especial nos pa\u00edses vizinhos, ampliar seus mercados.<\/p>\n<p>\u201cSe pegarmos Estados Unidos e M\u00e9xico, 50% do com\u00e9rcio \u00e9 entre eles. Nos 27 pa\u00edses da Uni\u00e3o Europeia, 60% \u00e9 entre eles. J\u00e1 na Am\u00e9rica Latina \u00e9 26%. Temos de reconquistar os vizinhos. Eles est\u00e3o mais perto e \u00e9 para onde podemos exportar maior valor agregado\u201d, argumentou.<\/p>\n<p>The post <a rel=\"nofollow noopener\" href=\"https:\/\/www.infomoney.com.br\/politica\/alckmin-defende-desoneracao-completa-do-investimento-e-exportacao\/\" target=\"_blank\">Alckmin defende desonera\u00e7\u00e3o completa do investimento e exporta\u00e7\u00e3o<\/a> appeared first on <a rel=\"nofollow noopener\" href=\"https:\/\/www.infomoney.com.br\/\" target=\"_blank\">InfoMoney<\/a>.<\/p>\n","protected":false},"excerpt":{"rendered":"<p><img loading=\"lazy\" decoding=\"async\" width=\"300\" height=\"225\" src=\"https:\/\/www.infomoney.com.br\/wp-content\/uploads\/2023\/07\/entrevista-alckmin_mcamgo_abr_06072023-3.jpg?fit=300%2C225&amp;quality=70&amp;strip=all\" class=\"attachment-medium size-medium wp-post-image\" alt=\"Bras\u00edlia (DF), 06\/07\/2023 - O vice-presidente da Rep\u00fablica, Geraldo Alckmin, durante entrevista coletiva ap\u00f3s reuni\u00e3o do Conselho Nacional de Desenvolvimento Industrial. Foto: Marcelo Camargo\/Ag\u00eancia Brasil\" data-attachment-id=\"2181091\" data-permalink=\"https:\/\/www.infomoney.com.br\/politica\/alckmin-diz-que-r-106-bi-estao-previstos-para-neoindustrializacao-em-4-anos\/attachment\/entrevista-alckmin_mcamgo_abr_06072023-3\/\" data-orig-file=\"https:\/\/www.infomoney.com.br\/wp-content\/uploads\/2023\/07\/entrevista-alckmin_mcamgo_abr_06072023-3.jpg?fit=1024%2C768&amp;quality=70&amp;strip=all\" data-orig-size=\"1024,768\" data-comments-opened=\"0\" data-image-meta='{\"aperture\":\"2.8\",\"credit\":\"Marcelo Camargo\\\/Ag\\u00eancia Brasil\",\"camera\":\"Canon EOS-1D X\",\"caption\":\"Bras\\u00edlia (DF), 06\\\/07\\\/2023 - O vice-presidente da Rep\\u00fablica, Geraldo Alckmin, durante entrevista coletiva ap\\u00f3s reuni\\u00e3o do Conselho Nacional de Desenvolvimento Industrial. Foto: Marcelo Camargo\\\/Ag\\u00eancia Brasil\",\"created_timestamp\":\"1688651236\",\"copyright\":\"Ag\\u00eancia Brasil\\\/EBC\",\"focal_length\":\"200\",\"iso\":\"1250\",\"shutter_speed\":\"0.004\",\"title\":\"\",\"orientation\":\"0\"}' data-image-title=\"entrevista-alckmin_mcamgo_abr_06072023-3\" data-image-description=\"&lt;p&gt;Bras\u00edlia (DF), 06\/07\/2023 \u2013 O vice-presidente da Rep\u00fablica, Geraldo Alckmin, durante entrevista coletiva ap\u00f3s reuni\u00e3o do Conselho Nacional de Desenvolvimento Industrial. Foto: Marcelo Camargo\/Ag\u00eancia Brasil&lt;\/p&gt;\n\" data-image-caption=\"&lt;p&gt;Bras\u00edlia (DF), 06\/07\/2023 \u2013 O vice-presidente da Rep\u00fablica, Geraldo Alckmin, durante entrevista coletiva ap\u00f3s reuni\u00e3o do Conselho Nacional de Desenvolvimento Industrial. Foto: Marcelo Camargo\/Ag\u00eancia Brasil&lt;\/p&gt;\n\" data-medium-file=\"https:\/\/www.infomoney.com.br\/wp-content\/uploads\/2023\/07\/entrevista-alckmin_mcamgo_abr_06072023-3.jpg?fit=300%2C225&amp;quality=70&amp;strip=all\" data-large-file=\"https:\/\/www.infomoney.com.br\/wp-content\/uploads\/2023\/07\/entrevista-alckmin_mcamgo_abr_06072023-3.jpg?fit=1024%2C768&amp;quality=70&amp;strip=all\">Vice-presidente diz que pa\u00eds deve ampliar com\u00e9rcio com vizinhos<\/p>\n<p>The post <a rel=\"nofollow\" href=\"https:\/\/www.infomoney.com.br\/politica\/alckmin-defende-desoneracao-completa-do-investimento-e-exportacao\/\">Alckmin defende desonera\u00e7\u00e3o completa do investimento e exporta\u00e7\u00e3o<\/a> appeared first on <a rel=\"nofollow\" href=\"https:\/\/www.infomoney.com.br\/\">InfoMoney<\/a>.<\/p>\n","protected":false},"author":44,"featured_media":0,"comment_status":"closed","ping_status":"closed","sticky":false,"template":"","format":"standard","meta":{"advgb_blocks_editor_width":"","advgb_blocks_columns_visual_guide":"","footnotes":""},"categories":[599,770,2124,34,340,47],"tags":[35],"class_list":["post-25373","post","type-post","status-publish","format-standard","hentry","category-comercio","category-emprego","category-exportacoes","category-g1","category-geraldo-alckmin","category-politica","tag-g1"],"author_meta":{"display_name":"Ag\u00eancia Brasil","author_link":"https:\/\/sindaopcpb.org.br\/author\/agencia-brasil\/"},"featured_img":null,"coauthors":[],"tax_additional":{"categories":{"linked":["<a href=\"https:\/\/sindaopcpb.org.br\/comercio\/\" class=\"advgb-post-tax-term\">Com\u00e9rcio<\/a>","<a href=\"https:\/\/sindaopcpb.org.br\/emprego\/\" class=\"advgb-post-tax-term\">Emprego<\/a>","<a href=\"https:\/\/sindaopcpb.org.br\/exportacoes\/\" class=\"advgb-post-tax-term\">Exporta\u00e7\u00f5es<\/a>","<a href=\"https:\/\/sindaopcpb.org.br\/g1\/\" class=\"advgb-post-tax-term\">G1<\/a>","<a href=\"https:\/\/sindaopcpb.org.br\/geraldo-alckmin\/\" class=\"advgb-post-tax-term\">Geraldo Alckmin<\/a>","<a href=\"https:\/\/sindaopcpb.org.br\/politica\/\" class=\"advgb-post-tax-term\">POLITICA<\/a>"],"unlinked":["<span class=\"advgb-post-tax-term\">Com\u00e9rcio<\/span>","<span class=\"advgb-post-tax-term\">Emprego<\/span>","<span class=\"advgb-post-tax-term\">Exporta\u00e7\u00f5es<\/span>","<span class=\"advgb-post-tax-term\">G1<\/span>","<span class=\"advgb-post-tax-term\">Geraldo Alckmin<\/span>","<span class=\"advgb-post-tax-term\">POLITICA<\/span>"]},"tags":{"linked":["<a href=\"https:\/\/sindaopcpb.org.br\/politica\/\" class=\"advgb-post-tax-term\">g1<\/a>"],"unlinked":["<span class=\"advgb-post-tax-term\">g1<\/span>"]}},"comment_count":"0","relative_dates":{"created":"Publicado 3 anos atr\u00e1s","modified":"Atualizado 3 anos atr\u00e1s"},"absolute_dates":{"created":"Publicado em 13 de julho de 2023","modified":"Atualizado em 13 de julho de 2023"},"absolute_dates_time":{"created":"Publicado em 13 de julho de 2023 16:54","modified":"Atualizado em 13 de julho de 2023 16:54"},"featured_img_caption":"","series_order":"","_links":{"self":[{"href":"https:\/\/sindaopcpb.org.br\/index.php\/wp-json\/wp\/v2\/posts\/25373","targetHints":{"allow":["GET"]}}],"collection":[{"href":"https:\/\/sindaopcpb.org.br\/index.php\/wp-json\/wp\/v2\/posts"}],"about":[{"href":"https:\/\/sindaopcpb.org.br\/index.php\/wp-json\/wp\/v2\/types\/post"}],"author":[{"embeddable":true,"href":"https:\/\/sindaopcpb.org.br\/index.php\/wp-json\/wp\/v2\/users\/44"}],"replies":[{"embeddable":true,"href":"https:\/\/sindaopcpb.org.br\/index.php\/wp-json\/wp\/v2\/comments?post=25373"}],"version-history":[{"count":1,"href":"https:\/\/sindaopcpb.org.br\/index.php\/wp-json\/wp\/v2\/posts\/25373\/revisions"}],"predecessor-version":[{"id":25374,"href":"https:\/\/sindaopcpb.org.br\/index.php\/wp-json\/wp\/v2\/posts\/25373\/revisions\/25374"}],"wp:attachment":[{"href":"https:\/\/sindaopcpb.org.br\/index.php\/wp-json\/wp\/v2\/media?parent=25373"}],"wp:term":[{"taxonomy":"category","embeddable":true,"href":"https:\/\/sindaopcpb.org.br\/index.php\/wp-json\/wp\/v2\/categories?post=25373"},{"taxonomy":"post_tag","embeddable":true,"href":"https:\/\/sindaopcpb.org.br\/index.php\/wp-json\/wp\/v2\/tags?post=25373"}],"curies":[{"name":"wp","href":"https:\/\/api.w.org\/{rel}","templated":true}]}}