{"id":25351,"date":"2023-07-13T14:46:01","date_gmt":"2023-07-13T17:46:01","guid":{"rendered":"https:\/\/wpa.wscom.com.br\/?p=911601"},"modified":"2023-07-13T14:46:01","modified_gmt":"2023-07-13T17:46:01","slug":"cicero-lucena-acompanha-governador-lucas-ribeiro-em-visita-a-obras-de-ligacao-viaria-entre-mangabeira-e-a-pb-008","status":"publish","type":"post","link":"https:\/\/sindaopcpb.org.br\/index.php\/2023\/07\/13\/cicero-lucena-acompanha-governador-lucas-ribeiro-em-visita-a-obras-de-ligacao-viaria-entre-mangabeira-e-a-pb-008\/","title":{"rendered":"C\u00edcero Lucena acompanha governador Lucas Ribeiro em visita a obras de liga\u00e7\u00e3o vi\u00e1ria entre Mangabeira e a PB-008"},"content":{"rendered":"<p>O prefeito C\u00edcero Lucena e o vice-prefeito Leo Bezerra acompanharam o governador em exerc\u00edcio, Lucas Ribeiro, em visita a obras na Capital durante a manh\u00e3 desta quinta-feira (13). Os gestores visitaram os servi\u00e7os de constru\u00e7\u00e3o da nova liga\u00e7\u00e3o vi\u00e1ria entre o bairro de Mangabeira e a PB-008.<\/p>\n<p>\u201cEssa \u00e9 uma das a\u00e7\u00f5es de mobilidade em nossa cidade onde o Governo se faz presente, ajudando a Prefeitura a dar melhores condi\u00e7\u00f5es de vida \u00e0 popula\u00e7\u00e3o. Essa parceria Governo e Prefeitura tem trazido benef\u00edcios em diversas \u00e1reas pois estamos trabalhando juntos para o bem de Jo\u00e3o Pessoa\u201d, afirmou.<\/p>\n<p>&nbsp;<\/p>\n<figure class=\"wp-block-gallery has-nested-images columns-default is-cropped wp-block-gallery-3 is-layout-flex\">\n<figure class=\"wp-block-image size-large\"><img decoding=\"async\" loading=\"lazy\" class=\"wp-image-318128\" src=\"https:\/\/www.joaopessoa.pb.gov.br\/wp-content\/uploads\/2023\/07\/visita_obras_governoestadual_cicerolucena_foto_dayseeuzebio-1-1024x678.jpg\" sizes=\"auto, (max-width: 1024px) 100vw, 1024px\" srcset=\"https:\/\/www.joaopessoa.pb.gov.br\/wp-content\/uploads\/2023\/07\/visita_obras_governoestadual_cicerolucena_foto_dayseeuzebio-1-1024x678.jpg 1024w, https:\/\/www.joaopessoa.pb.gov.br\/wp-content\/uploads\/2023\/07\/visita_obras_governoestadual_cicerolucena_foto_dayseeuzebio-1-768x509.jpg 768w, https:\/\/www.joaopessoa.pb.gov.br\/wp-content\/uploads\/2023\/07\/visita_obras_governoestadual_cicerolucena_foto_dayseeuzebio-1-1536x1017.jpg 1536w, https:\/\/www.joaopessoa.pb.gov.br\/wp-content\/uploads\/2023\/07\/visita_obras_governoestadual_cicerolucena_foto_dayseeuzebio-1-2048x1356.jpg 2048w\" alt=\"\" width=\"1024\" height=\"678\" data-id=\"318128\" title=\"\"><\/figure>\n<figure class=\"wp-block-image size-large\"><img decoding=\"async\" loading=\"lazy\" class=\"wp-image-318129\" src=\"https:\/\/www.joaopessoa.pb.gov.br\/wp-content\/uploads\/2023\/07\/visita_obras_governoestadual_cicerolucena_foto_dayseeuzebio-2-1-1024x678.jpg\" sizes=\"auto, (max-width: 1024px) 100vw, 1024px\" srcset=\"https:\/\/www.joaopessoa.pb.gov.br\/wp-content\/uploads\/2023\/07\/visita_obras_governoestadual_cicerolucena_foto_dayseeuzebio-2-1-1024x678.jpg 1024w, https:\/\/www.joaopessoa.pb.gov.br\/wp-content\/uploads\/2023\/07\/visita_obras_governoestadual_cicerolucena_foto_dayseeuzebio-2-1-768x509.jpg 768w, https:\/\/www.joaopessoa.pb.gov.br\/wp-content\/uploads\/2023\/07\/visita_obras_governoestadual_cicerolucena_foto_dayseeuzebio-2-1-1536x1017.jpg 1536w, https:\/\/www.joaopessoa.pb.gov.br\/wp-content\/uploads\/2023\/07\/visita_obras_governoestadual_cicerolucena_foto_dayseeuzebio-2-1-2048x1356.jpg 2048w\" alt=\"\" width=\"1024\" height=\"678\" data-id=\"318129\" title=\"\"><\/figure>\n<figure class=\"wp-block-image size-large\"><img decoding=\"async\" loading=\"lazy\" class=\"wp-image-318127\" src=\"https:\/\/www.joaopessoa.pb.gov.br\/wp-content\/uploads\/2023\/07\/visita_obras_governoestadual_cicerolucena_foto_dayseeuzebio-3-1-1024x678.jpg\" sizes=\"auto, (max-width: 1024px) 100vw, 1024px\" srcset=\"https:\/\/www.joaopessoa.pb.gov.br\/wp-content\/uploads\/2023\/07\/visita_obras_governoestadual_cicerolucena_foto_dayseeuzebio-3-1-1024x678.jpg 1024w, https:\/\/www.joaopessoa.pb.gov.br\/wp-content\/uploads\/2023\/07\/visita_obras_governoestadual_cicerolucena_foto_dayseeuzebio-3-1-768x509.jpg 768w, https:\/\/www.joaopessoa.pb.gov.br\/wp-content\/uploads\/2023\/07\/visita_obras_governoestadual_cicerolucena_foto_dayseeuzebio-3-1-1536x1017.jpg 1536w, https:\/\/www.joaopessoa.pb.gov.br\/wp-content\/uploads\/2023\/07\/visita_obras_governoestadual_cicerolucena_foto_dayseeuzebio-3-1-2048x1356.jpg 2048w\" alt=\"\" width=\"1024\" height=\"678\" data-id=\"318127\" title=\"\"><\/figure>\n<p><img decoding=\"async\" loading=\"lazy\" class=\"wp-image-318121 alignnone\" src=\"https:\/\/www.joaopessoa.pb.gov.br\/wp-content\/uploads\/2023\/07\/visita_obras_governoestadual_cicerolucena_foto_dayseeuzebio-11-1024x678.jpg\" sizes=\"auto, (max-width: 1024px) 100vw, 1024px\" srcset=\"https:\/\/www.joaopessoa.pb.gov.br\/wp-content\/uploads\/2023\/07\/visita_obras_governoestadual_cicerolucena_foto_dayseeuzebio-11-1024x678.jpg 1024w, https:\/\/www.joaopessoa.pb.gov.br\/wp-content\/uploads\/2023\/07\/visita_obras_governoestadual_cicerolucena_foto_dayseeuzebio-11-768x509.jpg 768w, https:\/\/www.joaopessoa.pb.gov.br\/wp-content\/uploads\/2023\/07\/visita_obras_governoestadual_cicerolucena_foto_dayseeuzebio-11-1536x1017.jpg 1536w, https:\/\/www.joaopessoa.pb.gov.br\/wp-content\/uploads\/2023\/07\/visita_obras_governoestadual_cicerolucena_foto_dayseeuzebio-11-2048x1356.jpg 2048w\" alt=\"\" width=\"663\" height=\"439\" data-id=\"318121\" title=\"\"><\/p>\n<p>&nbsp;<\/figure>\n<p>O governador Lucas Ribeiro destacou a import\u00e2ncia da aproxima\u00e7\u00e3o entre as gest\u00f5es. \u201cEstamos vendo mais uma a\u00e7\u00e3o importante que vai ampliar a malha vi\u00e1ria urbana, ampliar as op\u00e7\u00f5es de acesso e trazer mais conforto e seguran\u00e7a aos deslocamentos\u201d, afirmou.<\/p>\n<p>A liga\u00e7\u00e3o possui 2,3 km e vai da Rua Monsenhor Arlindo Bezerra, em Mangabeira V, at\u00e9 a rotat\u00f3ria da PB 008, na Costa do Sol. Ser\u00e3o investidos R$ 6 milh\u00f5es e a estimativa \u00e9 de que 300 mil pessoas sejam diretamente beneficiadas.<\/p>\n<p>&nbsp;<\/p>\n<figure class=\"wp-block-gallery has-nested-images columns-default is-cropped wp-block-gallery-5 is-layout-flex\">\n<figure class=\"wp-block-image size-large\"><img decoding=\"async\" loading=\"lazy\" class=\"wp-image-318130\" src=\"https:\/\/www.joaopessoa.pb.gov.br\/wp-content\/uploads\/2023\/07\/visita_obras_governoestadual_cicerolucena_foto_dayseeuzebio-10-1-1024x678.jpg\" sizes=\"auto, (max-width: 1024px) 100vw, 1024px\" srcset=\"https:\/\/www.joaopessoa.pb.gov.br\/wp-content\/uploads\/2023\/07\/visita_obras_governoestadual_cicerolucena_foto_dayseeuzebio-10-1-1024x678.jpg 1024w, https:\/\/www.joaopessoa.pb.gov.br\/wp-content\/uploads\/2023\/07\/visita_obras_governoestadual_cicerolucena_foto_dayseeuzebio-10-1-768x509.jpg 768w, https:\/\/www.joaopessoa.pb.gov.br\/wp-content\/uploads\/2023\/07\/visita_obras_governoestadual_cicerolucena_foto_dayseeuzebio-10-1-1536x1017.jpg 1536w, https:\/\/www.joaopessoa.pb.gov.br\/wp-content\/uploads\/2023\/07\/visita_obras_governoestadual_cicerolucena_foto_dayseeuzebio-10-1-2048x1356.jpg 2048w\" alt=\"\" width=\"1024\" height=\"678\" data-id=\"318130\" title=\"\"><\/figure>\n<figure class=\"wp-block-image size-large\"><img decoding=\"async\" loading=\"lazy\" class=\"wp-image-318131\" src=\"https:\/\/www.joaopessoa.pb.gov.br\/wp-content\/uploads\/2023\/07\/visita_obras_governoestadual_cicerolucena_foto_dayseeuzebio-7-1-1024x678.jpg\" sizes=\"auto, (max-width: 1024px) 100vw, 1024px\" srcset=\"https:\/\/www.joaopessoa.pb.gov.br\/wp-content\/uploads\/2023\/07\/visita_obras_governoestadual_cicerolucena_foto_dayseeuzebio-7-1-1024x678.jpg 1024w, https:\/\/www.joaopessoa.pb.gov.br\/wp-content\/uploads\/2023\/07\/visita_obras_governoestadual_cicerolucena_foto_dayseeuzebio-7-1-768x509.jpg 768w, https:\/\/www.joaopessoa.pb.gov.br\/wp-content\/uploads\/2023\/07\/visita_obras_governoestadual_cicerolucena_foto_dayseeuzebio-7-1-1536x1017.jpg 1536w, https:\/\/www.joaopessoa.pb.gov.br\/wp-content\/uploads\/2023\/07\/visita_obras_governoestadual_cicerolucena_foto_dayseeuzebio-7-1-2048x1356.jpg 2048w\" alt=\"\" width=\"1024\" height=\"678\" data-id=\"318131\" title=\"\"><\/figure>\n<figure class=\"wp-block-image size-large\"><img decoding=\"async\" loading=\"lazy\" class=\"wp-image-318132\" src=\"https:\/\/www.joaopessoa.pb.gov.br\/wp-content\/uploads\/2023\/07\/visita_obras_governoestadual_cicerolucena_foto_dayseeuzebio-6-1-1024x678.jpg\" sizes=\"auto, (max-width: 1024px) 100vw, 1024px\" srcset=\"https:\/\/www.joaopessoa.pb.gov.br\/wp-content\/uploads\/2023\/07\/visita_obras_governoestadual_cicerolucena_foto_dayseeuzebio-6-1-1024x678.jpg 1024w, https:\/\/www.joaopessoa.pb.gov.br\/wp-content\/uploads\/2023\/07\/visita_obras_governoestadual_cicerolucena_foto_dayseeuzebio-6-1-768x509.jpg 768w, https:\/\/www.joaopessoa.pb.gov.br\/wp-content\/uploads\/2023\/07\/visita_obras_governoestadual_cicerolucena_foto_dayseeuzebio-6-1-1536x1017.jpg 1536w, https:\/\/www.joaopessoa.pb.gov.br\/wp-content\/uploads\/2023\/07\/visita_obras_governoestadual_cicerolucena_foto_dayseeuzebio-6-1-2048x1356.jpg 2048w\" alt=\"\" width=\"1024\" height=\"678\" data-id=\"318132\" title=\"\"><\/figure>\n<p>&nbsp;<\/figure>\n<p>O post <a rel=\"nofollow noopener\" href=\"https:\/\/wscom.com.br\/cicero-lucena-acompanha-governador-lucas-ribeiro-em-visita-a-obras-de-ligacao-viaria-entre-mangabeira-e-a-pb-008\/\" target=\"_blank\">C\u00edcero Lucena acompanha governador Lucas Ribeiro em visita a obras de liga\u00e7\u00e3o vi\u00e1ria entre Mangabeira e a PB-008<\/a> apareceu primeiro em <a rel=\"nofollow noopener\" href=\"https:\/\/wscom.com.br\/\" target=\"_blank\">WSCOM<\/a>.<\/p>\n","protected":false},"excerpt":{"rendered":"<p>O prefeito C\u00edcero Lucena e o vice-prefeito Leo Bezerra acompanharam o governador em exerc\u00edcio, Lucas Ribeiro, em visita a obras na Capital durante a manh\u00e3 desta quinta-feira (13). Os gestores visitaram os servi\u00e7os de constru\u00e7\u00e3o da nova liga\u00e7\u00e3o vi\u00e1ria entre o bairro de Mangabeira e a PB-008. \u201cEssa \u00e9 uma das a\u00e7\u00f5es de mobilidade em [\u2026]<\/p>\n<p>O post <a rel=\"nofollow\" href=\"https:\/\/wscom.com.br\/cicero-lucena-acompanha-governador-lucas-ribeiro-em-visita-a-obras-de-ligacao-viaria-entre-mangabeira-e-a-pb-008\/\">C\u00edcero Lucena acompanha governador Lucas Ribeiro em visita a obras de liga\u00e7\u00e3o vi\u00e1ria entre Mangabeira e a PB-008<\/a> apareceu primeiro em <a rel=\"nofollow\" href=\"https:\/\/wscom.com.br\/\">WSCOM<\/a>.<\/p>\n","protected":false},"author":49,"featured_media":0,"comment_status":"closed","ping_status":"closed","sticky":false,"template":"","format":"standard","meta":{"advgb_blocks_editor_width":"","advgb_blocks_columns_visual_guide":"","footnotes":""},"categories":[227,34,6281,1505,6282,6283,47],"tags":[35],"class_list":["post-25351","post","type-post","status-publish","format-standard","hentry","category-cicero-lucena","category-g1","category-governador-lucas-ribeiro","category-mangabeira","category-obras-de-ligacao-viaria","category-pb-008","category-politica","tag-g1"],"author_meta":{"display_name":"Cristiane Cavalcante","author_link":"https:\/\/sindaopcpb.org.br\/author\/cristiane-cavalcante\/"},"featured_img":null,"coauthors":[],"tax_additional":{"categories":{"linked":["<a href=\"https:\/\/sindaopcpb.org.br\/cicero-lucena\/\" class=\"advgb-post-tax-term\">cicero lucena<\/a>","<a href=\"https:\/\/sindaopcpb.org.br\/g1\/\" class=\"advgb-post-tax-term\">G1<\/a>","<a href=\"https:\/\/sindaopcpb.org.br\/governador-lucas-ribeiro\/\" class=\"advgb-post-tax-term\">governador Lucas Ribeiro<\/a>","<a href=\"https:\/\/sindaopcpb.org.br\/mangabeira\/\" class=\"advgb-post-tax-term\">Mangabeira<\/a>","<a href=\"https:\/\/sindaopcpb.org.br\/obras-de-ligacao-viaria\/\" class=\"advgb-post-tax-term\">obras de liga\u00e7\u00e3o vi\u00e1ria<\/a>","<a href=\"https:\/\/sindaopcpb.org.br\/pb-008\/\" class=\"advgb-post-tax-term\">PB-008<\/a>","<a href=\"https:\/\/sindaopcpb.org.br\/politica\/\" class=\"advgb-post-tax-term\">POLITICA<\/a>"],"unlinked":["<span class=\"advgb-post-tax-term\">cicero lucena<\/span>","<span class=\"advgb-post-tax-term\">G1<\/span>","<span class=\"advgb-post-tax-term\">governador Lucas Ribeiro<\/span>","<span class=\"advgb-post-tax-term\">Mangabeira<\/span>","<span class=\"advgb-post-tax-term\">obras de liga\u00e7\u00e3o vi\u00e1ria<\/span>","<span class=\"advgb-post-tax-term\">PB-008<\/span>","<span class=\"advgb-post-tax-term\">POLITICA<\/span>"]},"tags":{"linked":["<a href=\"https:\/\/sindaopcpb.org.br\/politica\/\" class=\"advgb-post-tax-term\">g1<\/a>"],"unlinked":["<span class=\"advgb-post-tax-term\">g1<\/span>"]}},"comment_count":"0","relative_dates":{"created":"Publicado 3 anos atr\u00e1s","modified":"Atualizado 3 anos atr\u00e1s"},"absolute_dates":{"created":"Publicado em 13 de julho de 2023","modified":"Atualizado em 13 de julho de 2023"},"absolute_dates_time":{"created":"Publicado em 13 de julho de 2023 14:46","modified":"Atualizado em 13 de julho de 2023 14:46"},"featured_img_caption":"","series_order":"","_links":{"self":[{"href":"https:\/\/sindaopcpb.org.br\/index.php\/wp-json\/wp\/v2\/posts\/25351","targetHints":{"allow":["GET"]}}],"collection":[{"href":"https:\/\/sindaopcpb.org.br\/index.php\/wp-json\/wp\/v2\/posts"}],"about":[{"href":"https:\/\/sindaopcpb.org.br\/index.php\/wp-json\/wp\/v2\/types\/post"}],"author":[{"embeddable":true,"href":"https:\/\/sindaopcpb.org.br\/index.php\/wp-json\/wp\/v2\/users\/49"}],"replies":[{"embeddable":true,"href":"https:\/\/sindaopcpb.org.br\/index.php\/wp-json\/wp\/v2\/comments?post=25351"}],"version-history":[{"count":1,"href":"https:\/\/sindaopcpb.org.br\/index.php\/wp-json\/wp\/v2\/posts\/25351\/revisions"}],"predecessor-version":[{"id":25352,"href":"https:\/\/sindaopcpb.org.br\/index.php\/wp-json\/wp\/v2\/posts\/25351\/revisions\/25352"}],"wp:attachment":[{"href":"https:\/\/sindaopcpb.org.br\/index.php\/wp-json\/wp\/v2\/media?parent=25351"}],"wp:term":[{"taxonomy":"category","embeddable":true,"href":"https:\/\/sindaopcpb.org.br\/index.php\/wp-json\/wp\/v2\/categories?post=25351"},{"taxonomy":"post_tag","embeddable":true,"href":"https:\/\/sindaopcpb.org.br\/index.php\/wp-json\/wp\/v2\/tags?post=25351"}],"curies":[{"name":"wp","href":"https:\/\/api.w.org\/{rel}","templated":true}]}}