{"id":25325,"date":"2023-07-13T12:04:06","date_gmt":"2023-07-13T15:04:06","guid":{"rendered":"https:\/\/wpa.wscom.com.br\/?p=911578"},"modified":"2023-07-13T12:04:06","modified_gmt":"2023-07-13T15:04:06","slug":"arte-circense-teatro-musica-e-contacao-de-historia-marcam-terceiro-fim-de-semana-do-ferias-no-parque","status":"publish","type":"post","link":"https:\/\/sindaopcpb.org.br\/index.php\/2023\/07\/13\/arte-circense-teatro-musica-e-contacao-de-historia-marcam-terceiro-fim-de-semana-do-ferias-no-parque\/","title":{"rendered":"Arte circense, teatro, m\u00fasica e conta\u00e7\u00e3o de hist\u00f3ria marcam terceiro fim de semana do \u2018F\u00e9rias no Parque\u2019"},"content":{"rendered":"<p>&nbsp;<\/p>\n<p>&nbsp;<\/p>\n<p>A Secretaria de Desenvolvimento Urbano (Sedurb) divulgou a programa\u00e7\u00e3o do projeto F\u00e9rias no Parque. Quem optar pelo lazer em fam\u00edlia no Parque Solon de Lucena no s\u00e1bado e domingo vai ter acesso a uma vasta programa\u00e7\u00e3o cultural, direcionada principalmente para crian\u00e7as. O projeto, idealizado pela Secretaria de Desenvolvimento Urbano (Sedurb), conta com o apoio da Funda\u00e7\u00e3o Cultural de Jo\u00e3o Pessoa (Funjope), Guarda Civil Municipal (GCM) e Secretaria de Juventude, Esporte e Lazer (Sejer).<\/p>\n<p>Neste s\u00e1bado (15), a partir das 16h, a arte circense invade o local, com a apresenta\u00e7\u00e3o do Palha\u00e7o Bambam. No mesmo dia, \u00e0s 17h, o cantor e arte educador Henrique Ornellas se apresenta no palco. J\u00e1 no domingo, \u00e0s 16h, tem conta\u00e7\u00e3o de hist\u00f3rias com a narradora e compositora Nara Santos e, a partir das 17h, uma rodada de brincadeira coletiva com as crian\u00e7as presentes. Al\u00e9m da programa\u00e7\u00e3o cultural, o Parque Solon de Lucena conta ainda com parque de divers\u00e3o e pontos de gastronomia com a venda de produtos como pipoca, algod\u00e3o doce e um vasto espa\u00e7o para piqueniques.<\/p>\n<p>\u201cIdealizamos o F\u00e9rias no Parque no m\u00eas de janeiro do ano passado e foi um sucesso. Resolvemos mant\u00ea-lo durante os meses de f\u00e9rias escolares, como alternativa de programa\u00e7\u00e3o acess\u00edvel para a fam\u00edlia pessoense e promovendo uma ocupa\u00e7\u00e3o salubre do espa\u00e7o p\u00fablico. No caso do Parque Solon de Lucena, no cora\u00e7\u00e3o da cidade, com muitas op\u00e7\u00f5es de transporte p\u00fablico e seguran\u00e7a para toda a fam\u00edlia\u201d, destacou o secret\u00e1rio de Desenvolvimento Urbano, F\u00e1bio Carneiro.<\/p>\n<p>O post <a rel=\"nofollow noopener\" href=\"https:\/\/wscom.com.br\/arte-circense-teatro-musica-e-contacao-de-historia-marcam-terceiro-fim-de-semana-do-ferias-no-parque\/\" target=\"_blank\">Arte circense, teatro, m\u00fasica e conta\u00e7\u00e3o de hist\u00f3ria marcam terceiro fim de semana do \u2018F\u00e9rias no Parque\u2019<\/a> apareceu primeiro em <a rel=\"nofollow noopener\" href=\"https:\/\/wscom.com.br\/\" target=\"_blank\">WSCOM<\/a>.<\/p>\n","protected":false},"excerpt":{"rendered":"<p>\u00a0 \u00a0 A Secretaria de Desenvolvimento Urbano (Sedurb) divulgou a programa\u00e7\u00e3o do projeto F\u00e9rias no Parque. Quem optar pelo lazer em fam\u00edlia no Parque Solon de Lucena no s\u00e1bado e domingo vai ter acesso a uma vasta programa\u00e7\u00e3o cultural, direcionada principalmente para crian\u00e7as. O projeto, idealizado pela Secretaria de Desenvolvimento Urbano (Sedurb), conta com o [\u2026]<\/p>\n<p>O post <a rel=\"nofollow\" href=\"https:\/\/wscom.com.br\/arte-circense-teatro-musica-e-contacao-de-historia-marcam-terceiro-fim-de-semana-do-ferias-no-parque\/\">Arte circense, teatro, m\u00fasica e conta\u00e7\u00e3o de hist\u00f3ria marcam terceiro fim de semana do \u2018F\u00e9rias no Parque\u2019<\/a> apareceu primeiro em <a rel=\"nofollow\" href=\"https:\/\/wscom.com.br\/\">WSCOM<\/a>.<\/p>\n","protected":false},"author":42,"featured_media":0,"comment_status":"closed","ping_status":"closed","sticky":false,"template":"","format":"standard","meta":{"advgb_blocks_editor_width":"","advgb_blocks_columns_visual_guide":"","footnotes":""},"categories":[6267,6268,34,71,1916,2899,216,1914],"tags":[35],"class_list":["post-25325","post","type-post","status-publish","format-standard","hentry","category-arte-circense","category-contacao-de-historia","category-g1","category-joao-pessoa","category-lazer","category-parque-solon-de-lucena","category-pmjp","category-teatro","tag-g1"],"author_meta":{"display_name":"Rafael Andrade","author_link":"https:\/\/sindaopcpb.org.br\/author\/rafael-andrade\/"},"featured_img":null,"coauthors":[],"tax_additional":{"categories":{"linked":["<a href=\"https:\/\/sindaopcpb.org.br\/arte-circense\/\" class=\"advgb-post-tax-term\">Arte circense<\/a>","<a href=\"https:\/\/sindaopcpb.org.br\/contacao-de-historia\/\" class=\"advgb-post-tax-term\">Conta\u00e7\u00e3o de hist\u00f3ria<\/a>","<a href=\"https:\/\/sindaopcpb.org.br\/g1\/\" class=\"advgb-post-tax-term\">G1<\/a>","<a href=\"https:\/\/sindaopcpb.org.br\/joao-pessoa\/\" class=\"advgb-post-tax-term\">Jo\u00e3o Pessoa<\/a>","<a href=\"https:\/\/sindaopcpb.org.br\/lazer\/\" class=\"advgb-post-tax-term\">LAZER<\/a>","<a href=\"https:\/\/sindaopcpb.org.br\/parque-solon-de-lucena\/\" class=\"advgb-post-tax-term\">Parque Solon de Lucena<\/a>","<a href=\"https:\/\/sindaopcpb.org.br\/pmjp\/\" class=\"advgb-post-tax-term\">PMJP<\/a>","<a href=\"https:\/\/sindaopcpb.org.br\/teatro\/\" class=\"advgb-post-tax-term\">Teatro<\/a>"],"unlinked":["<span class=\"advgb-post-tax-term\">Arte circense<\/span>","<span class=\"advgb-post-tax-term\">Conta\u00e7\u00e3o de hist\u00f3ria<\/span>","<span class=\"advgb-post-tax-term\">G1<\/span>","<span class=\"advgb-post-tax-term\">Jo\u00e3o Pessoa<\/span>","<span class=\"advgb-post-tax-term\">LAZER<\/span>","<span class=\"advgb-post-tax-term\">Parque Solon de Lucena<\/span>","<span class=\"advgb-post-tax-term\">PMJP<\/span>","<span class=\"advgb-post-tax-term\">Teatro<\/span>"]},"tags":{"linked":["<a href=\"https:\/\/sindaopcpb.org.br\/teatro\/\" class=\"advgb-post-tax-term\">g1<\/a>"],"unlinked":["<span class=\"advgb-post-tax-term\">g1<\/span>"]}},"comment_count":"0","relative_dates":{"created":"Publicado 3 anos atr\u00e1s","modified":"Atualizado 3 anos atr\u00e1s"},"absolute_dates":{"created":"Publicado em 13 de julho de 2023","modified":"Atualizado em 13 de julho de 2023"},"absolute_dates_time":{"created":"Publicado em 13 de julho de 2023 12:04","modified":"Atualizado em 13 de julho de 2023 12:04"},"featured_img_caption":"","series_order":"","_links":{"self":[{"href":"https:\/\/sindaopcpb.org.br\/index.php\/wp-json\/wp\/v2\/posts\/25325","targetHints":{"allow":["GET"]}}],"collection":[{"href":"https:\/\/sindaopcpb.org.br\/index.php\/wp-json\/wp\/v2\/posts"}],"about":[{"href":"https:\/\/sindaopcpb.org.br\/index.php\/wp-json\/wp\/v2\/types\/post"}],"author":[{"embeddable":true,"href":"https:\/\/sindaopcpb.org.br\/index.php\/wp-json\/wp\/v2\/users\/42"}],"replies":[{"embeddable":true,"href":"https:\/\/sindaopcpb.org.br\/index.php\/wp-json\/wp\/v2\/comments?post=25325"}],"version-history":[{"count":1,"href":"https:\/\/sindaopcpb.org.br\/index.php\/wp-json\/wp\/v2\/posts\/25325\/revisions"}],"predecessor-version":[{"id":25326,"href":"https:\/\/sindaopcpb.org.br\/index.php\/wp-json\/wp\/v2\/posts\/25325\/revisions\/25326"}],"wp:attachment":[{"href":"https:\/\/sindaopcpb.org.br\/index.php\/wp-json\/wp\/v2\/media?parent=25325"}],"wp:term":[{"taxonomy":"category","embeddable":true,"href":"https:\/\/sindaopcpb.org.br\/index.php\/wp-json\/wp\/v2\/categories?post=25325"},{"taxonomy":"post_tag","embeddable":true,"href":"https:\/\/sindaopcpb.org.br\/index.php\/wp-json\/wp\/v2\/tags?post=25325"}],"curies":[{"name":"wp","href":"https:\/\/api.w.org\/{rel}","templated":true}]}}