{"id":25311,"date":"2023-07-13T09:51:00","date_gmt":"2023-07-13T12:51:00","guid":{"rendered":"https:\/\/www.infomoney.com.br\/?p=2186326"},"modified":"2023-07-13T09:51:00","modified_gmt":"2023-07-13T12:51:00","slug":"brasil-nao-abre-mao-de-definir-compras-do-governo-afirma-lula","status":"publish","type":"post","link":"https:\/\/sindaopcpb.org.br\/index.php\/2023\/07\/13\/brasil-nao-abre-mao-de-definir-compras-do-governo-afirma-lula\/","title":{"rendered":"Brasil \u2018n\u00e3o abre m\u00e3o\u2019 de definir compras do governo, afirma Lula"},"content":{"rendered":"<p><img loading=\"lazy\" width=\"300\" height=\"225\" src=\"https:\/\/www.infomoney.com.br\/wp-content\/uploads\/2023\/01\/Lula_1.jpg?fit=300%2C225&amp;quality=70&amp;strip=all\" class=\"attachment-medium size-medium wp-post-image\" alt=\"\" decoding=\"async\" style=\"float:right; margin:0 0 10px 10px;\" srcset=\"https:\/\/www.infomoney.com.br\/wp-content\/uploads\/2023\/01\/Lula_1.jpg?w=1024&amp;quality=70&amp;strip=all 1024w, https:\/\/www.infomoney.com.br\/wp-content\/uploads\/2023\/01\/Lula_1.jpg?w=300&amp;quality=70&amp;strip=all 300w, https:\/\/www.infomoney.com.br\/wp-content\/uploads\/2023\/01\/Lula_1.jpg?w=768&amp;quality=70&amp;strip=all 768w, https:\/\/www.infomoney.com.br\/wp-content\/uploads\/2023\/01\/Lula_1.jpg?w=150&amp;quality=70&amp;strip=all 150w\" sizes=\"auto, (max-width: 300px) 100vw, 300px\" data-attachment-id=\"2026588\" data-permalink=\"https:\/\/www.infomoney.com.br\/politica\/lula-pode-sair-fortalecido-apos-invasoes-em-brasilia-mas-ha-riscos-de-longo-prazo-ao-governo-diz-eurasia\/attachment\/lula_1\/\" data-orig-file=\"https:\/\/www.infomoney.com.br\/wp-content\/uploads\/2023\/01\/Lula_1.jpg?fit=1024%2C768&amp;quality=70&amp;strip=all\" data-orig-size=\"1024,768\" data-comments-opened=\"0\" data-image-meta=\"{&quot;aperture&quot;:&quot;2.8&quot;,&quot;credit&quot;:&quot;Marcelo Camargo\\\/Ag\\u00eancia Brasil&quot;,&quot;camera&quot;:&quot;Canon EOS-1D X&quot;,&quot;caption&quot;:&quot;O presidente Luiz In\\u00e1cio Lula da Silva se re\\u00fane com ministros e presidentes dos demais poderes, no Pal\\u00e1cio do Planalto.&quot;,&quot;created_timestamp&quot;:&quot;1673259177&quot;,&quot;copyright&quot;:&quot;Ag\\u00eancia Brasil\\\/EBC&quot;,&quot;focal_length&quot;:&quot;135&quot;,&quot;iso&quot;:&quot;3200&quot;,&quot;shutter_speed&quot;:&quot;0.0025&quot;,&quot;title&quot;:&quot;&quot;,&quot;orientation&quot;:&quot;0&quot;}\" data-image-title=\"Lula\" data-image-description=\"\" data-image-caption=\"&lt;p&gt;O presidente Luiz In\u00e1cio Lula da Silva (PT) se re\u00fane com ministros e presidentes dos demais Poderes, no Pal\u00e1cio do Planalto (Foto: Marcelo Camargo\/Ag\u00eancia Brasil)&lt;\/p&gt;\n\" data-medium-file=\"https:\/\/www.infomoney.com.br\/wp-content\/uploads\/2023\/01\/Lula_1.jpg?fit=300%2C225&amp;quality=70&amp;strip=all\" data-large-file=\"https:\/\/www.infomoney.com.br\/wp-content\/uploads\/2023\/01\/Lula_1.jpg?fit=1024%2C768&amp;quality=70&amp;strip=all\" title=\"\"><\/p>\n<p>O presidente Luiz In\u00e1cio Lula da Silva quer que a contraproposta envolvendo o acordo comercial com a Uni\u00e3o Europeia esteja pronta e seja enviada para avalia\u00e7\u00e3o dos demais integrantes do Mercosul (Argentina, Uruguai e Paraguai) antes de sua viagem, no fim de semana, a Bruxelas, onde participar\u00e1 de encontro da Comunidade dos Estados da Am\u00e9rica Latina e Caribe (Celac) com a UE. Ele n\u00e3o ir\u00e1 apresentar o documento aos europeus, mas quer indicar que o Brasil j\u00e1 fez a sua parte e que aguardar\u00e1 a resposta dos parceiros regionais para dar andamento \u00e0s tratativas.<\/p>\n<p>A expectativa \u00e9 de que uma nova rodada de negocia\u00e7\u00e3o com os europeus aconte\u00e7a entre agosto e setembro, j\u00e1 com o Brasil na presid\u00eancia tempor\u00e1ria do Mercosul. Nesta quarta-feira, 12, durante evento em Bras\u00edlia, Lula disse que o Brasil &#8220;n\u00e3o abre m\u00e3o&#8221; das compras governamentais no acordo. &#8220;Muitas vezes, as pessoas tratam essas possibilidades de acordo como se fosse a Am\u00e9rica do Sul que n\u00e3o quisesse fazer o acordo.&#8221;<\/p>\n<p>O Minist\u00e9rio da Fazenda tem tentado colocar panos quentes na divis\u00e3o. A despeito de, internamente, o ministro Fernando Haddad ter dado sinais de que \u00e9 favor\u00e1vel a uma conclus\u00e3o r\u00e1pida do acordo, a pasta n\u00e3o tem encabe\u00e7ado um movimento mais cr\u00edtico \u00e0s sugest\u00f5es da Casa Civil.<\/p>\n<p>A leitura de assessores de Haddad \u00e9 de que as condi\u00e7\u00f5es pol\u00edticas para o avan\u00e7o do acordo de forma r\u00e1pida n\u00e3o est\u00e3o presentes &#8211; e n\u00e3o seria por causa do Brasil, mas da Europa (assinado em 2019, o acordo ainda depende de ratifica\u00e7\u00e3o de cada um dos Estados integrantes dos dois blocos para entrar efetivamente em vigor). Resist\u00eancias p\u00fablicas de Paris e a possibilidade de elei\u00e7\u00e3o de uma governo de direita ou extrema direita na Espanha, no fim de julho, est\u00e3o entre os desafios no cen\u00e1rio internacional.<\/p>\n<h2><b>Rea\u00e7\u00e3o<\/b><\/h2>\n<p>A principal cr\u00edtica que vem da ala considerada liberal \u00e9 a de que argumentos t\u00e9cnicos foram desconsiderados no texto da contraproposta, e que a Casa Civil, ao lado do Itamaraty, acabou liderando esse debate sem participa\u00e7\u00e3o ampla como havia sido prometido. Afirmam tamb\u00e9m que o Brasil j\u00e1 tem acordos de com\u00e9rcio com as cl\u00e1usulas inclu\u00eddas no UE-Mercosul, como o assinado com o Chile. A outra ala do governo, no entanto, considera que \u00e9 importante que Lula deixe seu DNA no acordo, que foi assinado pela gest\u00e3o passada, de Jair Bolsonaro.<\/p>\n<p>Nessa disputa, parte do setor industrial, que em tese seria beneficiado com a maior flexibiliza\u00e7\u00e3o no cap\u00edtulo sobre compras governamentais, tamb\u00e9m n\u00e3o acha boa ideia estender a discuss\u00e3o. Em entrevista recente ao <b>Estad\u00e3o<\/b>, o presidente da Confedera\u00e7\u00e3o Nacional da Ind\u00fastria (CNI), Robson Braga de Andrade, defendeu que o governo se empenhe em aprovar com celeridade o acordo, em vez de insistir em ampliar possibilidades de exce\u00e7\u00e3o para compras governamentais &#8211; um ponto que poderia beneficiar a ind\u00fastria. &#8220;O acordo j\u00e1 foi discutido por muitos e muitos anos, \u00e9 o momento de virarmos essa p\u00e1gina. Precisamos avan\u00e7ar no acordo, \u00e9 fundamental para a economia toda do Pa\u00eds.&#8221;<\/p>\n<p>A conclus\u00e3o completa do acordo e o come\u00e7o do processo para sua implementa\u00e7\u00e3o ficaram travados nos \u00faltimos anos, pois os europeus resistiam em tratar do assunto com Bolsonaro, com cr\u00edticas \u00e0 pol\u00edtica ambiental do governo. Agora, apesar do trabalho dos dois lados para concluir o acordo ainda neste ano, h\u00e1 negocia\u00e7\u00f5es adicionais colocadas \u00e0 mesa pelos europeus e pelo governo Lula.<\/p>\n<p>Em mar\u00e7o, a Uni\u00e3o Europeia enviou ao Mercosul um protocolo adicional, com novas condicionantes na \u00e1rea ambiental. O movimento foi considerado &#8220;desbalanceado&#8221; por Bras\u00edlia, que discorda da ideia de ter um acordo adicional vinculante, do enfoque considerado punitivista e da abordagem sobre meio ambiente feita pela Uni\u00e3o Europeia. Do outro lado, Bras\u00edlia quer aproveitar a negocia\u00e7\u00e3o aberta para incluir a possibilidade de mais exce\u00e7\u00f5es para manter produtos nacionais nas compras governamentais, tema defendido publicamente por Lula.<\/p>\n<p>Procurada, a Casa Civil n\u00e3o retornou contatos feitos pelo <b>Estad\u00e3o<\/b>. O Itamaraty informou que quem se pronuncia sobre o acordo \u00e9 a Presid\u00eancia da Rep\u00fablica. <b><\/b><\/p>\n<p>The post <a rel=\"nofollow noopener\" href=\"https:\/\/www.infomoney.com.br\/politica\/brasil-nao-abre-mao-de-definir-compras-do-governo-afirma-lula\/\" target=\"_blank\">Brasil &#8216;n\u00e3o abre m\u00e3o&#8217; de definir compras do governo, afirma Lula<\/a> appeared first on <a rel=\"nofollow noopener\" href=\"https:\/\/www.infomoney.com.br\/\" target=\"_blank\">InfoMoney<\/a>.<\/p>\n","protected":false},"excerpt":{"rendered":"<p><img loading=\"lazy\" decoding=\"async\" width=\"300\" height=\"225\" src=\"https:\/\/www.infomoney.com.br\/wp-content\/uploads\/2023\/01\/Lula_1.jpg?fit=300%2C225&amp;quality=70&amp;strip=all\" class=\"attachment-medium size-medium wp-post-image\" alt=\"\" data-attachment-id=\"2026588\" data-permalink=\"https:\/\/www.infomoney.com.br\/politica\/lula-pode-sair-fortalecido-apos-invasoes-em-brasilia-mas-ha-riscos-de-longo-prazo-ao-governo-diz-eurasia\/attachment\/lula_1\/\" data-orig-file=\"https:\/\/www.infomoney.com.br\/wp-content\/uploads\/2023\/01\/Lula_1.jpg?fit=1024%2C768&amp;quality=70&amp;strip=all\" data-orig-size=\"1024,768\" data-comments-opened=\"0\" data-image-meta='{\"aperture\":\"2.8\",\"credit\":\"Marcelo Camargo\\\/Ag\\u00eancia Brasil\",\"camera\":\"Canon EOS-1D X\",\"caption\":\"O presidente Luiz In\\u00e1cio Lula da Silva se re\\u00fane com ministros e presidentes dos demais poderes, no Pal\\u00e1cio do Planalto.\",\"created_timestamp\":\"1673259177\",\"copyright\":\"Ag\\u00eancia Brasil\\\/EBC\",\"focal_length\":\"135\",\"iso\":\"3200\",\"shutter_speed\":\"0.0025\",\"title\":\"\",\"orientation\":\"0\"}' data-image-title=\"Lula\" data-image-description=\"\" data-image-caption=\"&lt;p&gt;O presidente Luiz In\u00e1cio Lula da Silva (PT) se re\u00fane com ministros e presidentes dos demais Poderes, no Pal\u00e1cio do Planalto (Foto: Marcelo Camargo\/Ag\u00eancia Brasil)&lt;\/p&gt;\n\" data-medium-file=\"https:\/\/www.infomoney.com.br\/wp-content\/uploads\/2023\/01\/Lula_1.jpg?fit=300%2C225&amp;quality=70&amp;strip=all\" data-large-file=\"https:\/\/www.infomoney.com.br\/wp-content\/uploads\/2023\/01\/Lula_1.jpg?fit=1024%2C768&amp;quality=70&amp;strip=all\">Expectativa \u00e9 de que uma nova rodada de negocia\u00e7\u00e3o com os europeus aconte\u00e7a entre agosto e setembro<\/p>\n<p>The post <a rel=\"nofollow\" href=\"https:\/\/www.infomoney.com.br\/politica\/brasil-nao-abre-mao-de-definir-compras-do-governo-afirma-lula\/\">Brasil \u2018n\u00e3o abre m\u00e3o\u2019 de definir compras do governo, afirma Lula<\/a> appeared first on <a rel=\"nofollow\" href=\"https:\/\/www.infomoney.com.br\/\">InfoMoney<\/a>.<\/p>\n","protected":false},"author":43,"featured_media":0,"comment_status":"closed","ping_status":"closed","sticky":false,"template":"","format":"standard","meta":{"advgb_blocks_editor_width":"","advgb_blocks_columns_visual_guide":"","footnotes":""},"categories":[34,129,1473,47,1474],"tags":[35],"class_list":["post-25311","post","type-post","status-publish","format-standard","hentry","category-g1","category-luiz-inacio-lula-da-silva","category-mercosul","category-politica","category-uniao-europeia","tag-g1"],"author_meta":{"display_name":"Estad\u00e3o Conte\u00fado","author_link":"https:\/\/sindaopcpb.org.br\/author\/estadao-conteudo\/"},"featured_img":null,"coauthors":[],"tax_additional":{"categories":{"linked":["<a href=\"https:\/\/sindaopcpb.org.br\/g1\/\" class=\"advgb-post-tax-term\">G1<\/a>","<a href=\"https:\/\/sindaopcpb.org.br\/luiz-inacio-lula-da-silva\/\" class=\"advgb-post-tax-term\">Luiz In\u00e1cio Lula da Silva<\/a>","<a href=\"https:\/\/sindaopcpb.org.br\/mercosul\/\" class=\"advgb-post-tax-term\">Mercosul<\/a>","<a href=\"https:\/\/sindaopcpb.org.br\/politica\/\" class=\"advgb-post-tax-term\">POLITICA<\/a>","<a href=\"https:\/\/sindaopcpb.org.br\/uniao-europeia\/\" class=\"advgb-post-tax-term\">Uni\u00e3o Europeia<\/a>"],"unlinked":["<span class=\"advgb-post-tax-term\">G1<\/span>","<span class=\"advgb-post-tax-term\">Luiz In\u00e1cio Lula da Silva<\/span>","<span class=\"advgb-post-tax-term\">Mercosul<\/span>","<span class=\"advgb-post-tax-term\">POLITICA<\/span>","<span class=\"advgb-post-tax-term\">Uni\u00e3o Europeia<\/span>"]},"tags":{"linked":["<a href=\"https:\/\/sindaopcpb.org.br\/uniao-europeia\/\" class=\"advgb-post-tax-term\">g1<\/a>"],"unlinked":["<span class=\"advgb-post-tax-term\">g1<\/span>"]}},"comment_count":"0","relative_dates":{"created":"Publicado 3 anos atr\u00e1s","modified":"Atualizado 3 anos atr\u00e1s"},"absolute_dates":{"created":"Publicado em 13 de julho de 2023","modified":"Atualizado em 13 de julho de 2023"},"absolute_dates_time":{"created":"Publicado em 13 de julho de 2023 09:51","modified":"Atualizado em 13 de julho de 2023 09:51"},"featured_img_caption":"","series_order":"","_links":{"self":[{"href":"https:\/\/sindaopcpb.org.br\/index.php\/wp-json\/wp\/v2\/posts\/25311","targetHints":{"allow":["GET"]}}],"collection":[{"href":"https:\/\/sindaopcpb.org.br\/index.php\/wp-json\/wp\/v2\/posts"}],"about":[{"href":"https:\/\/sindaopcpb.org.br\/index.php\/wp-json\/wp\/v2\/types\/post"}],"author":[{"embeddable":true,"href":"https:\/\/sindaopcpb.org.br\/index.php\/wp-json\/wp\/v2\/users\/43"}],"replies":[{"embeddable":true,"href":"https:\/\/sindaopcpb.org.br\/index.php\/wp-json\/wp\/v2\/comments?post=25311"}],"version-history":[{"count":1,"href":"https:\/\/sindaopcpb.org.br\/index.php\/wp-json\/wp\/v2\/posts\/25311\/revisions"}],"predecessor-version":[{"id":25312,"href":"https:\/\/sindaopcpb.org.br\/index.php\/wp-json\/wp\/v2\/posts\/25311\/revisions\/25312"}],"wp:attachment":[{"href":"https:\/\/sindaopcpb.org.br\/index.php\/wp-json\/wp\/v2\/media?parent=25311"}],"wp:term":[{"taxonomy":"category","embeddable":true,"href":"https:\/\/sindaopcpb.org.br\/index.php\/wp-json\/wp\/v2\/categories?post=25311"},{"taxonomy":"post_tag","embeddable":true,"href":"https:\/\/sindaopcpb.org.br\/index.php\/wp-json\/wp\/v2\/tags?post=25311"}],"curies":[{"name":"wp","href":"https:\/\/api.w.org\/{rel}","templated":true}]}}