{"id":25291,"date":"2023-07-13T08:16:20","date_gmt":"2023-07-13T11:16:20","guid":{"rendered":"https:\/\/wpa.wscom.com.br\/?p=911529"},"modified":"2023-07-13T08:16:20","modified_gmt":"2023-07-13T11:16:20","slug":"flanelinha-e-assassinado-apos-impedir-furto-de-veiculo-no-centro-de-joao-pessoa","status":"publish","type":"post","link":"https:\/\/sindaopcpb.org.br\/index.php\/2023\/07\/13\/flanelinha-e-assassinado-apos-impedir-furto-de-veiculo-no-centro-de-joao-pessoa\/","title":{"rendered":"Flanelinha \u00e9 assassinado ap\u00f3s impedir furto de ve\u00edculo no Centro de Jo\u00e3o Pessoa"},"content":{"rendered":"<p>&nbsp;<\/p>\n<p>&nbsp;<\/p>\n<p>Um flanelinha morreu ap\u00f3s ser alvejado a tiros na tarde desta quarta-feira (12) na avenida General Os\u00f3rio, no Centro de Jo\u00e3o Pessoa. De acordo com a pol\u00edcia, o crime teria sido cometido como uma repres\u00e1lia pela atitude da v\u00edtima de ter impedido o furto de um ve\u00edculo horas antes no mesmo local.<\/p>\n<p>Policiais da For\u00e7a T\u00e1tica realizaram a pris\u00e3o de tr\u00eas suspeitos e os encaminharam para a Central de Pol\u00edcia de Jo\u00e3o Pessoa. Eles teriam abordado o guardador de carros em um ve\u00edculo branco. Um dos ocupantes teria sa\u00eddo do carro e disparado contra o flanelinha.<\/p>\n<p>A v\u00edtima foi encaminhada em estado grave ao Hospital de Emerg\u00eancia e Trauma de Jo\u00e3o Pessoa, mas n\u00e3o resistiu aos ferimentos e morreu. A informa\u00e7\u00e3o foi confirmada pela assessoria da unidade de sa\u00fade. O caso ser\u00e1 investigado pela Delegacia de Homic\u00eddios da capital.<\/p>\n<p>O post <a rel=\"nofollow noopener\" href=\"https:\/\/wscom.com.br\/flanelinha-e-assassinado-apos-impedir-furto-de-veiculo-no-centro-de-joao-pessoa\/\" target=\"_blank\">Flanelinha \u00e9 assassinado ap\u00f3s impedir furto de ve\u00edculo no Centro de Jo\u00e3o Pessoa<\/a> apareceu primeiro em <a rel=\"nofollow noopener\" href=\"https:\/\/wscom.com.br\/\" target=\"_blank\">WSCOM<\/a>.<\/p>\n","protected":false},"excerpt":{"rendered":"<p>\u00a0 \u00a0 Um flanelinha morreu ap\u00f3s ser alvejado a tiros na tarde desta quarta-feira (12) na avenida General Os\u00f3rio, no Centro de Jo\u00e3o Pessoa. De acordo com a pol\u00edcia, o crime teria sido cometido como uma repres\u00e1lia pela atitude da v\u00edtima de ter impedido o furto de um ve\u00edculo horas antes no mesmo local. Policiais [\u2026]<\/p>\n<p>O post <a rel=\"nofollow\" href=\"https:\/\/wscom.com.br\/flanelinha-e-assassinado-apos-impedir-furto-de-veiculo-no-centro-de-joao-pessoa\/\">Flanelinha \u00e9 assassinado ap\u00f3s impedir furto de ve\u00edculo no Centro de Jo\u00e3o Pessoa<\/a> apareceu primeiro em <a rel=\"nofollow\" href=\"https:\/\/wscom.com.br\/\">WSCOM<\/a>.<\/p>\n","protected":false},"author":42,"featured_media":0,"comment_status":"closed","ping_status":"closed","sticky":false,"template":"","format":"standard","meta":{"advgb_blocks_editor_width":"","advgb_blocks_columns_visual_guide":"","footnotes":""},"categories":[685,6264,34,71,66],"tags":[35],"class_list":["post-25291","post","type-post","status-publish","format-standard","hentry","category-assassinato","category-flanelinha","category-g1","category-joao-pessoa","category-policial","tag-g1"],"author_meta":{"display_name":"Rafael Andrade","author_link":"https:\/\/sindaopcpb.org.br\/author\/rafael-andrade\/"},"featured_img":null,"coauthors":[],"tax_additional":{"categories":{"linked":["<a href=\"https:\/\/sindaopcpb.org.br\/assassinato\/\" class=\"advgb-post-tax-term\">assassinato<\/a>","<a href=\"https:\/\/sindaopcpb.org.br\/flanelinha\/\" class=\"advgb-post-tax-term\">flanelinha<\/a>","<a href=\"https:\/\/sindaopcpb.org.br\/g1\/\" class=\"advgb-post-tax-term\">G1<\/a>","<a href=\"https:\/\/sindaopcpb.org.br\/joao-pessoa\/\" class=\"advgb-post-tax-term\">Jo\u00e3o Pessoa<\/a>","<a href=\"https:\/\/sindaopcpb.org.br\/policial\/\" class=\"advgb-post-tax-term\">Policial<\/a>"],"unlinked":["<span class=\"advgb-post-tax-term\">assassinato<\/span>","<span class=\"advgb-post-tax-term\">flanelinha<\/span>","<span class=\"advgb-post-tax-term\">G1<\/span>","<span class=\"advgb-post-tax-term\">Jo\u00e3o Pessoa<\/span>","<span class=\"advgb-post-tax-term\">Policial<\/span>"]},"tags":{"linked":["<a href=\"https:\/\/sindaopcpb.org.br\/policial\/\" class=\"advgb-post-tax-term\">g1<\/a>"],"unlinked":["<span class=\"advgb-post-tax-term\">g1<\/span>"]}},"comment_count":"0","relative_dates":{"created":"Publicado 3 anos atr\u00e1s","modified":"Atualizado 3 anos atr\u00e1s"},"absolute_dates":{"created":"Publicado em 13 de julho de 2023","modified":"Atualizado em 13 de julho de 2023"},"absolute_dates_time":{"created":"Publicado em 13 de julho de 2023 08:16","modified":"Atualizado em 13 de julho de 2023 08:16"},"featured_img_caption":"","series_order":"","_links":{"self":[{"href":"https:\/\/sindaopcpb.org.br\/index.php\/wp-json\/wp\/v2\/posts\/25291","targetHints":{"allow":["GET"]}}],"collection":[{"href":"https:\/\/sindaopcpb.org.br\/index.php\/wp-json\/wp\/v2\/posts"}],"about":[{"href":"https:\/\/sindaopcpb.org.br\/index.php\/wp-json\/wp\/v2\/types\/post"}],"author":[{"embeddable":true,"href":"https:\/\/sindaopcpb.org.br\/index.php\/wp-json\/wp\/v2\/users\/42"}],"replies":[{"embeddable":true,"href":"https:\/\/sindaopcpb.org.br\/index.php\/wp-json\/wp\/v2\/comments?post=25291"}],"version-history":[{"count":1,"href":"https:\/\/sindaopcpb.org.br\/index.php\/wp-json\/wp\/v2\/posts\/25291\/revisions"}],"predecessor-version":[{"id":25292,"href":"https:\/\/sindaopcpb.org.br\/index.php\/wp-json\/wp\/v2\/posts\/25291\/revisions\/25292"}],"wp:attachment":[{"href":"https:\/\/sindaopcpb.org.br\/index.php\/wp-json\/wp\/v2\/media?parent=25291"}],"wp:term":[{"taxonomy":"category","embeddable":true,"href":"https:\/\/sindaopcpb.org.br\/index.php\/wp-json\/wp\/v2\/categories?post=25291"},{"taxonomy":"post_tag","embeddable":true,"href":"https:\/\/sindaopcpb.org.br\/index.php\/wp-json\/wp\/v2\/tags?post=25291"}],"curies":[{"name":"wp","href":"https:\/\/api.w.org\/{rel}","templated":true}]}}