{"id":25287,"date":"2023-07-13T08:37:22","date_gmt":"2023-07-13T11:37:22","guid":{"rendered":"https:\/\/wpa.wscom.com.br\/?p=911536"},"modified":"2023-07-13T08:37:22","modified_gmt":"2023-07-13T11:37:22","slug":"copa-do-brasil-fla-derrota-athletico-por-2-a-0-e-avanca-para-quartas","status":"publish","type":"post","link":"https:\/\/sindaopcpb.org.br\/index.php\/2023\/07\/13\/copa-do-brasil-fla-derrota-athletico-por-2-a-0-e-avanca-para-quartas\/","title":{"rendered":"Copa do Brasil: Fla derrota Athletico por 2 a 0 e avan\u00e7a para quartas"},"content":{"rendered":"<p>&nbsp;<\/p>\n<p>&nbsp;<\/p>\n<p>O Flamengo foi at\u00e9 a Arena da Baixada e voltou a derrotar o Athletico-PR para se garantir nas quartas de final da Copa do Brasil. Se na \u00faltima semana a equipe da G\u00e1vea triunfou por 2 a 1, nesta quarta-feira (12) a vit\u00f3ria foi por 2 a 0 em partida transmitida pela\u00a0R\u00e1dio Nacional.<img decoding=\"async\" src=\"https:\/\/agenciabrasil.ebc.com.br\/ebc.png?id=1543530&amp;o=node\" alt=\"\" title=\"\"><img decoding=\"async\" src=\"https:\/\/agenciabrasil.ebc.com.br\/ebc.gif?id=1543530&amp;o=node\" alt=\"\" title=\"\"><\/p>\n<blockquote class=\"twitter-tweet\" data-width=\"550\" data-dnt=\"true\">\n<p lang=\"pt\" dir=\"ltr\">MISS\u00c3O QUARTAS DE FINAL: <img decoding=\"async\" src=\"https:\/\/s.w.org\/images\/core\/emoji\/13.0.1\/72x72\/2705.png\" alt=\"\u2705\" class=\"wp-smiley\" style=\"height: 1em; max-height: 1em;\" title=\"\"><\/p>\n<p>O ATUAL CAMPE\u00c3O VAI PRA SEMI MAIS UMA VEZ!<br \/>VAMOS, FLAMENGO! VVVAAAMMMOOOOS, NA\u00c7\u00c3\u00c3\u00c3\u00c3OOOOOO!<a href=\"https:\/\/twitter.com\/hashtag\/VAMOSFLAMENGO?src=hash&amp;ref_src=twsrc%5Etfw\" rel=\"nofollow noopener\" target=\"_blank\">#VAMOSFLAMENGO<\/a> <a href=\"https:\/\/twitter.com\/hashtag\/CRF?src=hash&amp;ref_src=twsrc%5Etfw\" rel=\"nofollow noopener\" target=\"_blank\">#CRF<\/a> <a href=\"https:\/\/t.co\/lq5NwlobH3\" rel=\"nofollow\">pic.twitter.com\/lq5NwlobH3<\/a><\/p>\n<p>&mdash; Flamengo (@Flamengo) <a href=\"https:\/\/twitter.com\/Flamengo\/status\/1679317311239471105?ref_src=twsrc%5Etfw\" rel=\"nofollow noopener\" target=\"_blank\">July 13, 2023<\/a><\/p>\n<\/blockquote>\n<p><script async src=\"https:\/\/platform.twitter.com\/widgets.js\" charset=\"utf-8\"><\/script><\/p>\n<p>Apesar de o Flamengo criar a primeira oportunidade clara de gol logo aos 10 minutos com o lateral Ayrton Lucas, que acertou a trave do gol defendido por Bento ap\u00f3s boa tabela com Gabriel Barbosa, a primeira etapa teve maior dom\u00ednio do Furac\u00e3o, que teve no jovem Vitor Roque o seu jogador mais perigoso. O atacante, que defender\u00e1 o Barcelona (Espanha) a partir da pr\u00f3xima temporada europeia, criou v\u00e1rias oportunidade de marcar, a mais clara com um chute colocado aos 34 minutos que parou na trave.<\/p>\n<p>E o Athletico-PR acabou sendo punido um pouco antes do intervalo, aos 44 minutos, quando Thiago Maia levantou a bola na \u00e1rea, o uruguaio Arrascaeta desviou de cabe\u00e7a e Erick desviou para o pr\u00f3prio gol.<\/p>\n<p>Precisando de gols para continuar vivo, o Athletico-PR se lan\u00e7ou de vez ao ataque ap\u00f3s o intervalo. As oportunidades foram se multiplicando, com Christian, Canobbio e Vitor Bueno, mas na hora de decidir faltava efici\u00eancia para superar o goleiro Matheus Cunha.<\/p>\n<blockquote class=\"twitter-tweet\" data-width=\"550\" data-dnt=\"true\">\n<p lang=\"pt\" dir=\"ltr\">TEM QUE LUTAR!<\/p>\n<p><img decoding=\"async\" src=\"https:\/\/s.w.org\/images\/core\/emoji\/13.0.1\/72x72\/1f4f8.png\" alt=\"\ud83d\udcf8\" class=\"wp-smiley\" style=\"height: 1em; max-height: 1em;\" title=\"\"> Gilvan de Souza \/ CRF<a href=\"https:\/\/twitter.com\/hashtag\/VamosFlamengo?src=hash&amp;ref_src=twsrc%5Etfw\" rel=\"nofollow noopener\" target=\"_blank\">#VamosFlamengo<\/a> <a href=\"https:\/\/twitter.com\/hashtag\/CRF?src=hash&amp;ref_src=twsrc%5Etfw\" rel=\"nofollow noopener\" target=\"_blank\">#CRF<\/a> <a href=\"https:\/\/t.co\/ROOLoSb6r6\" rel=\"nofollow\">pic.twitter.com\/ROOLoSb6r6<\/a><\/p>\n<p>&mdash; Flamengo (@Flamengo) <a href=\"https:\/\/twitter.com\/Flamengo\/status\/1679323291121598464?ref_src=twsrc%5Etfw\" rel=\"nofollow noopener\" target=\"_blank\">July 13, 2023<\/a><\/p>\n<\/blockquote>\n<p><script async src=\"https:\/\/platform.twitter.com\/widgets.js\" charset=\"utf-8\"><\/script><\/p>\n<p>Aos 13 minutos o Flamengo chegou a superar novamente Bento, mas o atacante Gabriel Barbosa, que driblou o goleiro antes de chutar para o gol vazio, estava em posi\u00e7\u00e3o de impedimento na hora em que recebeu o passe e o gol foi anulado pelo juiz com aux\u00edlio do VAR (\u00e1rbitro de v\u00eddeo).<\/p>\n<p>Com o gol anulado o Athletico-PR se animou ainda mais, oferecendo mais espa\u00e7os para o Flamengo nos lances de contra-ataque. Al\u00e9m disso, as disputas ficaram ainda mais r\u00edspidas, e um jogador de cada lado acabou sendo expulso ap\u00f3s um in\u00edcio de confus\u00e3o aos 45 minutos, Gerson pelo time da G\u00e1vea e Thiago Heleno pelo Furac\u00e3o.<\/p>\n<p>Dois minutos depois David Luiz cruzou a bola na \u00e1rea, L\u00e9o Pereira desviou de cabe\u00e7a e Gabriel Barbosa dominou e finalizou r\u00e1pido dentro da \u00e1rea para dar n\u00fameros finais ao placar e sacramentar a classifica\u00e7\u00e3o do Flamengo.<\/p>\n<p><strong>Gr\u00eamio vence nos p\u00eanaltis<\/strong><\/p>\n<p>O advers\u00e1rio do Flamengo nas quartas de final da competi\u00e7\u00e3o nacional \u00e9 o Gr\u00eamio, que contou com o brilho do goleiro Gabriel Grando para superar o Bahia por 4 a 3 na disputa de p\u00eanaltis, ap\u00f3s igualdade de 1 a 1 nos 90 minutos, em partida disputada em Porto Alegre. Na partida de ida, disputada na \u00faltima semana em Salvador, o placar tamb\u00e9m foi um empate por 1 a 1.<\/p>\n<blockquote class=\"twitter-tweet\" data-width=\"550\" data-dnt=\"true\">\n<p lang=\"es\" dir=\"ltr\">GRANDO DEFENDE!!!!! ESTAMOS NA SEMIFINAAAAALLL!!!!!!!!!<a href=\"https:\/\/twitter.com\/hashtag\/GRExBAH?src=hash&amp;ref_src=twsrc%5Etfw\" rel=\"nofollow noopener\" target=\"_blank\">#GRExBAH<\/a> <a href=\"https:\/\/twitter.com\/hashtag\/CopaDoBrasil2023?src=hash&amp;ref_src=twsrc%5Etfw\" rel=\"nofollow noopener\" target=\"_blank\">#CopaDoBrasil2023<\/a> <img decoding=\"async\" src=\"https:\/\/s.w.org\/images\/core\/emoji\/13.0.1\/72x72\/1f1ea-1f1ea.png\" alt=\"\ud83c\uddea\ud83c\uddea\" class=\"wp-smiley\" style=\"height: 1em; max-height: 1em;\" title=\"\"> <img decoding=\"async\" src=\"https:\/\/s.w.org\/images\/core\/emoji\/13.0.1\/72x72\/2b50.png\" alt=\"\u2b50\" class=\"wp-smiley\" style=\"height: 1em; max-height: 1em;\" title=\"\"><img decoding=\"async\" src=\"https:\/\/s.w.org\/images\/core\/emoji\/13.0.1\/72x72\/2b50.png\" alt=\"\u2b50\" class=\"wp-smiley\" style=\"height: 1em; max-height: 1em;\" title=\"\"><img decoding=\"async\" src=\"https:\/\/s.w.org\/images\/core\/emoji\/13.0.1\/72x72\/2b50.png\" alt=\"\u2b50\" class=\"wp-smiley\" style=\"height: 1em; max-height: 1em;\" title=\"\"><img decoding=\"async\" src=\"https:\/\/s.w.org\/images\/core\/emoji\/13.0.1\/72x72\/2b50.png\" alt=\"\u2b50\" class=\"wp-smiley\" style=\"height: 1em; max-height: 1em;\" title=\"\"><img decoding=\"async\" src=\"https:\/\/s.w.org\/images\/core\/emoji\/13.0.1\/72x72\/2b50.png\" alt=\"\u2b50\" class=\"wp-smiley\" style=\"height: 1em; max-height: 1em;\" title=\"\"> <a href=\"https:\/\/t.co\/aFTm0Ysh7B\" rel=\"nofollow\">pic.twitter.com\/aFTm0Ysh7B<\/a><\/p>\n<p>&mdash; Gr\u00eamio FBPA (@Gremio) <a href=\"https:\/\/twitter.com\/Gremio\/status\/1679299050997182465?ref_src=twsrc%5Etfw\" rel=\"nofollow noopener\" target=\"_blank\">July 13, 2023<\/a><\/p>\n<\/blockquote>\n<p><script async src=\"https:\/\/platform.twitter.com\/widgets.js\" charset=\"utf-8\"><\/script><\/p>\n<p>O confronto foi disputado em um gramado muito castigado pelas fortes chuvas que ca\u00edram em Porto Alegre nesta quarta, e que levaram o jogo a ter seu in\u00edcio adiado em uma hora. Com isto, os primeiros minutos da etapa inicial foram muito prejudicados, com as oportunidades mais claras aparecendo apenas na fase final. E quem teve a primeira oportunidade de abrir o marcador foi o Gr\u00eamio. Aos 36 minutos o \u00e1rbitro assinalou p\u00eanalti. Mas Cristaldo foi para a cobran\u00e7a e o goleiro Marcos Felipe defendeu.<\/p>\n<p>Por\u00e9m, o maior castigo da equipe ga\u00facha veio dez minutos depois, quando Kayky puxou r\u00e1pido contra-ataque e encontrou Everaldo na esquerda. O centroavante cortou para o meio e acertou belo chute no \u00e2ngulo para abrir o placar.<\/p>\n<p>Em desvantagem, o Gr\u00eamio partiu com tudo para o ataque ap\u00f3s o intervalo. A press\u00e3o foi tamanha que o empate saiu aos 26 minutos, quando Ferreira fez bela jogada pela esquerda e cruzou para a \u00e1rea, onde o paraguaio Villasanti escorou para o fundo do gol.<\/p>\n<blockquote class=\"twitter-tweet\" data-width=\"550\" data-dnt=\"true\">\n<p lang=\"pt\" dir=\"ltr\">HEY, <a href=\"https:\/\/twitter.com\/CopaDoBrasilCBF?ref_src=twsrc%5Etfw\" rel=\"nofollow noopener\" target=\"_blank\">@CopaDoBrasilCBF<\/a>!! Tu j\u00e1 sabe, n\u00e9? <br \/><img decoding=\"async\" src=\"https:\/\/s.w.org\/images\/core\/emoji\/13.0.1\/72x72\/1f4b0.png\" alt=\"\ud83d\udcb0\" class=\"wp-smiley\" style=\"height: 1em; max-height: 1em;\" title=\"\"><img decoding=\"async\" src=\"https:\/\/s.w.org\/images\/core\/emoji\/13.0.1\/72x72\/1f4b0.png\" alt=\"\ud83d\udcb0\" class=\"wp-smiley\" style=\"height: 1em; max-height: 1em;\" title=\"\"><img decoding=\"async\" src=\"https:\/\/s.w.org\/images\/core\/emoji\/13.0.1\/72x72\/1f4b0.png\" alt=\"\ud83d\udcb0\" class=\"wp-smiley\" style=\"height: 1em; max-height: 1em;\" title=\"\"><img decoding=\"async\" src=\"https:\/\/s.w.org\/images\/core\/emoji\/13.0.1\/72x72\/1f4b0.png\" alt=\"\ud83d\udcb0\" class=\"wp-smiley\" style=\"height: 1em; max-height: 1em;\" title=\"\"><a href=\"https:\/\/twitter.com\/hashtag\/GRExBAH?src=hash&amp;ref_src=twsrc%5Etfw\" rel=\"nofollow noopener\" target=\"_blank\">#GRExBAH<\/a> <a href=\"https:\/\/twitter.com\/hashtag\/CopaDoBrasil2023?src=hash&amp;ref_src=twsrc%5Etfw\" rel=\"nofollow noopener\" target=\"_blank\">#CopaDoBrasil2023<\/a> <img decoding=\"async\" src=\"https:\/\/s.w.org\/images\/core\/emoji\/13.0.1\/72x72\/1f1ea-1f1ea.png\" alt=\"\ud83c\uddea\ud83c\uddea\" class=\"wp-smiley\" style=\"height: 1em; max-height: 1em;\" title=\"\"> <img decoding=\"async\" src=\"https:\/\/s.w.org\/images\/core\/emoji\/13.0.1\/72x72\/2b50.png\" alt=\"\u2b50\" class=\"wp-smiley\" style=\"height: 1em; max-height: 1em;\" title=\"\"><img decoding=\"async\" src=\"https:\/\/s.w.org\/images\/core\/emoji\/13.0.1\/72x72\/2b50.png\" alt=\"\u2b50\" class=\"wp-smiley\" style=\"height: 1em; max-height: 1em;\" title=\"\"><img decoding=\"async\" src=\"https:\/\/s.w.org\/images\/core\/emoji\/13.0.1\/72x72\/2b50.png\" alt=\"\u2b50\" class=\"wp-smiley\" style=\"height: 1em; max-height: 1em;\" title=\"\"><img decoding=\"async\" src=\"https:\/\/s.w.org\/images\/core\/emoji\/13.0.1\/72x72\/2b50.png\" alt=\"\u2b50\" class=\"wp-smiley\" style=\"height: 1em; max-height: 1em;\" title=\"\"><img decoding=\"async\" src=\"https:\/\/s.w.org\/images\/core\/emoji\/13.0.1\/72x72\/2b50.png\" alt=\"\u2b50\" class=\"wp-smiley\" style=\"height: 1em; max-height: 1em;\" title=\"\"> <a href=\"https:\/\/t.co\/HKFgfVe6kD\" rel=\"nofollow\">pic.twitter.com\/HKFgfVe6kD<\/a><\/p>\n<p>&mdash; Gr\u00eamio FBPA (@Gremio) <a href=\"https:\/\/twitter.com\/Gremio\/status\/1679306631945789440?ref_src=twsrc%5Etfw\" rel=\"nofollow noopener\" target=\"_blank\">July 13, 2023<\/a><\/p>\n<\/blockquote>\n<p><script async src=\"https:\/\/platform.twitter.com\/widgets.js\" charset=\"utf-8\"><\/script><\/p>\n<p>Como a igualdade perdurou at\u00e9 o minuto final, a classifica\u00e7\u00e3o teve que ser definida na disputa de p\u00eanaltis, onde o goleiro Gabriel Grando brilhou defendendo duas cobran\u00e7as para levar o Gr\u00eamio \u00e0 vit\u00f3ria de 4 a 3 sobre o Bahia.<\/p>\n<p>O post <a rel=\"nofollow noopener\" href=\"https:\/\/wscom.com.br\/copa-do-brasil-fla-derrota-athletico-por-2-a-0-e-avanca-para-quartas\/\" target=\"_blank\">Copa do Brasil: Fla derrota Athletico por 2 a 0 e avan\u00e7a para quartas<\/a> apareceu primeiro em <a rel=\"nofollow noopener\" href=\"https:\/\/wscom.com.br\/\" target=\"_blank\">WSCOM<\/a>.<\/p>\n","protected":false},"excerpt":{"rendered":"<p>\u00a0 \u00a0 O Flamengo foi at\u00e9 a Arena da Baixada e voltou a derrotar o Athletico-PR para se garantir nas quartas de final da Copa do Brasil. Se na \u00faltima semana a equipe da G\u00e1vea triunfou por 2 a 1, nesta quarta-feira (12) a vit\u00f3ria foi por 2 a 0 em partida transmitida pela\u00a0R\u00e1dio Nacional. [\u2026]<\/p>\n<p>O post <a rel=\"nofollow\" href=\"https:\/\/wscom.com.br\/copa-do-brasil-fla-derrota-athletico-por-2-a-0-e-avanca-para-quartas\/\">Copa do Brasil: Fla derrota Athletico por 2 a 0 e avan\u00e7a para quartas<\/a> apareceu primeiro em <a rel=\"nofollow\" href=\"https:\/\/wscom.com.br\/\">WSCOM<\/a>.<\/p>\n","protected":false},"author":42,"featured_media":0,"comment_status":"closed","ping_status":"closed","sticky":false,"template":"","format":"standard","meta":{"advgb_blocks_editor_width":"","advgb_blocks_columns_visual_guide":"","footnotes":""},"categories":[6263,1190,1767,426,293,79,34,2360],"tags":[35],"class_list":["post-25287","post","type-post","status-publish","format-standard","hentry","category-athletico-pr","category-bahia","category-copa-do-brasil","category-esportes","category-flamengo","category-futebol","category-g1","category-gremio","tag-g1"],"author_meta":{"display_name":"Rafael Andrade","author_link":"https:\/\/sindaopcpb.org.br\/author\/rafael-andrade\/"},"featured_img":null,"coauthors":[],"tax_additional":{"categories":{"linked":["<a href=\"https:\/\/sindaopcpb.org.br\/athletico-pr\/\" class=\"advgb-post-tax-term\">Athletico-PR<\/a>","<a href=\"https:\/\/sindaopcpb.org.br\/bahia\/\" class=\"advgb-post-tax-term\">Bahia<\/a>","<a href=\"https:\/\/sindaopcpb.org.br\/copa-do-brasil\/\" class=\"advgb-post-tax-term\">copa do brasil<\/a>","<a href=\"https:\/\/sindaopcpb.org.br\/esportes\/\" class=\"advgb-post-tax-term\">esportes<\/a>","<a href=\"https:\/\/sindaopcpb.org.br\/flamengo\/\" class=\"advgb-post-tax-term\">flamengo<\/a>","<a href=\"https:\/\/sindaopcpb.org.br\/futebol\/\" class=\"advgb-post-tax-term\">Futebol<\/a>","<a href=\"https:\/\/sindaopcpb.org.br\/g1\/\" class=\"advgb-post-tax-term\">G1<\/a>","<a href=\"https:\/\/sindaopcpb.org.br\/gremio\/\" class=\"advgb-post-tax-term\">GR\u00caMIO<\/a>"],"unlinked":["<span class=\"advgb-post-tax-term\">Athletico-PR<\/span>","<span class=\"advgb-post-tax-term\">Bahia<\/span>","<span class=\"advgb-post-tax-term\">copa do brasil<\/span>","<span class=\"advgb-post-tax-term\">esportes<\/span>","<span class=\"advgb-post-tax-term\">flamengo<\/span>","<span class=\"advgb-post-tax-term\">Futebol<\/span>","<span class=\"advgb-post-tax-term\">G1<\/span>","<span class=\"advgb-post-tax-term\">GR\u00caMIO<\/span>"]},"tags":{"linked":["<a href=\"https:\/\/sindaopcpb.org.br\/gremio\/\" class=\"advgb-post-tax-term\">g1<\/a>"],"unlinked":["<span class=\"advgb-post-tax-term\">g1<\/span>"]}},"comment_count":"0","relative_dates":{"created":"Publicado 3 anos atr\u00e1s","modified":"Atualizado 3 anos atr\u00e1s"},"absolute_dates":{"created":"Publicado em 13 de julho de 2023","modified":"Atualizado em 13 de julho de 2023"},"absolute_dates_time":{"created":"Publicado em 13 de julho de 2023 08:37","modified":"Atualizado em 13 de julho de 2023 08:37"},"featured_img_caption":"","series_order":"","_links":{"self":[{"href":"https:\/\/sindaopcpb.org.br\/index.php\/wp-json\/wp\/v2\/posts\/25287","targetHints":{"allow":["GET"]}}],"collection":[{"href":"https:\/\/sindaopcpb.org.br\/index.php\/wp-json\/wp\/v2\/posts"}],"about":[{"href":"https:\/\/sindaopcpb.org.br\/index.php\/wp-json\/wp\/v2\/types\/post"}],"author":[{"embeddable":true,"href":"https:\/\/sindaopcpb.org.br\/index.php\/wp-json\/wp\/v2\/users\/42"}],"replies":[{"embeddable":true,"href":"https:\/\/sindaopcpb.org.br\/index.php\/wp-json\/wp\/v2\/comments?post=25287"}],"version-history":[{"count":1,"href":"https:\/\/sindaopcpb.org.br\/index.php\/wp-json\/wp\/v2\/posts\/25287\/revisions"}],"predecessor-version":[{"id":25288,"href":"https:\/\/sindaopcpb.org.br\/index.php\/wp-json\/wp\/v2\/posts\/25287\/revisions\/25288"}],"wp:attachment":[{"href":"https:\/\/sindaopcpb.org.br\/index.php\/wp-json\/wp\/v2\/media?parent=25287"}],"wp:term":[{"taxonomy":"category","embeddable":true,"href":"https:\/\/sindaopcpb.org.br\/index.php\/wp-json\/wp\/v2\/categories?post=25287"},{"taxonomy":"post_tag","embeddable":true,"href":"https:\/\/sindaopcpb.org.br\/index.php\/wp-json\/wp\/v2\/tags?post=25287"}],"curies":[{"name":"wp","href":"https:\/\/api.w.org\/{rel}","templated":true}]}}