{"id":25285,"date":"2023-07-13T08:51:15","date_gmt":"2023-07-13T11:51:15","guid":{"rendered":"https:\/\/wpa.wscom.com.br\/?p=911540"},"modified":"2023-07-13T08:51:15","modified_gmt":"2023-07-13T11:51:15","slug":"tarcisio-desafia-governo-lula-e-anuncia-decreto-para-regular-e-ampliar-escolas-civico-militares-em-sao-paulo","status":"publish","type":"post","link":"https:\/\/sindaopcpb.org.br\/index.php\/2023\/07\/13\/tarcisio-desafia-governo-lula-e-anuncia-decreto-para-regular-e-ampliar-escolas-civico-militares-em-sao-paulo\/","title":{"rendered":"Tarc\u00edsio desafia governo Lula e anuncia decreto para regular e ampliar escolas c\u00edvico-militares em S\u00e3o Paulo"},"content":{"rendered":"<p>&nbsp;<\/p>\n<p>&nbsp;<\/p>\n<p>O governador de S\u00e3o Paulo, Tarc\u00edsio de Freitas (Republicanos), causou pol\u00eamica nas redes sociais ao anunciar, por meio de sua conta no Twitter, a inten\u00e7\u00e3o de editar um decreto para regular e ampliar o programa de escolas c\u00edvico-militares no estado. Tarc\u00edsio destacou que foi aluno de Col\u00e9gio Militar.<\/p>\n<p>\u201cFui aluno de Col\u00e9gio Militar e sei da import\u00e2ncia de um ensino de qualidade e como \u00e9 preciso que a escola transmita valores corretos para os nossos jovens. O Governo de S\u00e3o Paulo vai editar um decreto para regular o seu pr\u00f3prio programa de escolas c\u00edvico-militares e ampliar unidades de ensino com este formato em todo o Estado\u201d.<\/p>\n<blockquote class=\"twitter-tweet\" data-width=\"550\" data-dnt=\"true\">\n<p lang=\"pt\" dir=\"ltr\">Fui aluno de Col\u00e9gio Militar e sei da import\u00e2ncia de um ensino de qualidade e como \u00e9 preciso que a escola transmita valores corretos para os nossos jovens. O <a href=\"https:\/\/twitter.com\/governosp?ref_src=twsrc%5Etfw\" rel=\"nofollow noopener\" target=\"_blank\">@governosp<\/a> vai editar um decreto para regular o seu pr\u00f3prio programa de escolas c\u00edvico-militares e ampliar unidades de\u2026<\/p>\n<p>&mdash; Tarc\u00edsio Gomes de Freitas (@tarcisiogdf) <a href=\"https:\/\/twitter.com\/tarcisiogdf\/status\/1679268071523905536?ref_src=twsrc%5Etfw\" rel=\"nofollow noopener\" target=\"_blank\">July 12, 2023<\/a><\/p>\n<\/blockquote>\n<p><script async src=\"https:\/\/platform.twitter.com\/widgets.js\" charset=\"utf-8\"><\/script><\/p>\n<p>A decis\u00e3o de Tarc\u00edsio de Freitas ocorre em meio ao encerramento do Programa Nacional das Escolas C\u00edvico-Militares (Pecim) pelo governo do presidente Lula (PT). O Pecim foi um dos principais pilares do Minist\u00e9rio da Educa\u00e7\u00e3o durante a gest\u00e3o do ex-presidente Jair Bolsonaro (PL), e a medida anunciada pelo novo governo prev\u00ea a reintegra\u00e7\u00e3o das escolas ao formato regular.<\/p>\n<p>Segundo um documento enviado aos secret\u00e1rios de Educa\u00e7\u00e3o, o programa ser\u00e1 encerrado at\u00e9 o final do ano. A gest\u00e3o do Pecim era compartilhada entre as pastas da Educa\u00e7\u00e3o e da Defesa, e agora as escolas que adotavam esse modelo passar\u00e3o a seguir o padr\u00e3o regular de ensino.<\/p>\n<p>No entanto, o governador de S\u00e3o Paulo decidiu tomar uma posi\u00e7\u00e3o contr\u00e1ria a essa medida e buscar a regulamenta\u00e7\u00e3o do programa em \u00e2mbito estadual.<\/p>\n<p>O post <a rel=\"nofollow noopener\" href=\"https:\/\/wscom.com.br\/tarcisio-desafia-governo-lula-e-anuncia-decreto-para-regular-e-ampliar-escolas-civico-militares-em-sao-paulo\/\" target=\"_blank\">Tarc\u00edsio desafia governo Lula e anuncia decreto para regular e ampliar escolas c\u00edvico-militares em S\u00e3o Paulo<\/a> apareceu primeiro em <a rel=\"nofollow noopener\" href=\"https:\/\/wscom.com.br\/\" target=\"_blank\">WSCOM<\/a>.<\/p>\n","protected":false},"excerpt":{"rendered":"<p>\u00a0 \u00a0 O governador de S\u00e3o Paulo, Tarc\u00edsio de Freitas (Republicanos), causou pol\u00eamica nas redes sociais ao anunciar, por meio de sua conta no Twitter, a inten\u00e7\u00e3o de editar um decreto para regular e ampliar o programa de escolas c\u00edvico-militares no estado. Tarc\u00edsio destacou que foi aluno de Col\u00e9gio Militar. \u201cFui aluno de Col\u00e9gio Militar [\u2026]<\/p>\n<p>O post <a rel=\"nofollow\" href=\"https:\/\/wscom.com.br\/tarcisio-desafia-governo-lula-e-anuncia-decreto-para-regular-e-ampliar-escolas-civico-militares-em-sao-paulo\/\">Tarc\u00edsio desafia governo Lula e anuncia decreto para regular e ampliar escolas c\u00edvico-militares em S\u00e3o Paulo<\/a> apareceu primeiro em <a rel=\"nofollow\" href=\"https:\/\/wscom.com.br\/\">WSCOM<\/a>.<\/p>\n","protected":false},"author":42,"featured_media":0,"comment_status":"closed","ping_status":"closed","sticky":false,"template":"","format":"standard","meta":{"advgb_blocks_editor_width":"","advgb_blocks_columns_visual_guide":"","footnotes":""},"categories":[115,6239,34,47,424,367],"tags":[35],"class_list":["post-25285","post","type-post","status-publish","format-standard","hentry","category-brasil","category-escolas-civico-militares","category-g1","category-politica","category-sao-paulo","category-tarcisio-de-freitas","tag-g1"],"author_meta":{"display_name":"Rafael Andrade","author_link":"https:\/\/sindaopcpb.org.br\/author\/rafael-andrade\/"},"featured_img":null,"coauthors":[],"tax_additional":{"categories":{"linked":["<a href=\"https:\/\/sindaopcpb.org.br\/brasil\/\" class=\"advgb-post-tax-term\">Brasil<\/a>","<a href=\"https:\/\/sindaopcpb.org.br\/escolas-civico-militares\/\" class=\"advgb-post-tax-term\">escolas c\u00edvico-militares<\/a>","<a href=\"https:\/\/sindaopcpb.org.br\/g1\/\" class=\"advgb-post-tax-term\">G1<\/a>","<a href=\"https:\/\/sindaopcpb.org.br\/politica\/\" class=\"advgb-post-tax-term\">POLITICA<\/a>","<a href=\"https:\/\/sindaopcpb.org.br\/sao-paulo\/\" class=\"advgb-post-tax-term\">S\u00e3o Paulo<\/a>","<a href=\"https:\/\/sindaopcpb.org.br\/tarcisio-de-freitas\/\" class=\"advgb-post-tax-term\">Tarc\u00edsio de Freitas<\/a>"],"unlinked":["<span class=\"advgb-post-tax-term\">Brasil<\/span>","<span class=\"advgb-post-tax-term\">escolas c\u00edvico-militares<\/span>","<span class=\"advgb-post-tax-term\">G1<\/span>","<span class=\"advgb-post-tax-term\">POLITICA<\/span>","<span class=\"advgb-post-tax-term\">S\u00e3o Paulo<\/span>","<span class=\"advgb-post-tax-term\">Tarc\u00edsio de Freitas<\/span>"]},"tags":{"linked":["<a href=\"https:\/\/sindaopcpb.org.br\/tarcisio-de-freitas\/\" class=\"advgb-post-tax-term\">g1<\/a>"],"unlinked":["<span class=\"advgb-post-tax-term\">g1<\/span>"]}},"comment_count":"0","relative_dates":{"created":"Publicado 3 anos atr\u00e1s","modified":"Atualizado 3 anos atr\u00e1s"},"absolute_dates":{"created":"Publicado em 13 de julho de 2023","modified":"Atualizado em 13 de julho de 2023"},"absolute_dates_time":{"created":"Publicado em 13 de julho de 2023 08:51","modified":"Atualizado em 13 de julho de 2023 08:51"},"featured_img_caption":"","series_order":"","_links":{"self":[{"href":"https:\/\/sindaopcpb.org.br\/index.php\/wp-json\/wp\/v2\/posts\/25285","targetHints":{"allow":["GET"]}}],"collection":[{"href":"https:\/\/sindaopcpb.org.br\/index.php\/wp-json\/wp\/v2\/posts"}],"about":[{"href":"https:\/\/sindaopcpb.org.br\/index.php\/wp-json\/wp\/v2\/types\/post"}],"author":[{"embeddable":true,"href":"https:\/\/sindaopcpb.org.br\/index.php\/wp-json\/wp\/v2\/users\/42"}],"replies":[{"embeddable":true,"href":"https:\/\/sindaopcpb.org.br\/index.php\/wp-json\/wp\/v2\/comments?post=25285"}],"version-history":[{"count":1,"href":"https:\/\/sindaopcpb.org.br\/index.php\/wp-json\/wp\/v2\/posts\/25285\/revisions"}],"predecessor-version":[{"id":25286,"href":"https:\/\/sindaopcpb.org.br\/index.php\/wp-json\/wp\/v2\/posts\/25285\/revisions\/25286"}],"wp:attachment":[{"href":"https:\/\/sindaopcpb.org.br\/index.php\/wp-json\/wp\/v2\/media?parent=25285"}],"wp:term":[{"taxonomy":"category","embeddable":true,"href":"https:\/\/sindaopcpb.org.br\/index.php\/wp-json\/wp\/v2\/categories?post=25285"},{"taxonomy":"post_tag","embeddable":true,"href":"https:\/\/sindaopcpb.org.br\/index.php\/wp-json\/wp\/v2\/tags?post=25285"}],"curies":[{"name":"wp","href":"https:\/\/api.w.org\/{rel}","templated":true}]}}