{"id":25283,"date":"2023-07-13T08:57:05","date_gmt":"2023-07-13T11:57:05","guid":{"rendered":"https:\/\/wpa.wscom.com.br\/?p=911543"},"modified":"2023-07-13T08:57:05","modified_gmt":"2023-07-13T11:57:05","slug":"ciro-nogueira-diz-que-nao-impedira-adesoes-do-progressistas-ao-governo-lula","status":"publish","type":"post","link":"https:\/\/sindaopcpb.org.br\/index.php\/2023\/07\/13\/ciro-nogueira-diz-que-nao-impedira-adesoes-do-progressistas-ao-governo-lula\/","title":{"rendered":"Ciro Nogueira diz que n\u00e3o impedir\u00e1 ades\u00f5es do Progressistas ao governo Lula"},"content":{"rendered":"<p>&nbsp;<\/p>\n<p>&nbsp;<\/p>\n<p>O senador Ciro Nogueira, presidente nacional do Progressistas (PP), declarou que n\u00e3o colocar\u00e1 obst\u00e1culos para que membros do seu partido assumam cargos no governo, mesmo que sejam aliados pr\u00f3ximos a ele. No entanto, em\u00a0entrevista\u00a0ao Valor, ele enfatizou que o PP permanecer\u00e1 fora da base de apoio ao governo de forma oficial. Durante as negocia\u00e7\u00f5es entre o presidente Luiz In\u00e1cio Lula da Silva e o presidente da C\u00e2mara, Arthur Lira, nomes como Andr\u00e9 Fufuca e Gilberto Occhi, ligados ao PP, s\u00e3o cogitados para minist\u00e9rios importantes.<\/p>\n<p>Nogueira afirmou que, caso haja oferta de cargos para o partido, ele considerar\u00e1 apenas a representa\u00e7\u00e3o do PP na C\u00e2mara dos Deputados. Ele ressaltou que o governo precisa ter uma base de apoio, mas n\u00e3o interferir\u00e1 na decis\u00e3o dos membros do partido de ingressarem no governo, desde que isso n\u00e3o envolva o partido como um todo. O senador mencionou sua proximidade com Fufuca e Occhi, mas deixou claro que n\u00e3o est\u00e1 envolvido nas conversas sobre indica\u00e7\u00f5es e n\u00e3o tem interesse em ocupar um cargo no governo.<\/p>\n<p>Al\u00e9m disso, Nogueira reafirmou sua lealdade ao ex-presidente Jair Bolsonaro, mesmo mantendo um afeto rec\u00edproco por Lula. Ele afirmou que permanecer\u00e1 na oposi\u00e7\u00e3o a Lula &#8220;at\u00e9 o final&#8221; e criticou as declara\u00e7\u00f5es do ex-presidente sobre o Banco Central, considerando-as uma &#8220;cortina de fuma\u00e7a&#8221;. O senador tamb\u00e9m expressou seu apoio \u00e0 reforma tribut\u00e1ria e prometeu trabalhar pela sua aprova\u00e7\u00e3o no Senado, com ajustes necess\u00e1rios.<\/p>\n<p>Em resumo, Ciro Nogueira deixou claro que n\u00e3o impedir\u00e1 a entrada de membros do PP no governo, mas manter\u00e1 o partido fora da base de apoio oficial. Ele ressaltou seu compromisso com Bolsonaro, mesmo tendo afeto por Lula, e expressou seu apoio \u00e0 reforma tribut\u00e1ria. O senador destacou que n\u00e3o interferir\u00e1 nas decis\u00f5es individuais dos membros do partido em ingressarem no governo, desde que isso n\u00e3o envolva o partido como um todo.<\/p>\n<p>O post <a rel=\"nofollow noopener\" href=\"https:\/\/wscom.com.br\/ciro-nogueira-diz-que-nao-impedira-adesoes-do-progressistas-ao-governo-lula\/\" target=\"_blank\">Ciro Nogueira diz que n\u00e3o impedir\u00e1 ades\u00f5es do Progressistas ao governo Lula<\/a> apareceu primeiro em <a rel=\"nofollow noopener\" href=\"https:\/\/wscom.com.br\/\" target=\"_blank\">WSCOM<\/a>.<\/p>\n","protected":false},"excerpt":{"rendered":"<p>\u00a0 \u00a0 O senador Ciro Nogueira, presidente nacional do Progressistas (PP), declarou que n\u00e3o colocar\u00e1 obst\u00e1culos para que membros do seu partido assumam cargos no governo, mesmo que sejam aliados pr\u00f3ximos a ele. No entanto, em\u00a0entrevista\u00a0ao Valor, ele enfatizou que o PP permanecer\u00e1 fora da base de apoio ao governo de forma oficial. Durante as [\u2026]<\/p>\n<p>O post <a rel=\"nofollow\" href=\"https:\/\/wscom.com.br\/ciro-nogueira-diz-que-nao-impedira-adesoes-do-progressistas-ao-governo-lula\/\">Ciro Nogueira diz que n\u00e3o impedir\u00e1 ades\u00f5es do Progressistas ao governo Lula<\/a> apareceu primeiro em <a rel=\"nofollow\" href=\"https:\/\/wscom.com.br\/\">WSCOM<\/a>.<\/p>\n","protected":false},"author":42,"featured_media":0,"comment_status":"closed","ping_status":"closed","sticky":false,"template":"","format":"standard","meta":{"advgb_blocks_editor_width":"","advgb_blocks_columns_visual_guide":"","footnotes":""},"categories":[6047,4291,34,110,47,6262],"tags":[35],"class_list":["post-25283","post","type-post","status-publish","format-standard","hentry","category-base-governista","category-ciro-nogueira","category-g1","category-lula","category-politica","category-progressistas","tag-g1"],"author_meta":{"display_name":"Rafael Andrade","author_link":"https:\/\/sindaopcpb.org.br\/author\/rafael-andrade\/"},"featured_img":null,"coauthors":[],"tax_additional":{"categories":{"linked":["<a href=\"https:\/\/sindaopcpb.org.br\/base-governista\/\" class=\"advgb-post-tax-term\">base governista<\/a>","<a href=\"https:\/\/sindaopcpb.org.br\/ciro-nogueira\/\" class=\"advgb-post-tax-term\">Ciro Nogueira<\/a>","<a href=\"https:\/\/sindaopcpb.org.br\/g1\/\" class=\"advgb-post-tax-term\">G1<\/a>","<a href=\"https:\/\/sindaopcpb.org.br\/lula\/\" class=\"advgb-post-tax-term\">Lula<\/a>","<a href=\"https:\/\/sindaopcpb.org.br\/politica\/\" class=\"advgb-post-tax-term\">POLITICA<\/a>","<a href=\"https:\/\/sindaopcpb.org.br\/progressistas\/\" class=\"advgb-post-tax-term\">progressistas<\/a>"],"unlinked":["<span class=\"advgb-post-tax-term\">base governista<\/span>","<span class=\"advgb-post-tax-term\">Ciro Nogueira<\/span>","<span class=\"advgb-post-tax-term\">G1<\/span>","<span class=\"advgb-post-tax-term\">Lula<\/span>","<span class=\"advgb-post-tax-term\">POLITICA<\/span>","<span class=\"advgb-post-tax-term\">progressistas<\/span>"]},"tags":{"linked":["<a href=\"https:\/\/sindaopcpb.org.br\/progressistas\/\" class=\"advgb-post-tax-term\">g1<\/a>"],"unlinked":["<span class=\"advgb-post-tax-term\">g1<\/span>"]}},"comment_count":"0","relative_dates":{"created":"Publicado 3 anos atr\u00e1s","modified":"Atualizado 3 anos atr\u00e1s"},"absolute_dates":{"created":"Publicado em 13 de julho de 2023","modified":"Atualizado em 13 de julho de 2023"},"absolute_dates_time":{"created":"Publicado em 13 de julho de 2023 08:57","modified":"Atualizado em 13 de julho de 2023 08:57"},"featured_img_caption":"","series_order":"","_links":{"self":[{"href":"https:\/\/sindaopcpb.org.br\/index.php\/wp-json\/wp\/v2\/posts\/25283","targetHints":{"allow":["GET"]}}],"collection":[{"href":"https:\/\/sindaopcpb.org.br\/index.php\/wp-json\/wp\/v2\/posts"}],"about":[{"href":"https:\/\/sindaopcpb.org.br\/index.php\/wp-json\/wp\/v2\/types\/post"}],"author":[{"embeddable":true,"href":"https:\/\/sindaopcpb.org.br\/index.php\/wp-json\/wp\/v2\/users\/42"}],"replies":[{"embeddable":true,"href":"https:\/\/sindaopcpb.org.br\/index.php\/wp-json\/wp\/v2\/comments?post=25283"}],"version-history":[{"count":1,"href":"https:\/\/sindaopcpb.org.br\/index.php\/wp-json\/wp\/v2\/posts\/25283\/revisions"}],"predecessor-version":[{"id":25284,"href":"https:\/\/sindaopcpb.org.br\/index.php\/wp-json\/wp\/v2\/posts\/25283\/revisions\/25284"}],"wp:attachment":[{"href":"https:\/\/sindaopcpb.org.br\/index.php\/wp-json\/wp\/v2\/media?parent=25283"}],"wp:term":[{"taxonomy":"category","embeddable":true,"href":"https:\/\/sindaopcpb.org.br\/index.php\/wp-json\/wp\/v2\/categories?post=25283"},{"taxonomy":"post_tag","embeddable":true,"href":"https:\/\/sindaopcpb.org.br\/index.php\/wp-json\/wp\/v2\/tags?post=25283"}],"curies":[{"name":"wp","href":"https:\/\/api.w.org\/{rel}","templated":true}]}}