{"id":25191,"date":"2023-07-12T13:36:28","date_gmt":"2023-07-12T16:36:28","guid":{"rendered":"https:\/\/www.infomoney.com.br\/?p=2185728"},"modified":"2023-07-12T13:36:28","modified_gmt":"2023-07-12T16:36:28","slug":"bolsonaro-presta-depoimento-nesta-tarde-na-policia-federal","status":"publish","type":"post","link":"https:\/\/sindaopcpb.org.br\/index.php\/2023\/07\/12\/bolsonaro-presta-depoimento-nesta-tarde-na-policia-federal\/","title":{"rendered":"Bolsonaro presta depoimento nesta tarde na Pol\u00edcia Federal"},"content":{"rendered":"<p><img loading=\"lazy\" width=\"300\" height=\"200\" src=\"https:\/\/www.infomoney.com.br\/wp-content\/uploads\/2022\/10\/jair_bolsonaro_20221019.jpg?fit=300%2C200&amp;quality=70&amp;strip=all\" class=\"attachment-medium size-medium wp-post-image\" alt=\"\" decoding=\"async\" style=\"float:right; margin:0 0 10px 10px;\" srcset=\"https:\/\/www.infomoney.com.br\/wp-content\/uploads\/2022\/10\/jair_bolsonaro_20221019.jpg?w=1024&amp;quality=70&amp;strip=all 1024w, https:\/\/www.infomoney.com.br\/wp-content\/uploads\/2022\/10\/jair_bolsonaro_20221019.jpg?w=300&amp;quality=70&amp;strip=all 300w, https:\/\/www.infomoney.com.br\/wp-content\/uploads\/2022\/10\/jair_bolsonaro_20221019.jpg?w=768&amp;quality=70&amp;strip=all 768w, https:\/\/www.infomoney.com.br\/wp-content\/uploads\/2022\/10\/jair_bolsonaro_20221019.jpg?w=150&amp;quality=70&amp;strip=all 150w\" sizes=\"auto, (max-width: 300px) 100vw, 300px\" data-attachment-id=\"1965504\" data-permalink=\"https:\/\/www.infomoney.com.br\/bolsonaro-seeks-support-ahead-of-tight-presidential-run-off\/\" data-orig-file=\"https:\/\/www.infomoney.com.br\/wp-content\/uploads\/2022\/10\/jair_bolsonaro_20221019.jpg?fit=1024%2C682&amp;quality=70&amp;strip=all\" data-orig-size=\"1024,682\" data-comments-opened=\"0\" data-image-meta=\"{&quot;aperture&quot;:&quot;2.8&quot;,&quot;credit&quot;:&quot;Getty Images&quot;,&quot;camera&quot;:&quot;NIKON D4&quot;,&quot;caption&quot;:&quot;BRASILIA, BRAZIL - OCTOBER 19: President of Brazil and presidential candidate Jair Bolsonaro speaks during a press conference after meeting with mayors from all over Brazil at Alvorada Palace on October 19, 2022 in Brasilia, Brazil. Incumbent Jair Bolsonaro of Liberal Party (PL) will face leftist leader Lula Da Silva of Workers&#039; Party (PT) on October 30 Run-off. (Photo by Andressa Anholete\\\/Getty Images)&quot;,&quot;created_timestamp&quot;:&quot;1666200872&quot;,&quot;copyright&quot;:&quot;2022 Getty Images&quot;,&quot;focal_length&quot;:&quot;300&quot;,&quot;iso&quot;:&quot;1000&quot;,&quot;shutter_speed&quot;:&quot;0.0015625&quot;,&quot;title&quot;:&quot;Bolsonaro Seeks Support Ahead of Tight Presidential Run-off&quot;,&quot;orientation&quot;:&quot;0&quot;}\" data-image-title=\"Jair Bolsonaro elei\u00e7\u00f5es 2022\" data-image-description=\"&lt;p&gt;BRASILIA, BRAZIL &#8211; OCTOBER 19: President of Brazil and presidential candidate Jair Bolsonaro speaks during a press conference after meeting with mayors from all over Brazil at Alvorada Palace on October 19, 2022 in Brasilia, Brazil. Incumbent Jair Bolsonaro of Liberal Party (PL) will face leftist leader Lula Da Silva of Workers&#8217; Party (PT) on October 30 Run-off. (Photo by Andressa Anholete\/Getty Images)&lt;\/p&gt;\n\" data-image-caption=\"&lt;p&gt;(Andressa Anholete\/Getty Images)&lt;\/p&gt;\n\" data-medium-file=\"https:\/\/www.infomoney.com.br\/wp-content\/uploads\/2022\/10\/jair_bolsonaro_20221019.jpg?fit=300%2C200&amp;quality=70&amp;strip=all\" data-large-file=\"https:\/\/www.infomoney.com.br\/wp-content\/uploads\/2022\/10\/jair_bolsonaro_20221019.jpg?fit=1024%2C682&amp;quality=70&amp;strip=all\" title=\"\"><\/p>\n<p>O ex-presidente Jair Bolsonaro ser\u00e1 ouvido nesta quarta-feira (12), \u00e0s 14h, na sede da Pol\u00edcia Federal, em Bras\u00edlia. O depoimento ser\u00e1 para o inqu\u00e9rito que investiga uma tentativa de golpe de Estado que teria sido articulada pelo senador Marcos do Val (Podemos-ES).<\/p>\n<p>O inqu\u00e9rito foi aberto pelo ministro do Supremo Tribunal Federal (STF) Alexandre de Moraes em fevereiro, para apurar se houve tratativas visando a um golpe de Estado, em uma reuni\u00e3o que, segundo o senador, teria contado com a participa\u00e7\u00e3o de Bolsonaro e do ex-deputado federal Daniel Silveira (PTB-RJ), al\u00e9m do pr\u00f3prio Marcos do Val.<\/p>\n<p>Essa reuni\u00e3o foi citada pelo senador em encontro com Moraes. As suspeitas, no entanto, s\u00e3o de que o parlamentar queria gravar a conversa, na busca por uma declara\u00e7\u00e3o do ministro admitindo ter, em algum momento, ultrapassado &#8220;as quatro linhas da Constitui\u00e7\u00e3o&#8221; \u2013 o que poderia ser usado como argumento para questionar o resultado das elei\u00e7\u00f5es de 2022, vencidas pelo presidente Luiz In\u00e1cio Lula da Silva.<\/p>\n<p>Em junho, endere\u00e7os e gabinete de Marcos do Val foram alvo de mandados de busca e apreens\u00e3o, por determina\u00e7\u00e3o de Moraes. \u00c0 \u00e9poca, o senador criticou a opera\u00e7\u00e3o e negou ter cometido algum crime.<\/p>\n<p>The post <a rel=\"nofollow noopener\" href=\"https:\/\/www.infomoney.com.br\/politica\/bolsonaro-presta-depoimento-nesta-tarde-na-policia-federal\/\" target=\"_blank\">Bolsonaro presta depoimento nesta tarde na Pol\u00edcia Federal<\/a> appeared first on <a rel=\"nofollow noopener\" href=\"https:\/\/www.infomoney.com.br\/\" target=\"_blank\">InfoMoney<\/a>.<\/p>\n","protected":false},"excerpt":{"rendered":"<p><img loading=\"lazy\" decoding=\"async\" width=\"300\" height=\"200\" src=\"https:\/\/www.infomoney.com.br\/wp-content\/uploads\/2022\/10\/jair_bolsonaro_20221019.jpg?fit=300%2C200&amp;quality=70&amp;strip=all\" class=\"attachment-medium size-medium wp-post-image\" alt=\"\" data-attachment-id=\"1965504\" data-permalink=\"https:\/\/www.infomoney.com.br\/bolsonaro-seeks-support-ahead-of-tight-presidential-run-off\/\" data-orig-file=\"https:\/\/www.infomoney.com.br\/wp-content\/uploads\/2022\/10\/jair_bolsonaro_20221019.jpg?fit=1024%2C682&amp;quality=70&amp;strip=all\" data-orig-size=\"1024,682\" data-comments-opened=\"0\" data-image-meta=\"{&quot;aperture&quot;:&quot;2.8&quot;,&quot;credit&quot;:&quot;Getty Images&quot;,&quot;camera&quot;:&quot;NIKON D4&quot;,&quot;caption&quot;:&quot;BRASILIA, BRAZIL - OCTOBER 19: President of Brazil and presidential candidate Jair Bolsonaro speaks during a press conference after meeting with mayors from all over Brazil at Alvorada Palace on October 19, 2022 in Brasilia, Brazil. Incumbent Jair Bolsonaro of Liberal Party (PL) will face leftist leader Lula Da Silva of Workers' Party (PT) on October 30 Run-off. (Photo by Andressa Anholete\\\/Getty Images)&quot;,&quot;created_timestamp&quot;:&quot;1666200872&quot;,&quot;copyright&quot;:&quot;2022 Getty Images&quot;,&quot;focal_length&quot;:&quot;300&quot;,&quot;iso&quot;:&quot;1000&quot;,&quot;shutter_speed&quot;:&quot;0.0015625&quot;,&quot;title&quot;:&quot;Bolsonaro Seeks Support Ahead of Tight Presidential Run-off&quot;,&quot;orientation&quot;:&quot;0&quot;}\" data-image-title=\"Jair Bolsonaro elei\u00e7\u00f5es 2022\" data-image-description=\"&lt;p&gt;BRASILIA, BRAZIL \u2013 OCTOBER 19: President of Brazil and presidential candidate Jair Bolsonaro speaks during a press conference after meeting with mayors from all over Brazil at Alvorada Palace on October 19, 2022 in Brasilia, Brazil. Incumbent Jair Bolsonaro of Liberal Party (PL) will face leftist leader Lula Da Silva of Workers\u2019 Party (PT) on October 30 Run-off. (Photo by Andressa Anholete\/Getty Images)&lt;\/p&gt;\n\" data-image-caption=\"&lt;p&gt;(Andressa Anholete\/Getty Images)&lt;\/p&gt;\n\" data-medium-file=\"https:\/\/www.infomoney.com.br\/wp-content\/uploads\/2022\/10\/jair_bolsonaro_20221019.jpg?fit=300%2C200&amp;quality=70&amp;strip=all\" data-large-file=\"https:\/\/www.infomoney.com.br\/wp-content\/uploads\/2022\/10\/jair_bolsonaro_20221019.jpg?fit=1024%2C682&amp;quality=70&amp;strip=all\">Oitiva do ex-presidente est\u00e1 marcada para come\u00e7ar \u00e0s 14h<\/p>\n<p>The post <a rel=\"nofollow\" href=\"https:\/\/www.infomoney.com.br\/politica\/bolsonaro-presta-depoimento-nesta-tarde-na-policia-federal\/\">Bolsonaro presta depoimento nesta tarde na Pol\u00edcia Federal<\/a> appeared first on <a rel=\"nofollow\" href=\"https:\/\/www.infomoney.com.br\/\">InfoMoney<\/a>.<\/p>\n","protected":false},"author":44,"featured_media":0,"comment_status":"closed","ping_status":"closed","sticky":false,"template":"","format":"standard","meta":{"advgb_blocks_editor_width":"","advgb_blocks_columns_visual_guide":"","footnotes":""},"categories":[34,135,4776,768,47],"tags":[35],"class_list":["post-25191","post","type-post","status-publish","format-standard","hentry","category-g1","category-jair-bolsonaro","category-marcos-do-val","category-policia-federal","category-politica","tag-g1"],"author_meta":{"display_name":"Ag\u00eancia Brasil","author_link":"https:\/\/sindaopcpb.org.br\/author\/agencia-brasil\/"},"featured_img":null,"coauthors":[],"tax_additional":{"categories":{"linked":["<a href=\"https:\/\/sindaopcpb.org.br\/g1\/\" class=\"advgb-post-tax-term\">G1<\/a>","<a href=\"https:\/\/sindaopcpb.org.br\/jair-bolsonaro\/\" class=\"advgb-post-tax-term\">Jair Bolsonaro<\/a>","<a href=\"https:\/\/sindaopcpb.org.br\/marcos-do-val\/\" class=\"advgb-post-tax-term\">Marcos do Val<\/a>","<a href=\"https:\/\/sindaopcpb.org.br\/policia-federal\/\" class=\"advgb-post-tax-term\">Policia Federal<\/a>","<a href=\"https:\/\/sindaopcpb.org.br\/politica\/\" class=\"advgb-post-tax-term\">POLITICA<\/a>"],"unlinked":["<span class=\"advgb-post-tax-term\">G1<\/span>","<span class=\"advgb-post-tax-term\">Jair Bolsonaro<\/span>","<span class=\"advgb-post-tax-term\">Marcos do Val<\/span>","<span class=\"advgb-post-tax-term\">Policia Federal<\/span>","<span class=\"advgb-post-tax-term\">POLITICA<\/span>"]},"tags":{"linked":["<a href=\"https:\/\/sindaopcpb.org.br\/politica\/\" class=\"advgb-post-tax-term\">g1<\/a>"],"unlinked":["<span class=\"advgb-post-tax-term\">g1<\/span>"]}},"comment_count":"0","relative_dates":{"created":"Publicado 3 anos atr\u00e1s","modified":"Atualizado 3 anos atr\u00e1s"},"absolute_dates":{"created":"Publicado em 12 de julho de 2023","modified":"Atualizado em 12 de julho de 2023"},"absolute_dates_time":{"created":"Publicado em 12 de julho de 2023 13:36","modified":"Atualizado em 12 de julho de 2023 13:36"},"featured_img_caption":"","series_order":"","_links":{"self":[{"href":"https:\/\/sindaopcpb.org.br\/index.php\/wp-json\/wp\/v2\/posts\/25191","targetHints":{"allow":["GET"]}}],"collection":[{"href":"https:\/\/sindaopcpb.org.br\/index.php\/wp-json\/wp\/v2\/posts"}],"about":[{"href":"https:\/\/sindaopcpb.org.br\/index.php\/wp-json\/wp\/v2\/types\/post"}],"author":[{"embeddable":true,"href":"https:\/\/sindaopcpb.org.br\/index.php\/wp-json\/wp\/v2\/users\/44"}],"replies":[{"embeddable":true,"href":"https:\/\/sindaopcpb.org.br\/index.php\/wp-json\/wp\/v2\/comments?post=25191"}],"version-history":[{"count":1,"href":"https:\/\/sindaopcpb.org.br\/index.php\/wp-json\/wp\/v2\/posts\/25191\/revisions"}],"predecessor-version":[{"id":25192,"href":"https:\/\/sindaopcpb.org.br\/index.php\/wp-json\/wp\/v2\/posts\/25191\/revisions\/25192"}],"wp:attachment":[{"href":"https:\/\/sindaopcpb.org.br\/index.php\/wp-json\/wp\/v2\/media?parent=25191"}],"wp:term":[{"taxonomy":"category","embeddable":true,"href":"https:\/\/sindaopcpb.org.br\/index.php\/wp-json\/wp\/v2\/categories?post=25191"},{"taxonomy":"post_tag","embeddable":true,"href":"https:\/\/sindaopcpb.org.br\/index.php\/wp-json\/wp\/v2\/tags?post=25191"}],"curies":[{"name":"wp","href":"https:\/\/api.w.org\/{rel}","templated":true}]}}