{"id":25185,"date":"2023-07-12T14:07:00","date_gmt":"2023-07-12T17:07:00","guid":{"rendered":"https:\/\/www.infomoney.com.br\/?p=2185614"},"modified":"2023-07-12T14:07:00","modified_gmt":"2023-07-12T17:07:00","slug":"tebet-admite-que-setor-de-servicos-na-reforma-tributaria-e-pedregulho-que-exige-dialogo","status":"publish","type":"post","link":"https:\/\/sindaopcpb.org.br\/index.php\/2023\/07\/12\/tebet-admite-que-setor-de-servicos-na-reforma-tributaria-e-pedregulho-que-exige-dialogo\/","title":{"rendered":"Tebet admite que setor de servi\u00e7os na reforma tribut\u00e1ria \u00e9 \u2018pedregulho\u2019 que exige di\u00e1logo"},"content":{"rendered":"<p><img loading=\"lazy\" width=\"300\" height=\"200\" src=\"https:\/\/www.infomoney.com.br\/wp-content\/uploads\/2023\/04\/52621591439_4403bdf32b_c.jpg?fit=300%2C200&amp;quality=70&amp;strip=all\" class=\"attachment-medium size-medium wp-post-image\" alt=\"\" decoding=\"async\" style=\"float:right; margin:0 0 10px 10px;\" srcset=\"https:\/\/www.infomoney.com.br\/wp-content\/uploads\/2023\/04\/52621591439_4403bdf32b_c.jpg?w=799&amp;quality=70&amp;strip=all 799w, https:\/\/www.infomoney.com.br\/wp-content\/uploads\/2023\/04\/52621591439_4403bdf32b_c.jpg?w=300&amp;quality=70&amp;strip=all 300w, https:\/\/www.infomoney.com.br\/wp-content\/uploads\/2023\/04\/52621591439_4403bdf32b_c.jpg?w=768&amp;quality=70&amp;strip=all 768w, https:\/\/www.infomoney.com.br\/wp-content\/uploads\/2023\/04\/52621591439_4403bdf32b_c.jpg?w=150&amp;quality=70&amp;strip=all 150w\" sizes=\"auto, (max-width: 300px) 100vw, 300px\" data-attachment-id=\"2109715\" data-permalink=\"https:\/\/www.infomoney.com.br\/politica\/simone-tebet-projeto-de-lei-diretrizes-orcamentarias-deficit-zero-2024-ao-vivo\/attachment\/52621591439_4403bdf32b_c\/\" data-orig-file=\"https:\/\/www.infomoney.com.br\/wp-content\/uploads\/2023\/04\/52621591439_4403bdf32b_c.jpg?fit=799%2C533&amp;quality=70&amp;strip=all\" data-orig-size=\"799,533\" data-comments-opened=\"0\" data-image-meta=\"{&quot;aperture&quot;:&quot;0&quot;,&quot;credit&quot;:&quot;&quot;,&quot;camera&quot;:&quot;&quot;,&quot;caption&quot;:&quot;&quot;,&quot;created_timestamp&quot;:&quot;0&quot;,&quot;copyright&quot;:&quot;&quot;,&quot;focal_length&quot;:&quot;0&quot;,&quot;iso&quot;:&quot;0&quot;,&quot;shutter_speed&quot;:&quot;0&quot;,&quot;title&quot;:&quot;&quot;,&quot;orientation&quot;:&quot;0&quot;}\" data-image-title=\"Simone Tebet\" data-image-description=\"\" data-image-caption=\"&lt;p&gt;A ministra do Planejamento e Or\u00e7amento, Simone Tebet (MDB), durante entrevista coletiva (FOTO: EDU ANDRADE\/Ascom\/MF)&lt;\/p&gt;\n\" data-medium-file=\"https:\/\/www.infomoney.com.br\/wp-content\/uploads\/2023\/04\/52621591439_4403bdf32b_c.jpg?fit=300%2C200&amp;quality=70&amp;strip=all\" data-large-file=\"https:\/\/www.infomoney.com.br\/wp-content\/uploads\/2023\/04\/52621591439_4403bdf32b_c.jpg?fit=799%2C533&amp;quality=70&amp;strip=all\" title=\"\"><\/p>\n<p>A ministra do Planejamento, Simone Tebet, admitiu que h\u00e1 um &#8220;pedregulho&#8221; a ser resolvido na reforma tribut\u00e1ria durante a tramita\u00e7\u00e3o da mat\u00e9ria no Senado, em rela\u00e7\u00e3o ao setor de servi\u00e7os e \u00e0s exce\u00e7\u00f5es inclu\u00eddas no texto pela C\u00e2mara dos Deputados. Em sua avalia\u00e7\u00e3o, ser\u00e1 preciso muito di\u00e1logo e audi\u00eancia p\u00fablica para resolver o impasse.<\/p>\n<p>Em fala a jornalistas no Pal\u00e1cio do Planalto, a ministra citou &#8220;duas grandes pedras&#8221; que sempre se apresentaram no debate tribut\u00e1rio. A primeira trata sobre a federa\u00e7\u00e3o, que atinge Estados e munic\u00edpios: &#8220;Estados que produzem versus Estados que consomem&#8221;, classificou. Para Tebet, o texto da C\u00e2mara, que imp\u00f4s uma transi\u00e7\u00e3o longa e gradual do novo sistema tribut\u00e1rio, &#8220;resolve praticamente 80% dos conflitos&#8221;.<\/p>\n<p>J\u00e1 o segundo ponto se refere ao setor de servi\u00e7os. &#8220;Essas sempre foram as grandes pedras no caminho da tributaria no Senado. Uma virou um pedregulho (setor de servi\u00e7os), a outra (Estados e munic\u00edpios), \u00e9 uma pedra de menor tamanho&#8221;, avaliou.<\/p>\n<p>Apesar disso, a ministra acredita que a reforma ser\u00e1 aprovada no Congresso no segundo semestre. &#8220;O Senado tem consci\u00eancia da import\u00e2ncia da reforma tribut\u00e1ria ao Brasil. \u00c9 uma Casa muito reflexiva. Como membros, estamos falando de ex-prefeitos de capitais, ex-governadores, que sabem do caos tribut\u00e1rio&#8221;, afirmou.<\/p>\n<p>No texto da reforma tribut\u00e1ria aprovado pela C\u00e2mara, ficou em aberto qual ser\u00e1 a al\u00edquota padr\u00e3o do novo Imposto sobre Valor Agregado (IVA), que ir\u00e1 substituir cinco impostos diferentes (IPI, PIS, Cofins, ICMS e ISS). Na mat\u00e9ria, ficou acertado que haver\u00e1 uma al\u00edquota \u00fanica, como regra geral, e uma al\u00edquota reduzida. Nove grupos de produtos e servi\u00e7os ter\u00e3o al\u00edquota 60% menor que a padr\u00e3o, que s\u00f3 ser\u00e1 definida em lei complementar. A Fazenda sinalizou uma al\u00edquota geral de 25%, mas, em meio a tantas exce\u00e7\u00f5es, tributaristas s\u00e3o c\u00e9ticos em rela\u00e7\u00e3o a esse porcentual e estimam um patamar bem superior.<\/p>\n<p>The post <a rel=\"nofollow noopener\" href=\"https:\/\/www.infomoney.com.br\/politica\/tebet-admite-que-setor-de-servicos-na-reforma-tributaria-e-pedregulho-que-exige-dialogo\/\" target=\"_blank\">Tebet admite que setor de servi\u00e7os na reforma tribut\u00e1ria \u00e9 &#8216;pedregulho&#8217; que exige di\u00e1logo<\/a> appeared first on <a rel=\"nofollow noopener\" href=\"https:\/\/www.infomoney.com.br\/\" target=\"_blank\">InfoMoney<\/a>.<\/p>\n","protected":false},"excerpt":{"rendered":"<p><img loading=\"lazy\" decoding=\"async\" width=\"300\" height=\"200\" src=\"https:\/\/www.infomoney.com.br\/wp-content\/uploads\/2023\/04\/52621591439_4403bdf32b_c.jpg?fit=300%2C200&amp;quality=70&amp;strip=all\" class=\"attachment-medium size-medium wp-post-image\" alt=\"\" data-attachment-id=\"2109715\" data-permalink=\"https:\/\/www.infomoney.com.br\/politica\/simone-tebet-projeto-de-lei-diretrizes-orcamentarias-deficit-zero-2024-ao-vivo\/attachment\/52621591439_4403bdf32b_c\/\" data-orig-file=\"https:\/\/www.infomoney.com.br\/wp-content\/uploads\/2023\/04\/52621591439_4403bdf32b_c.jpg?fit=799%2C533&amp;quality=70&amp;strip=all\" data-orig-size=\"799,533\" data-comments-opened=\"0\" data-image-meta='{\"aperture\":\"0\",\"credit\":\"\",\"camera\":\"\",\"caption\":\"\",\"created_timestamp\":\"0\",\"copyright\":\"\",\"focal_length\":\"0\",\"iso\":\"0\",\"shutter_speed\":\"0\",\"title\":\"\",\"orientation\":\"0\"}' data-image-title=\"Simone Tebet\" data-image-description=\"\" data-image-caption=\"&lt;p&gt;A ministra do Planejamento e Or\u00e7amento, Simone Tebet (MDB), durante entrevista coletiva (FOTO: EDU ANDRADE\/Ascom\/MF)&lt;\/p&gt;\n\" data-medium-file=\"https:\/\/www.infomoney.com.br\/wp-content\/uploads\/2023\/04\/52621591439_4403bdf32b_c.jpg?fit=300%2C200&amp;quality=70&amp;strip=all\" data-large-file=\"https:\/\/www.infomoney.com.br\/wp-content\/uploads\/2023\/04\/52621591439_4403bdf32b_c.jpg?fit=799%2C533&amp;quality=70&amp;strip=all\">Ministra do Planejamento diz que, no Senado, ser\u00e1 preciso muito di\u00e1logo e audi\u00eancia p\u00fablica para resolver o impasse<\/p>\n<p>The post <a rel=\"nofollow\" href=\"https:\/\/www.infomoney.com.br\/politica\/tebet-admite-que-setor-de-servicos-na-reforma-tributaria-e-pedregulho-que-exige-dialogo\/\">Tebet admite que setor de servi\u00e7os na reforma tribut\u00e1ria \u00e9 \u2018pedregulho\u2019 que exige di\u00e1logo<\/a> appeared first on <a rel=\"nofollow\" href=\"https:\/\/www.infomoney.com.br\/\">InfoMoney<\/a>.<\/p>\n","protected":false},"author":43,"featured_media":0,"comment_status":"closed","ping_status":"closed","sticky":false,"template":"","format":"standard","meta":{"advgb_blocks_editor_width":"","advgb_blocks_columns_visual_guide":"","footnotes":""},"categories":[34,556,47,191,2685,360],"tags":[35],"class_list":["post-25185","post","type-post","status-publish","format-standard","hentry","category-g1","category-impostos","category-politica","category-reforma-tributaria","category-servicos","category-simone-tebet","tag-g1"],"author_meta":{"display_name":"Estad\u00e3o Conte\u00fado","author_link":"https:\/\/sindaopcpb.org.br\/author\/estadao-conteudo\/"},"featured_img":null,"coauthors":[],"tax_additional":{"categories":{"linked":["<a href=\"https:\/\/sindaopcpb.org.br\/g1\/\" class=\"advgb-post-tax-term\">G1<\/a>","<a href=\"https:\/\/sindaopcpb.org.br\/impostos\/\" class=\"advgb-post-tax-term\">Impostos<\/a>","<a href=\"https:\/\/sindaopcpb.org.br\/politica\/\" class=\"advgb-post-tax-term\">POLITICA<\/a>","<a href=\"https:\/\/sindaopcpb.org.br\/reforma-tributaria\/\" class=\"advgb-post-tax-term\">reforma tribut\u00e1ria<\/a>","<a href=\"https:\/\/sindaopcpb.org.br\/servicos\/\" class=\"advgb-post-tax-term\">servi\u00e7os<\/a>","<a href=\"https:\/\/sindaopcpb.org.br\/simone-tebet\/\" class=\"advgb-post-tax-term\">Simone Tebet<\/a>"],"unlinked":["<span class=\"advgb-post-tax-term\">G1<\/span>","<span class=\"advgb-post-tax-term\">Impostos<\/span>","<span class=\"advgb-post-tax-term\">POLITICA<\/span>","<span class=\"advgb-post-tax-term\">reforma tribut\u00e1ria<\/span>","<span class=\"advgb-post-tax-term\">servi\u00e7os<\/span>","<span class=\"advgb-post-tax-term\">Simone Tebet<\/span>"]},"tags":{"linked":["<a href=\"https:\/\/sindaopcpb.org.br\/simone-tebet\/\" class=\"advgb-post-tax-term\">g1<\/a>"],"unlinked":["<span class=\"advgb-post-tax-term\">g1<\/span>"]}},"comment_count":"0","relative_dates":{"created":"Publicado 3 anos atr\u00e1s","modified":"Atualizado 3 anos atr\u00e1s"},"absolute_dates":{"created":"Publicado em 12 de julho de 2023","modified":"Atualizado em 12 de julho de 2023"},"absolute_dates_time":{"created":"Publicado em 12 de julho de 2023 14:07","modified":"Atualizado em 12 de julho de 2023 14:07"},"featured_img_caption":"","series_order":"","_links":{"self":[{"href":"https:\/\/sindaopcpb.org.br\/index.php\/wp-json\/wp\/v2\/posts\/25185","targetHints":{"allow":["GET"]}}],"collection":[{"href":"https:\/\/sindaopcpb.org.br\/index.php\/wp-json\/wp\/v2\/posts"}],"about":[{"href":"https:\/\/sindaopcpb.org.br\/index.php\/wp-json\/wp\/v2\/types\/post"}],"author":[{"embeddable":true,"href":"https:\/\/sindaopcpb.org.br\/index.php\/wp-json\/wp\/v2\/users\/43"}],"replies":[{"embeddable":true,"href":"https:\/\/sindaopcpb.org.br\/index.php\/wp-json\/wp\/v2\/comments?post=25185"}],"version-history":[{"count":1,"href":"https:\/\/sindaopcpb.org.br\/index.php\/wp-json\/wp\/v2\/posts\/25185\/revisions"}],"predecessor-version":[{"id":25186,"href":"https:\/\/sindaopcpb.org.br\/index.php\/wp-json\/wp\/v2\/posts\/25185\/revisions\/25186"}],"wp:attachment":[{"href":"https:\/\/sindaopcpb.org.br\/index.php\/wp-json\/wp\/v2\/media?parent=25185"}],"wp:term":[{"taxonomy":"category","embeddable":true,"href":"https:\/\/sindaopcpb.org.br\/index.php\/wp-json\/wp\/v2\/categories?post=25185"},{"taxonomy":"post_tag","embeddable":true,"href":"https:\/\/sindaopcpb.org.br\/index.php\/wp-json\/wp\/v2\/tags?post=25185"}],"curies":[{"name":"wp","href":"https:\/\/api.w.org\/{rel}","templated":true}]}}