{"id":25179,"date":"2023-07-12T14:00:04","date_gmt":"2023-07-12T17:00:04","guid":{"rendered":"https:\/\/wpa.wscom.com.br\/?p=911414"},"modified":"2023-07-12T14:00:04","modified_gmt":"2023-07-12T17:00:04","slug":"cicero-antecipa-polemicas-e-destaca-impossibilidade-de-agradar-a-todos-com-o-reordenamento-da-orla-de-jp","status":"publish","type":"post","link":"https:\/\/sindaopcpb.org.br\/index.php\/2023\/07\/12\/cicero-antecipa-polemicas-e-destaca-impossibilidade-de-agradar-a-todos-com-o-reordenamento-da-orla-de-jp\/","title":{"rendered":"C\u00edcero antecipa pol\u00eamicas e destaca impossibilidade de agradar a todos com o reordenamento da orla de JP"},"content":{"rendered":"<p>Ap\u00f3s anunciar o cancelamento do contrato com a empresa encarregada da engorda da faixa de areia, o prefeito de Jo\u00e3o Pessoa, C\u00edcero Lucena (PP), abordou nesta quarta-feira (12) o andamento da elabora\u00e7\u00e3o de Termo de Ajustamento de Conduta (TAC) em conjunto com o Minist\u00e9rio P\u00fablico da Para\u00edba (MPPB) para estabelecer diretrizes e regulamenta\u00e7\u00f5es para os quiosques e barracas localizados na orla.<\/p>\n<p>Essas novas diretrizes, que ser\u00e3o assinadas na pr\u00f3xima sexta-feira (14), t\u00eam como objetivo reduzir o hor\u00e1rio de funcionamento dos estabelecimentos. Atualmente, alguns deles operam 24 horas, o que tem gerado diversas reclama\u00e7\u00f5es por parte dos moradores da regi\u00e3o. O ajuste visa atender \u00e0s demandas da comunidade local.<\/p>\n<p>Antecipando poss\u00edveis pol\u00eamicas, C\u00edcero ressaltou que \u00e9 imposs\u00edvel agradar a todos e destacou o compromisso em buscar o reordenamento da orla da cidade. Segundo ele, a inten\u00e7\u00e3o \u00e9 estabelecer um hor\u00e1rio de funcionamento para as barracas, com encerramento por volta da meia-noite, permitindo uma hora adicional para que as pessoas se retirem dos bares. Dessa forma, ser\u00e1 poss\u00edvel planejar a coleta de lixo e garantir que a orla esteja limpa e organizada ao amanhecer.<\/p>\n<p>\u201cVamos buscar o reordenamento da orla da nossa cidade. Estabelecer hor\u00e1rio de funcionamento das barracas, a gente quer que pare em torno de meia noite o funcionamento com mais uma hora para as pessoas se retirarem dos bares. Ent\u00e3o poderemos planejar a coleta de lixo para que ao amanhecer a orla esteja limpa e organizada\u201d, declarou em entrevista \u00e0 r\u00e1dio Correio 98 FM.<\/p>\n<p>O prefeito ainda enfatizou que as medidas adotadas s\u00e3o necess\u00e1rias para o benef\u00edcio coletivo, mesmo que nem todas as partes envolvidas concordem completamente com elas. Ele acrescentou: &#8220;Nem Jesus agradou a todo mundo\u201d, concluiu o gestor municipal.<\/p>\n<p>O post <a rel=\"nofollow noopener\" href=\"https:\/\/wscom.com.br\/cicero-antecipa-polemicas-e-destaca-impossibilidade-de-agradar-a-todos-com-o-reordenamento-da-orla-de-jp\/\" target=\"_blank\">C\u00edcero antecipa pol\u00eamicas e destaca impossibilidade de agradar a todos com o reordenamento da orla de JP<\/a> apareceu primeiro em <a rel=\"nofollow noopener\" href=\"https:\/\/wscom.com.br\/\" target=\"_blank\">WSCOM<\/a>.<\/p>\n","protected":false},"excerpt":{"rendered":"<p>Ap\u00f3s anunciar o cancelamento do contrato com a empresa encarregada da engorda da faixa de areia, o prefeito de Jo\u00e3o Pessoa, C\u00edcero Lucena (PP), abordou nesta quarta-feira (12) o andamento da elabora\u00e7\u00e3o de Termo de Ajustamento de Conduta (TAC) em conjunto com o Minist\u00e9rio P\u00fablico da Para\u00edba (MPPB) para estabelecer diretrizes e regulamenta\u00e7\u00f5es para os [\u2026]<\/p>\n<p>O post <a rel=\"nofollow\" href=\"https:\/\/wscom.com.br\/cicero-antecipa-polemicas-e-destaca-impossibilidade-de-agradar-a-todos-com-o-reordenamento-da-orla-de-jp\/\">C\u00edcero antecipa pol\u00eamicas e destaca impossibilidade de agradar a todos com o reordenamento da orla de JP<\/a> apareceu primeiro em <a rel=\"nofollow\" href=\"https:\/\/wscom.com.br\/\">WSCOM<\/a>.<\/p>\n","protected":false},"author":49,"featured_media":0,"comment_status":"closed","ping_status":"closed","sticky":false,"template":"","format":"standard","meta":{"advgb_blocks_editor_width":"","advgb_blocks_columns_visual_guide":"","footnotes":""},"categories":[227,34,323,6220,47],"tags":[35],"class_list":["post-25179","post","type-post","status-publish","format-standard","hentry","category-cicero-lucena","category-g1","category-mppb","category-orla-de-joao-pessoa","category-politica","tag-g1"],"author_meta":{"display_name":"Cristiane Cavalcante","author_link":"https:\/\/sindaopcpb.org.br\/author\/cristiane-cavalcante\/"},"featured_img":null,"coauthors":[],"tax_additional":{"categories":{"linked":["<a href=\"https:\/\/sindaopcpb.org.br\/cicero-lucena\/\" class=\"advgb-post-tax-term\">cicero lucena<\/a>","<a href=\"https:\/\/sindaopcpb.org.br\/g1\/\" class=\"advgb-post-tax-term\">G1<\/a>","<a href=\"https:\/\/sindaopcpb.org.br\/mppb\/\" class=\"advgb-post-tax-term\">MPPb<\/a>","<a href=\"https:\/\/sindaopcpb.org.br\/orla-de-joao-pessoa\/\" class=\"advgb-post-tax-term\">orla de Jo\u00e3o Pessoa<\/a>","<a href=\"https:\/\/sindaopcpb.org.br\/politica\/\" class=\"advgb-post-tax-term\">POLITICA<\/a>"],"unlinked":["<span class=\"advgb-post-tax-term\">cicero lucena<\/span>","<span class=\"advgb-post-tax-term\">G1<\/span>","<span class=\"advgb-post-tax-term\">MPPb<\/span>","<span class=\"advgb-post-tax-term\">orla de Jo\u00e3o Pessoa<\/span>","<span class=\"advgb-post-tax-term\">POLITICA<\/span>"]},"tags":{"linked":["<a href=\"https:\/\/sindaopcpb.org.br\/politica\/\" class=\"advgb-post-tax-term\">g1<\/a>"],"unlinked":["<span class=\"advgb-post-tax-term\">g1<\/span>"]}},"comment_count":"0","relative_dates":{"created":"Publicado 3 anos atr\u00e1s","modified":"Atualizado 3 anos atr\u00e1s"},"absolute_dates":{"created":"Publicado em 12 de julho de 2023","modified":"Atualizado em 12 de julho de 2023"},"absolute_dates_time":{"created":"Publicado em 12 de julho de 2023 14:00","modified":"Atualizado em 12 de julho de 2023 14:00"},"featured_img_caption":"","series_order":"","_links":{"self":[{"href":"https:\/\/sindaopcpb.org.br\/index.php\/wp-json\/wp\/v2\/posts\/25179","targetHints":{"allow":["GET"]}}],"collection":[{"href":"https:\/\/sindaopcpb.org.br\/index.php\/wp-json\/wp\/v2\/posts"}],"about":[{"href":"https:\/\/sindaopcpb.org.br\/index.php\/wp-json\/wp\/v2\/types\/post"}],"author":[{"embeddable":true,"href":"https:\/\/sindaopcpb.org.br\/index.php\/wp-json\/wp\/v2\/users\/49"}],"replies":[{"embeddable":true,"href":"https:\/\/sindaopcpb.org.br\/index.php\/wp-json\/wp\/v2\/comments?post=25179"}],"version-history":[{"count":1,"href":"https:\/\/sindaopcpb.org.br\/index.php\/wp-json\/wp\/v2\/posts\/25179\/revisions"}],"predecessor-version":[{"id":25180,"href":"https:\/\/sindaopcpb.org.br\/index.php\/wp-json\/wp\/v2\/posts\/25179\/revisions\/25180"}],"wp:attachment":[{"href":"https:\/\/sindaopcpb.org.br\/index.php\/wp-json\/wp\/v2\/media?parent=25179"}],"wp:term":[{"taxonomy":"category","embeddable":true,"href":"https:\/\/sindaopcpb.org.br\/index.php\/wp-json\/wp\/v2\/categories?post=25179"},{"taxonomy":"post_tag","embeddable":true,"href":"https:\/\/sindaopcpb.org.br\/index.php\/wp-json\/wp\/v2\/tags?post=25179"}],"curies":[{"name":"wp","href":"https:\/\/api.w.org\/{rel}","templated":true}]}}