{"id":25171,"date":"2023-07-12T13:03:49","date_gmt":"2023-07-12T16:03:49","guid":{"rendered":"https:\/\/www.infomoney.com.br\/?p=2184871"},"modified":"2023-07-12T13:03:49","modified_gmt":"2023-07-12T16:03:49","slug":"do-transporte-coletivo-a-saude-qual-o-impacto-da-reforma-tributaria-nos-servicos","status":"publish","type":"post","link":"https:\/\/sindaopcpb.org.br\/index.php\/2023\/07\/12\/do-transporte-coletivo-a-saude-qual-o-impacto-da-reforma-tributaria-nos-servicos\/","title":{"rendered":"Do transporte coletivo \u00e0 sa\u00fade: qual o impacto da reforma tribut\u00e1ria nos servi\u00e7os?"},"content":{"rendered":"<p><img loading=\"lazy\" width=\"300\" height=\"200\" src=\"https:\/\/www.infomoney.com.br\/wp-content\/uploads\/2019\/06\/onibus-transito-transporte.jpg?fit=300%2C200&amp;quality=70&amp;strip=all\" class=\"attachment-medium size-medium wp-post-image\" alt=\"\" decoding=\"async\" style=\"float:right; margin:0 0 10px 10px;\" srcset=\"https:\/\/www.infomoney.com.br\/wp-content\/uploads\/2019\/06\/onibus-transito-transporte.jpg?w=900&amp;quality=70&amp;strip=all 900w, https:\/\/www.infomoney.com.br\/wp-content\/uploads\/2019\/06\/onibus-transito-transporte.jpg?w=300&amp;quality=70&amp;strip=all 300w, https:\/\/www.infomoney.com.br\/wp-content\/uploads\/2019\/06\/onibus-transito-transporte.jpg?w=768&amp;quality=70&amp;strip=all 768w, https:\/\/www.infomoney.com.br\/wp-content\/uploads\/2019\/06\/onibus-transito-transporte.jpg?w=150&amp;quality=70&amp;strip=all 150w\" sizes=\"auto, (max-width: 300px) 100vw, 300px\" data-attachment-id=\"1006\" data-permalink=\"https:\/\/www.infomoney.com.br\/onibus-transito-transporte\/\" data-orig-file=\"https:\/\/www.infomoney.com.br\/wp-content\/uploads\/2019\/06\/onibus-transito-transporte.jpg?fit=900%2C599&amp;quality=70&amp;strip=all\" data-orig-size=\"900,599\" data-comments-opened=\"1\" data-image-meta=\"{&quot;aperture&quot;:&quot;0&quot;,&quot;credit&quot;:&quot;&quot;,&quot;camera&quot;:&quot;&quot;,&quot;caption&quot;:&quot;&quot;,&quot;created_timestamp&quot;:&quot;0&quot;,&quot;copyright&quot;:&quot;&quot;,&quot;focal_length&quot;:&quot;0&quot;,&quot;iso&quot;:&quot;0&quot;,&quot;shutter_speed&quot;:&quot;0&quot;,&quot;title&quot;:&quot;&quot;,&quot;orientation&quot;:&quot;0&quot;}\" data-image-title=\"onibus-transito-transporte\" data-image-description=\"\" data-image-caption=\"&lt;p&gt;\u00d4nibus em SP&lt;\/p&gt;\n\" data-medium-file=\"https:\/\/www.infomoney.com.br\/wp-content\/uploads\/2019\/06\/onibus-transito-transporte.jpg?fit=300%2C200&amp;quality=70&amp;strip=all\" data-large-file=\"https:\/\/www.infomoney.com.br\/wp-content\/uploads\/2019\/06\/onibus-transito-transporte.jpg?fit=900%2C599&amp;quality=70&amp;strip=all\" title=\"\"><\/p>\n<p>O texto da reforma tribut&aacute;ria, que foi aprovado na C&acirc;mara dos Deputados e, agora, ser&aacute; analisado no Senado, poder&aacute; encarecer os servi&ccedil;os em geral.<\/p>\n<p>Isso porque o setor, sem cadeia produtiva longa, se beneficiar&aacute; menos de cr&eacute;ditos tribut&aacute;rios e ser&aacute; tributado com uma al&iacute;quota de IVA (Imposto sobre Valor Adicionado) dual, que poder&aacute; ser 25%, mais alta que os atuais 9,25% do Programa de Integra&ccedil;&atilde;o Social (PIS) e da Contribui&ccedil;&atilde;o para o Financiamento da Seguridade Social (Cofins) cobrado sobre empresas com lucro presumido, situa&ccedil;&atilde;o que engloba a maioria das empresas prestadoras de servi&ccedil;o.<\/p>\n<p>Alguns tipos de servi&ccedil;o, no entanto, ter&atilde;o al&iacute;quota reduzida em 60%. Os seguintes servi&ccedil;os ser&atilde;o beneficiados, como os de:<\/p>\n<ul>\n<li>transporte coletivo;<\/li>\n<li>de sa&uacute;de;<\/li>\n<li>de educa&ccedil;&atilde;o;<\/li>\n<li>cibern&eacute;ticos;<\/li>\n<li>de seguran&ccedil;a da informa&ccedil;&atilde;o;<\/li>\n<li>e de seguran&ccedil;a nacional.<\/li>\n<\/ul>\n<p>Em audi&ecirc;ncia na C&acirc;mara dos Deputados no final do m&ecirc;s de junho, Bernard Appy, secret&aacute;rio extraordin&aacute;rio da Reforma Tribut&aacute;ria do Minist&eacute;rio da Fazenda, afirmou que outros elementos dever&atilde;o compensar as al&iacute;quotas mais altas. Primeiramente, ele citou o crescimento econ&ocirc;mico decorrente da reforma tribut&aacute;ria como fator de gera&ccedil;&atilde;o de empregos e de neg&oacute;cios.<\/p>\n<p>Al&eacute;m da expans&atilde;o da economia, Appy afirmou que o fim da cumulatividade (tributa&ccedil;&atilde;o em cascata) trar&aacute; ganhos &agrave;s empresas de servi&ccedil;os, que poder&atilde;o usar cr&eacute;ditos tribut&aacute;rios atualmente n&atilde;o aproveitados atualmente.<\/p>\n<div class=\"cta-middle\">\n<div class=\"im-cta bg-light bg-opacity-25 border rounded-4 p-3 p-sm-4 p-md-3 p-lg-4 px-xxl-5 my-5\" >\n<div class=\"d-flex flex-column align-items-center align-items-lg-start mb-4 flex-lg-row\">\n<div class=\"rounded-circle mb-2 mb-lg-0 mr-lg-4 me-lg-4 p-3 p-lg-4 bg-teal-600\"><svg width=\"40\" height=\"40\" viewBox=\"0 0 40 40\" fill=\"none\" xmlns=\"http:\/\/www.w3.org\/2000\/svg\"><path d=\"M5.833 34.167V5.833h28.334v28.334H5.833ZM7.708 14.5h24.584V7.708H7.708V14.5Zm8.834 8.917h6.916v-7h-6.916v7Zm0 8.875h6.916v-7h-6.916v7Zm-8.834-8.875h6.959v-7H7.708v7Zm17.625 0h6.959v-7h-6.959v7ZM7.708 32.292h6.959v-7H7.708v7Zm17.625 0h6.959v-7h-6.959v7Z\" fill=\"#fff\"\/><\/svg><\/div>\n<div class=\"flex-fill text-center text-lg-left\">\n<div class=\"h6 small text-orange-700 lh-base mb-1\">Planilha Gratuita<\/div>\n<div class=\"text-body h4 m-0\">Planeje seus gastos<\/div>\n<div class=\"text-body small lh-base mt-2\">Baixe de gra&ccedil;a a planilha de controle financeiro com todos os c&aacute;lculos para monitorar seus gastos mensais<\/div>\n<\/div>\n<\/div>\n<div class=\"im-shortcode-forms-v2\" data-component-type=\"multiformBootstrapV2\" data-configuracao='{\"id\":\"1982553\",\"optimize_id\":\"\",\"nome\":false,\"titulo\":\"Planeje seus gastos\",\"icone\":\"spreadsheet\",\"chapeu\":\"Planilha Gratuita\",\"email\":true,\"telefone\":false,\"cpf\":false,\"campanha\":\"PGASTOS\",\"LancamentoID\":\"74\",\"thankYouUrl\":\"\",\"idJorney\":\"APIEvent-a91858bb-91ad-8609-2e29-7d2c74c9e6af\",\"idDE\":\"\",\"botaoLabel\":\"Quero receber\",\"contextSegment\":\"Newsletter\",\"urlOrigem\":\"https:\\\/\\\/www.infomoney.com.br\\\/minhas-financas\\\/do-transporte-coletivo-a-saude-qual-o-impacto-da-reforma-tributaria-nos-servicos\\\/?utm_medium=materia&#038;utm_source=infomoney&#038;utm_campaign=PGASTOS&#038;utm_term=minhas-financas&#038;utm_content=planilha\",\"openBlank\":true,\"gaPosition\":\"meio\",\"gaCategory\":\"cta_form\",\"useCaptacaoLead\":true,\"dataUTM\":{\"utmMedium\":\"materia\",\"utmSource\":\"infomoney\",\"utmCampaign\":\"PGASTOS\",\"utmTerm\":\"minhas-financas\",\"utmContent\":\"planilha\"}}'><\/div>\n<\/p><\/div>\n<\/div>\n<p>Ele tamb&eacute;m citou a simplifica&ccedil;&atilde;o do sistema e a redu&ccedil;&atilde;o do lit&iacute;gio e do custo do investimento como fatores que estimular&atilde;o os servi&ccedil;os. Na cerim&ocirc;nia de instala&ccedil;&atilde;o da Comiss&atilde;o Tem&aacute;tica de Assuntos Econ&ocirc;micos do Conselh&atilde;o, no &uacute;ltimo dia 4, o secret&aacute;rio disse que a carga tribut&aacute;ria para alguns tipos de servi&ccedil;o cair&aacute; de 7% a 13% com a reforma tribut&aacute;ria.<\/p>\n<p>Na &uacute;ltima quinta-feira (6), o Instituto de Pesquisa Econ&ocirc;mica e Aplicada (Ipea) publicou um estudo segundo o qual o Produto Interno Bruto (PIB) poder&aacute; crescer at&eacute; 2,39% apenas com a primeira vers&atilde;o do relat&oacute;rio de Aguinaldo Ribeiro.<\/p>\n<div class=\"infomoney-related-posts\">\n<h4>Leia tamb&eacute;m<\/h4>\n<div class=\"list\">\n<div class=\"row mx-0 item\">\n<div class=\"img-container\">\n<figure><img decoding=\"async\" class=\"img-fluid img-fluid\" src=\"https:\/\/www.infomoney.com.br\/wp-content\/uploads\/2019\/06\/ohl-brasil-14-rodovia-caminhoes.jpg?quality=70&#038;w=150&#038;%23038;h=150&#038;%23038;crop=1&#038;%23038;strip=all\" data-recalc-dims=\"1\" alt=\"\" title=\"\"><\/figure>\n<\/div>\n<div class=\"info\"><span class=\"hl-hat\">An&aacute;lise da PMS<\/span><span class=\"hl-title\"><a href=\"https:\/\/www.infomoney.com.br\/economia\/setor-de-servicos-mostra-resistencia-mas-aperto-monetario-deve-trazer-desaceleracao-dizem-analistas\/\" rel=\"nofollow noopener\" target=\"_blank\">Setor de servi&ccedil;os mostra resist&ecirc;ncia, mas aperto monet&aacute;rio deve trazer desacelera&ccedil;&atilde;o, dizem analistas<\/a><\/span><span class=\"hl-description\">Servi&ccedil;os &agrave;s fam&iacute;lias mant&ecirc;m for&ccedil;a em maio ante abril, mas a expectativa &eacute; que o setor caminhe de lado nos pr&oacute;ximos meses<\/span><\/div>\n<\/div>\n<\/div>\n<\/div>\n<h2>Cesta b&aacute;sica<\/h2>\n<p>Item que mais gerou pol&ecirc;mica na tramita&ccedil;&atilde;o final da reforma tribut&aacute;ria,&nbsp;<a href=\"https:\/\/www.infomoney.com.br\/politica\/reforma-tributaria-garante-cesta-basica-com-aliquota-zero-reitera-padilha\/\" rel=\"noopener nofollow\" target=\"_blank\">a cesta b&aacute;sica<\/a>&nbsp;deve ter diminui&ccedil;&atilde;o quando uma lei complementar definir uma lista nacional de produtos que ter&atilde;o al&iacute;quota zero da Contribui&ccedil;&atilde;o sobre Bens e Servi&ccedil;os (CBS). O impacto final sobre os pre&ccedil;os, no entanto, ainda &eacute; desconhecido.<\/p>\n<p>Dias antes da vota&ccedil;&atilde;o da reforma, a Associa&ccedil;&atilde;o Brasileira de Supermercados (Abras) apresentou um relat&oacute;rio segundo o qual a cesta b&aacute;sica poderia subir 59,83% em m&eacute;dia com a reda&ccedil;&atilde;o anterior da reforma tribut&aacute;ria, que reduzia pela metade a al&iacute;quota do IVA dual. O estudo, no entanto, foi contestado por economistas, parlamentares e membros do pr&oacute;prio governo.<\/p>\n<p>Em 4 de julho, o relator da reforma na C&acirc;mara, Aguinaldo Ribeiro (PP-PB), contestou as estimativas. O deputado apresentou um estudo do Banco Mundial, segundo o qual <a href=\"https:\/\/www.infomoney.com.br\/minhas-financas\/precos-de-alimentos-da-cesta-basica-vao-cair-com-a-reforma-tributaria\/\" rel=\"noopener nofollow\" target=\"_blank\">a carga tribut&aacute;ria sobre a cesta b&aacute;sica<\/a> cairia 1,7%, em m&eacute;dia, com a al&iacute;quota de IVA dual reduzida em 50%.<\/p>\n<p>No mesmo dia, Bernard Appy, disse que o novo sistema baratearia a cesta b&aacute;sica. Ele prometeu divulgar c&aacute;lculos que comprovariam a tese, mas n&atilde;o apresentou as estimativas. Pouco antes do in&iacute;cio das vota&ccedil;&otilde;es da reforma tribut&aacute;ria, o presidente da C&acirc;mara dos Deputados, Arthur Lira (Progressistas-AL), repetiu as estimativas do estudo do Banco Mundial.<\/p>\n<div class=\"infomoney-related-posts\">\n<h4>Leia tamb&eacute;m<\/h4>\n<div class=\"list\">\n<div class=\"row mx-0 item\">\n<div class=\"img-container\">\n<figure><img decoding=\"async\" class=\"img-fluid img-fluid\" src=\"https:\/\/www.infomoney.com.br\/wp-content\/uploads\/2022\/02\/GettyImages-172349491.jpg?quality=70&#038;w=150&#038;%23038;h=150&#038;%23038;crop=1&#038;%23038;strip=all\" data-recalc-dims=\"1\" alt=\"\" title=\"\"><\/figure>\n<\/div>\n<div class=\"info\"><span class=\"hl-hat\">Aloca&ccedil;&atilde;o<\/span><span class=\"hl-title\"><a href=\"https:\/\/www.infomoney.com.br\/onde-investir\/reforma-tributaria-vai-adiar-aumento-de-risco-nas-carteiras-especialistas-respondem\/\" rel=\"nofollow noopener\" target=\"_blank\">Reforma tribut&aacute;ria vai adiar aumento de risco nas carteiras? Especialistas respondem<\/a><\/span><span class=\"hl-description\">&Agrave; espera do texto final que sair&aacute; do Congresso, casas evitam mudan&ccedil;as nas carteiras; gestoras postergam montagem de algumas posi&ccedil;&otilde;es<\/span><\/div>\n<\/div>\n<\/div>\n<\/div>\n<p>The post <a rel=\"nofollow noopener\" href=\"https:\/\/www.infomoney.com.br\/minhas-financas\/do-transporte-coletivo-a-saude-qual-o-impacto-da-reforma-tributaria-nos-servicos\/\" target=\"_blank\">Do transporte coletivo \u00e0 sa\u00fade: qual o impacto da reforma tribut\u00e1ria nos servi\u00e7os?<\/a> appeared first on <a rel=\"nofollow noopener\" href=\"https:\/\/www.infomoney.com.br\/\" target=\"_blank\">InfoMoney<\/a>.<\/p>\n","protected":false},"excerpt":{"rendered":"<p><img loading=\"lazy\" decoding=\"async\" width=\"300\" height=\"200\" src=\"https:\/\/www.infomoney.com.br\/wp-content\/uploads\/2019\/06\/onibus-transito-transporte.jpg?fit=300%2C200&amp;quality=70&amp;strip=all\" class=\"attachment-medium size-medium wp-post-image\" alt=\"\" data-attachment-id=\"1006\" data-permalink=\"https:\/\/www.infomoney.com.br\/onibus-transito-transporte\/\" data-orig-file=\"https:\/\/www.infomoney.com.br\/wp-content\/uploads\/2019\/06\/onibus-transito-transporte.jpg?fit=900%2C599&amp;quality=70&amp;strip=all\" data-orig-size=\"900,599\" data-comments-opened=\"1\" data-image-meta='{\"aperture\":\"0\",\"credit\":\"\",\"camera\":\"\",\"caption\":\"\",\"created_timestamp\":\"0\",\"copyright\":\"\",\"focal_length\":\"0\",\"iso\":\"0\",\"shutter_speed\":\"0\",\"title\":\"\",\"orientation\":\"0\"}' data-image-title=\"onibus-transito-transporte\" data-image-description=\"\" data-image-caption=\"&lt;p&gt;\u00d4nibus em SP&lt;\/p&gt;\n\" data-medium-file=\"https:\/\/www.infomoney.com.br\/wp-content\/uploads\/2019\/06\/onibus-transito-transporte.jpg?fit=300%2C200&amp;quality=70&amp;strip=all\" data-large-file=\"https:\/\/www.infomoney.com.br\/wp-content\/uploads\/2019\/06\/onibus-transito-transporte.jpg?fit=900%2C599&amp;quality=70&amp;strip=all\">Alguns tipos de servi\u00e7o ter\u00e3o al\u00edquota de IVA dual reduzida em 60%; veja quais<\/p>\n<p>The post <a rel=\"nofollow\" href=\"https:\/\/www.infomoney.com.br\/minhas-financas\/do-transporte-coletivo-a-saude-qual-o-impacto-da-reforma-tributaria-nos-servicos\/\">Do transporte coletivo \u00e0 sa\u00fade: qual o impacto da reforma tribut\u00e1ria nos servi\u00e7os?<\/a> appeared first on <a rel=\"nofollow\" href=\"https:\/\/www.infomoney.com.br\/\">InfoMoney<\/a>.<\/p>\n","protected":false},"author":44,"featured_media":0,"comment_status":"closed","ping_status":"closed","sticky":false,"template":"","format":"standard","meta":{"advgb_blocks_editor_width":"","advgb_blocks_columns_visual_guide":"","footnotes":""},"categories":[229,34,556,444,47,191,90,548,4784],"tags":[35],"class_list":["post-25171","post","type-post","status-publish","format-standard","hentry","category-educacao","category-g1","category-impostos","category-minhas-financas","category-politica","category-reforma-tributaria","category-saude","category-seguranca","category-transportes","tag-g1"],"author_meta":{"display_name":"Ag\u00eancia Brasil","author_link":"https:\/\/sindaopcpb.org.br\/author\/agencia-brasil\/"},"featured_img":null,"coauthors":[],"tax_additional":{"categories":{"linked":["<a href=\"https:\/\/sindaopcpb.org.br\/educacao\/\" class=\"advgb-post-tax-term\">Educa\u00e7\u00e3o<\/a>","<a href=\"https:\/\/sindaopcpb.org.br\/g1\/\" class=\"advgb-post-tax-term\">G1<\/a>","<a href=\"https:\/\/sindaopcpb.org.br\/impostos\/\" class=\"advgb-post-tax-term\">Impostos<\/a>","<a href=\"https:\/\/sindaopcpb.org.br\/minhas-financas\/\" class=\"advgb-post-tax-term\">Minhas Finan\u00e7as<\/a>","<a href=\"https:\/\/sindaopcpb.org.br\/politica\/\" class=\"advgb-post-tax-term\">POLITICA<\/a>","<a href=\"https:\/\/sindaopcpb.org.br\/reforma-tributaria\/\" class=\"advgb-post-tax-term\">reforma tribut\u00e1ria<\/a>","<a href=\"https:\/\/sindaopcpb.org.br\/saude\/\" class=\"advgb-post-tax-term\">Sa\u00fade<\/a>","<a href=\"https:\/\/sindaopcpb.org.br\/seguranca\/\" class=\"advgb-post-tax-term\">Seguran\u00e7a<\/a>","<a href=\"https:\/\/sindaopcpb.org.br\/transportes\/\" class=\"advgb-post-tax-term\">Transportes<\/a>"],"unlinked":["<span class=\"advgb-post-tax-term\">Educa\u00e7\u00e3o<\/span>","<span class=\"advgb-post-tax-term\">G1<\/span>","<span class=\"advgb-post-tax-term\">Impostos<\/span>","<span class=\"advgb-post-tax-term\">Minhas Finan\u00e7as<\/span>","<span class=\"advgb-post-tax-term\">POLITICA<\/span>","<span class=\"advgb-post-tax-term\">reforma tribut\u00e1ria<\/span>","<span class=\"advgb-post-tax-term\">Sa\u00fade<\/span>","<span class=\"advgb-post-tax-term\">Seguran\u00e7a<\/span>","<span class=\"advgb-post-tax-term\">Transportes<\/span>"]},"tags":{"linked":["<a href=\"https:\/\/sindaopcpb.org.br\/transportes\/\" class=\"advgb-post-tax-term\">g1<\/a>"],"unlinked":["<span class=\"advgb-post-tax-term\">g1<\/span>"]}},"comment_count":"0","relative_dates":{"created":"Publicado 3 anos atr\u00e1s","modified":"Atualizado 3 anos atr\u00e1s"},"absolute_dates":{"created":"Publicado em 12 de julho de 2023","modified":"Atualizado em 12 de julho de 2023"},"absolute_dates_time":{"created":"Publicado em 12 de julho de 2023 13:03","modified":"Atualizado em 12 de julho de 2023 13:03"},"featured_img_caption":"","series_order":"","_links":{"self":[{"href":"https:\/\/sindaopcpb.org.br\/index.php\/wp-json\/wp\/v2\/posts\/25171","targetHints":{"allow":["GET"]}}],"collection":[{"href":"https:\/\/sindaopcpb.org.br\/index.php\/wp-json\/wp\/v2\/posts"}],"about":[{"href":"https:\/\/sindaopcpb.org.br\/index.php\/wp-json\/wp\/v2\/types\/post"}],"author":[{"embeddable":true,"href":"https:\/\/sindaopcpb.org.br\/index.php\/wp-json\/wp\/v2\/users\/44"}],"replies":[{"embeddable":true,"href":"https:\/\/sindaopcpb.org.br\/index.php\/wp-json\/wp\/v2\/comments?post=25171"}],"version-history":[{"count":1,"href":"https:\/\/sindaopcpb.org.br\/index.php\/wp-json\/wp\/v2\/posts\/25171\/revisions"}],"predecessor-version":[{"id":25172,"href":"https:\/\/sindaopcpb.org.br\/index.php\/wp-json\/wp\/v2\/posts\/25171\/revisions\/25172"}],"wp:attachment":[{"href":"https:\/\/sindaopcpb.org.br\/index.php\/wp-json\/wp\/v2\/media?parent=25171"}],"wp:term":[{"taxonomy":"category","embeddable":true,"href":"https:\/\/sindaopcpb.org.br\/index.php\/wp-json\/wp\/v2\/categories?post=25171"},{"taxonomy":"post_tag","embeddable":true,"href":"https:\/\/sindaopcpb.org.br\/index.php\/wp-json\/wp\/v2\/tags?post=25171"}],"curies":[{"name":"wp","href":"https:\/\/api.w.org\/{rel}","templated":true}]}}