{"id":25164,"date":"2023-07-12T12:45:29","date_gmt":"2023-07-12T15:45:29","guid":{"rendered":"https:\/\/g1.globo.com\/pb\/paraiba\/noticia\/2023\/07\/12\/fim-programa-escolas-civico-militares-paraiba.ghtml"},"modified":"2023-07-12T12:45:29","modified_gmt":"2023-07-12T15:45:29","slug":"fim-do-programa-de-escolas-civico-militares-deve-afetar-6-unidades-na-paraiba-veja-lista","status":"publish","type":"post","link":"https:\/\/sindaopcpb.org.br\/index.php\/2023\/07\/12\/fim-do-programa-de-escolas-civico-militares-deve-afetar-6-unidades-na-paraiba-veja-lista\/","title":{"rendered":"Fim do programa de escolas c\u00edvico-militares deve afetar 6 unidades na Para\u00edba; veja lista"},"content":{"rendered":"   <img src=\"https:\/\/s2.glbimg.com\/gzOcKjB6cqXtxqRmt_-WPmYWjMY=\/i.s3.glbimg.com\/v1\/AUTH_59edd422c0c84a879bd37670ae4f538a\/internal_photos\/bs\/2022\/u\/d\/fHXLUMQsiamyNXt6wWMg\/escola-municipal-civico-militar-maria-jose-de-miranda-burity.jpeg\" \/><br \/>     Decis\u00e3o foi tomada em conjunto pelos minist\u00e9rios da Educa\u00e7\u00e3o e da Defesa. Programa era uma das prioridades do governo na gest\u00e3o Bolsonaro. Escola Municipal C\u00edvico-Militar Maria Jos\u00e9 de Miranda Burity, em Cabedelo\nSecretaria de Educa\u00e7\u00e3o de Cabedelo\/Divulga\u00e7\u00e3o\nSeis escolas da Para\u00edba estavam na lista do Programa Nacional de Escolas C\u00edvico-Militares (Pecim), criado pelo ex-presidente Jair Bolsonaro. Com a decis\u00e3o do governo federal de encerrar o programa, essas institui\u00e7\u00f5es devem sofrer altera\u00e7\u00f5es. \nA decis\u00e3o do governo federal foi informada aos secret\u00e1rios de Educa\u00e7\u00e3o de todo o pa\u00eds por meio de um of\u00edcio, revelado pelo Estad\u00e3o e obtido pelo g1.\nCriado em 2019, o programa de escolas c\u00edvico-militares estipulava transforma\u00e7\u00e3o de escolas p\u00fablicas para o modelo c\u00edvico-militar. O formato propunha uma divis\u00e3o das gest\u00f5es administrativa e pedag\u00f3gica das escolas, na qual a parte pedag\u00f3gica continuava nas m\u00e3os de educadores civis, mas a gest\u00e3o administrativa passava para os militares.\nNa Para\u00edba, as seguintes escolas participavam do programa, conforme rela\u00e7\u00e3o dispon\u00edvel no site do Pecim:\n2020 - Jo\u00e3o Pessoa - Municipal Caixa Escolar Chico Xavier \n2021 - Bayeux - Municipal EMEF Maria do Carmo da Silveira Lima\n2021 - Santa Rita - Municipal Escola C\u00edvico-Militar Capit\u00e3o Tomaz Panta\n2021 - Cabedelo - Municipal Escola Municipal M\u00aa Jos\u00e9 de Miranda Burity\n2022 - Jo\u00e3o Pessoa - Municipal EMEIF Prof. An\u00edbal Moraes\n2022 - Patos - Municipal CIEP III - Dr. Firmino Ayres Leite e Ottto de Souza Quinho\nDe acordo com o documento, haver\u00e1:\ndesmobiliza\u00e7\u00e3o do pessoal das For\u00e7as Armadas dos col\u00e9gios;\nado\u00e7\u00e3o gradual de medidas que possibilitem o encerramento do ano letivo dentro da normalidade.\nO programa\nCriado em setembro de 2019 por meio de um decreto, o Programa Nacional de Escolas C\u00edvico-Militares come\u00e7ou a ser posto em pr\u00e1tica no ano seguinte. Foi proposto com o objetivo de diminuir a evas\u00e3o escolar e inibir casos de viol\u00eancia escolar a partir da disciplina militar.\nO Pecim estabelecia uma coopera\u00e7\u00e3o entre MEC e Minist\u00e9rio da Defesa para dar apoio \u00e0s escolas que optassem pelo novo modelo, bem como na prepara\u00e7\u00e3o das equipes civis e militares que atuariam nessas institui\u00e7\u00f5es.\nO programa descrevia que a parte pedag\u00f3gica da escola permaneceria com os educadores civis, mas a gest\u00e3o administrativa da institui\u00e7\u00e3o seria feita por militares.\nDentro da sala de aula, as escolas t\u00eam autonomia no projeto pedag\u00f3gico. As aulas s\u00e3o dadas pelos professores da rede p\u00fablica, que s\u00e3o servidores civis.\nFora da sala de aula, militares da reserva atuam como monitores, disciplinando o comportamento dos alunos. Eles n\u00e3o t\u00eam permiss\u00e3o para interferir no que \u00e9 trabalhado em aula ou ministrar materiais pr\u00f3prios.\nV\u00eddeos mais assistidos do g1 Para\u00edba  ","protected":false},"excerpt":{"rendered":"<p>        Decis\u00e3o foi tomada em conjunto pelos minist\u00e9rios da Educa\u00e7\u00e3o e da Defesa. Programa era uma das prioridades do governo na gest\u00e3o Bolsonaro. Escola Municipal C\u00edvico-Militar Maria Jos\u00e9 de Miranda Burity, em Cabedelo<br \/>\nSecretaria de Educa\u00e7\u00e3o de Cabed&#8230;<\/p>\n","protected":false},"author":2,"featured_media":0,"comment_status":"closed","ping_status":"closed","sticky":false,"template":"","format":"standard","meta":{"advgb_blocks_editor_width":"","advgb_blocks_columns_visual_guide":"","footnotes":""},"categories":[34],"tags":[35],"class_list":["post-25164","post","type-post","status-publish","format-standard","hentry","category-g1","tag-g1"],"author_meta":{"display_name":"g1 &gt; Para\u00edba","author_link":"https:\/\/sindaopcpb.org.br\/author\/g1-paraiba\/"},"featured_img":null,"coauthors":[],"tax_additional":{"categories":{"linked":["<a href=\"https:\/\/sindaopcpb.org.br\/g1\/\" class=\"advgb-post-tax-term\">G1<\/a>"],"unlinked":["<span class=\"advgb-post-tax-term\">G1<\/span>"]},"tags":{"linked":["<a href=\"https:\/\/sindaopcpb.org.br\/g1\/\" class=\"advgb-post-tax-term\">g1<\/a>"],"unlinked":["<span class=\"advgb-post-tax-term\">g1<\/span>"]}},"comment_count":"0","relative_dates":{"created":"Publicado 3 anos atr\u00e1s","modified":"Atualizado 3 anos atr\u00e1s"},"absolute_dates":{"created":"Publicado em 12 de julho de 2023","modified":"Atualizado em 12 de julho de 2023"},"absolute_dates_time":{"created":"Publicado em 12 de julho de 2023 12:45","modified":"Atualizado em 12 de julho de 2023 12:45"},"featured_img_caption":"","series_order":"","_links":{"self":[{"href":"https:\/\/sindaopcpb.org.br\/index.php\/wp-json\/wp\/v2\/posts\/25164","targetHints":{"allow":["GET"]}}],"collection":[{"href":"https:\/\/sindaopcpb.org.br\/index.php\/wp-json\/wp\/v2\/posts"}],"about":[{"href":"https:\/\/sindaopcpb.org.br\/index.php\/wp-json\/wp\/v2\/types\/post"}],"author":[{"embeddable":true,"href":"https:\/\/sindaopcpb.org.br\/index.php\/wp-json\/wp\/v2\/users\/2"}],"replies":[{"embeddable":true,"href":"https:\/\/sindaopcpb.org.br\/index.php\/wp-json\/wp\/v2\/comments?post=25164"}],"version-history":[{"count":1,"href":"https:\/\/sindaopcpb.org.br\/index.php\/wp-json\/wp\/v2\/posts\/25164\/revisions"}],"predecessor-version":[{"id":25165,"href":"https:\/\/sindaopcpb.org.br\/index.php\/wp-json\/wp\/v2\/posts\/25164\/revisions\/25165"}],"wp:attachment":[{"href":"https:\/\/sindaopcpb.org.br\/index.php\/wp-json\/wp\/v2\/media?parent=25164"}],"wp:term":[{"taxonomy":"category","embeddable":true,"href":"https:\/\/sindaopcpb.org.br\/index.php\/wp-json\/wp\/v2\/categories?post=25164"},{"taxonomy":"post_tag","embeddable":true,"href":"https:\/\/sindaopcpb.org.br\/index.php\/wp-json\/wp\/v2\/tags?post=25164"}],"curies":[{"name":"wp","href":"https:\/\/api.w.org\/{rel}","templated":true}]}}