{"id":25138,"date":"2023-07-12T10:31:17","date_gmt":"2023-07-12T13:31:17","guid":{"rendered":"https:\/\/www.infomoney.com.br\/?p=2185393"},"modified":"2023-07-12T10:31:17","modified_gmt":"2023-07-12T13:31:17","slug":"senado-aprova-programa-para-expandir-escolas-em-tempo-integral","status":"publish","type":"post","link":"https:\/\/sindaopcpb.org.br\/index.php\/2023\/07\/12\/senado-aprova-programa-para-expandir-escolas-em-tempo-integral\/","title":{"rendered":"Senado aprova programa para expandir escolas em tempo integral"},"content":{"rendered":"<p><img loading=\"lazy\" width=\"300\" height=\"200\" src=\"https:\/\/www.infomoney.com.br\/wp-content\/uploads\/2022\/12\/Senado_plenario.jpg?fit=300%2C200&amp;quality=70&amp;strip=all\" class=\"attachment-medium size-medium wp-post-image\" alt=\"\" decoding=\"async\" style=\"float:right; margin:0 0 10px 10px;\" srcset=\"https:\/\/www.infomoney.com.br\/wp-content\/uploads\/2022\/12\/Senado_plenario.jpg?w=799&amp;quality=70&amp;strip=all 799w, https:\/\/www.infomoney.com.br\/wp-content\/uploads\/2022\/12\/Senado_plenario.jpg?w=300&amp;quality=70&amp;strip=all 300w, https:\/\/www.infomoney.com.br\/wp-content\/uploads\/2022\/12\/Senado_plenario.jpg?w=768&amp;quality=70&amp;strip=all 768w, https:\/\/www.infomoney.com.br\/wp-content\/uploads\/2022\/12\/Senado_plenario.jpg?w=150&amp;quality=70&amp;strip=all 150w\" sizes=\"auto, (max-width: 300px) 100vw, 300px\" data-attachment-id=\"2003149\" data-permalink=\"https:\/\/www.infomoney.com.br\/politica\/pec-da-transicao-tem-dispositivo-que-permite-liberacao-de-recursos-do-orcamento-secreto-ainda-em-2022-e-pode-ajudar-bolsonaro-a-fechar-contas\/attachment\/senado_plenario-2\/\" data-orig-file=\"https:\/\/www.infomoney.com.br\/wp-content\/uploads\/2022\/12\/Senado_plenario.jpg?fit=799%2C533&amp;quality=70&amp;strip=all\" data-orig-size=\"799,533\" data-comments-opened=\"0\" data-image-meta=\"{&quot;aperture&quot;:&quot;0&quot;,&quot;credit&quot;:&quot;Jonas Pereira\\\/Ag\\u00eancia Senado&quot;,&quot;camera&quot;:&quot;&quot;,&quot;caption&quot;:&quot;&quot;,&quot;created_timestamp&quot;:&quot;0&quot;,&quot;copyright&quot;:&quot;Senado Federal do Brasil&quot;,&quot;focal_length&quot;:&quot;0&quot;,&quot;iso&quot;:&quot;0&quot;,&quot;shutter_speed&quot;:&quot;0&quot;,&quot;title&quot;:&quot;&quot;,&quot;orientation&quot;:&quot;0&quot;}\" data-image-title=\"Senado Federal\" data-image-description=\"\" data-image-caption=\"&lt;p&gt;O plen\u00e1rio do Senado Federal em sess\u00e3o deliberativa (Foto: Jonas Pereira\/Ag\u00eancia Senado)&lt;\/p&gt;\n\" data-medium-file=\"https:\/\/www.infomoney.com.br\/wp-content\/uploads\/2022\/12\/Senado_plenario.jpg?fit=300%2C200&amp;quality=70&amp;strip=all\" data-large-file=\"https:\/\/www.infomoney.com.br\/wp-content\/uploads\/2022\/12\/Senado_plenario.jpg?fit=799%2C533&amp;quality=70&amp;strip=all\" title=\"\"><\/p>\n<p>O plen\u00e1rio do Senado aprovou nesta ter\u00e7a-feira (11) o projeto de lei (PL) que cria o programa Escola em Tempo Integral. O texto do PL 2.617\/2023 permite \u00e0 Uni\u00e3o financiar a abertura de matr\u00edculas em per\u00edodo integral nas escolas de educa\u00e7\u00e3o b\u00e1sica, por meio de transfer\u00eancias para estados e munic\u00edpios. O programa foi uma iniciativa do governo federal e, agora, vai \u00e0 san\u00e7\u00e3o do presidente Luiz In\u00e1cio Lula da Silva, para entrar em vigor.<\/p>\n<p>Coordenado pelo Minist\u00e9rio da Educa\u00e7\u00e3o (MEC), o programa \u00e9 um mecanismo federal de fomento \u00e0 expans\u00e3o das matr\u00edculas de educa\u00e7\u00e3o b\u00e1sica em tempo integral nas redes estaduais e municipais. A ades\u00e3o ao programa \u00e9 opcional, mas a meta inicial \u00e9 criar 1 milh\u00e3o de novas matr\u00edculas em tempo integral nos pr\u00f3ximos anos.<\/p>\n<p>O governo federal estima que ser\u00e3o disponibilizados cerca de R$ 4 bilh\u00f5es para aumentar a oferta de educa\u00e7\u00e3o em tempo integral, permitindo que estados e munic\u00edpios possam expandir as matr\u00edculas em suas redes. At\u00e9 2026, segundo o MEC, a meta \u00e9 chegar a 3,2 milh\u00f5es de matr\u00edculas.<\/p>\n<p>Pelas regras estabelecidas no projeto, ser\u00e3o consideradas matr\u00edculas em tempo integral aquelas em que o estudante permanece na escola ou em atividades escolares por tempo igual ou superior a 7 horas di\u00e1rias ou a 35 horas semanais em dois turnos. Apenas as matr\u00edculas criadas ou convertidas em tempo integral a partir de 1\u00ba de janeiro de 2023 poder\u00e3o ser contadas para fins de participa\u00e7\u00e3o no programa. O projeto determina que as matr\u00edculas pactuadas no \u00e2mbito do programa sejam registradas no Censo Escolar, que ser\u00e1 uma das principais refer\u00eancias para a presta\u00e7\u00e3o de contas.<\/p>\n<p>Al\u00e9m do fomento, o texto prev\u00ea assist\u00eancia t\u00e9cnica e financeira do governo federal \u00e0s redes de ensino para induzir a cria\u00e7\u00e3o de novas matr\u00edculas em tempo integral, da educa\u00e7\u00e3o infantil ao ensino m\u00e9dio, bem como a convers\u00e3o de matr\u00edculas em tempo parcial para tempo integral.<\/p>\n<h2><strong>Viol\u00eancia escolar<\/strong><\/h2>\n<p>Em outra delibera\u00e7\u00e3o no plen\u00e1rio, o Senado aprovou nesta ter\u00e7a o projeto da C\u00e2mara dos Deputados que obriga o Poder Executivo a implantar um servi\u00e7o de monitoramento de ocorr\u00eancias de viol\u00eancia escolar. O PL 1.372\/2022 determina que o servi\u00e7o, chamado Sistema Nacional de Acompanhamento e Combate \u00e0 Viol\u00eancia nas Escolas, seja criado pelo Poder Executivo em articula\u00e7\u00e3o com os estados, munic\u00edpios e o Distrito Federal. O texto tamb\u00e9m segue para san\u00e7\u00e3o.<\/p>\n<p>The post <a rel=\"nofollow noopener\" href=\"https:\/\/www.infomoney.com.br\/politica\/senado-aprova-programa-para-expandir-escolas-em-tempo-integral\/\" target=\"_blank\">Senado aprova programa para expandir escolas em tempo integral<\/a> appeared first on <a rel=\"nofollow noopener\" href=\"https:\/\/www.infomoney.com.br\/\" target=\"_blank\">InfoMoney<\/a>.<\/p>\n","protected":false},"excerpt":{"rendered":"<p><img loading=\"lazy\" decoding=\"async\" width=\"300\" height=\"200\" src=\"https:\/\/www.infomoney.com.br\/wp-content\/uploads\/2022\/12\/Senado_plenario.jpg?fit=300%2C200&amp;quality=70&amp;strip=all\" class=\"attachment-medium size-medium wp-post-image\" alt=\"\" data-attachment-id=\"2003149\" data-permalink=\"https:\/\/www.infomoney.com.br\/politica\/pec-da-transicao-tem-dispositivo-que-permite-liberacao-de-recursos-do-orcamento-secreto-ainda-em-2022-e-pode-ajudar-bolsonaro-a-fechar-contas\/attachment\/senado_plenario-2\/\" data-orig-file=\"https:\/\/www.infomoney.com.br\/wp-content\/uploads\/2022\/12\/Senado_plenario.jpg?fit=799%2C533&amp;quality=70&amp;strip=all\" data-orig-size=\"799,533\" data-comments-opened=\"0\" data-image-meta='{\"aperture\":\"0\",\"credit\":\"Jonas Pereira\\\/Ag\\u00eancia Senado\",\"camera\":\"\",\"caption\":\"\",\"created_timestamp\":\"0\",\"copyright\":\"Senado Federal do Brasil\",\"focal_length\":\"0\",\"iso\":\"0\",\"shutter_speed\":\"0\",\"title\":\"\",\"orientation\":\"0\"}' data-image-title=\"Senado Federal\" data-image-description=\"\" data-image-caption=\"&lt;p&gt;O plen\u00e1rio do Senado Federal em sess\u00e3o deliberativa (Foto: Jonas Pereira\/Ag\u00eancia Senado)&lt;\/p&gt;\n\" data-medium-file=\"https:\/\/www.infomoney.com.br\/wp-content\/uploads\/2022\/12\/Senado_plenario.jpg?fit=300%2C200&amp;quality=70&amp;strip=all\" data-large-file=\"https:\/\/www.infomoney.com.br\/wp-content\/uploads\/2022\/12\/Senado_plenario.jpg?fit=799%2C533&amp;quality=70&amp;strip=all\">Texto vai \u00e0 san\u00e7\u00e3o do presidente Luiz In\u00e1cio Lula da Silva, para entrar em vigor<\/p>\n<p>The post <a rel=\"nofollow\" href=\"https:\/\/www.infomoney.com.br\/politica\/senado-aprova-programa-para-expandir-escolas-em-tempo-integral\/\">Senado aprova programa para expandir escolas em tempo integral<\/a> appeared first on <a rel=\"nofollow\" href=\"https:\/\/www.infomoney.com.br\/\">InfoMoney<\/a>.<\/p>\n","protected":false},"author":44,"featured_media":0,"comment_status":"closed","ping_status":"closed","sticky":false,"template":"","format":"standard","meta":{"advgb_blocks_editor_width":"","advgb_blocks_columns_visual_guide":"","footnotes":""},"categories":[229,455,34,47,403],"tags":[35,50],"class_list":["post-25138","post","type-post","status-publish","format-standard","hentry","category-educacao","category-escolas","category-g1","category-politica","category-senado","tag-g1","tag-projeto-de-lei"],"author_meta":{"display_name":"Ag\u00eancia Brasil","author_link":"https:\/\/sindaopcpb.org.br\/author\/agencia-brasil\/"},"featured_img":null,"coauthors":[],"tax_additional":{"categories":{"linked":["<a href=\"https:\/\/sindaopcpb.org.br\/educacao\/\" class=\"advgb-post-tax-term\">Educa\u00e7\u00e3o<\/a>","<a href=\"https:\/\/sindaopcpb.org.br\/escolas\/\" class=\"advgb-post-tax-term\">Escolas<\/a>","<a href=\"https:\/\/sindaopcpb.org.br\/g1\/\" class=\"advgb-post-tax-term\">G1<\/a>","<a href=\"https:\/\/sindaopcpb.org.br\/politica\/\" class=\"advgb-post-tax-term\">POLITICA<\/a>","<a href=\"https:\/\/sindaopcpb.org.br\/senado\/\" class=\"advgb-post-tax-term\">Senado<\/a>"],"unlinked":["<span class=\"advgb-post-tax-term\">Educa\u00e7\u00e3o<\/span>","<span class=\"advgb-post-tax-term\">Escolas<\/span>","<span class=\"advgb-post-tax-term\">G1<\/span>","<span class=\"advgb-post-tax-term\">POLITICA<\/span>","<span class=\"advgb-post-tax-term\">Senado<\/span>"]},"tags":{"linked":["<a href=\"https:\/\/sindaopcpb.org.br\/senado\/\" class=\"advgb-post-tax-term\">g1<\/a>","<a href=\"https:\/\/sindaopcpb.org.br\/senado\/\" class=\"advgb-post-tax-term\">projeto de lei<\/a>"],"unlinked":["<span class=\"advgb-post-tax-term\">g1<\/span>","<span class=\"advgb-post-tax-term\">projeto de lei<\/span>"]}},"comment_count":"0","relative_dates":{"created":"Publicado 3 anos atr\u00e1s","modified":"Atualizado 3 anos atr\u00e1s"},"absolute_dates":{"created":"Publicado em 12 de julho de 2023","modified":"Atualizado em 12 de julho de 2023"},"absolute_dates_time":{"created":"Publicado em 12 de julho de 2023 10:31","modified":"Atualizado em 12 de julho de 2023 10:31"},"featured_img_caption":"","series_order":"","_links":{"self":[{"href":"https:\/\/sindaopcpb.org.br\/index.php\/wp-json\/wp\/v2\/posts\/25138","targetHints":{"allow":["GET"]}}],"collection":[{"href":"https:\/\/sindaopcpb.org.br\/index.php\/wp-json\/wp\/v2\/posts"}],"about":[{"href":"https:\/\/sindaopcpb.org.br\/index.php\/wp-json\/wp\/v2\/types\/post"}],"author":[{"embeddable":true,"href":"https:\/\/sindaopcpb.org.br\/index.php\/wp-json\/wp\/v2\/users\/44"}],"replies":[{"embeddable":true,"href":"https:\/\/sindaopcpb.org.br\/index.php\/wp-json\/wp\/v2\/comments?post=25138"}],"version-history":[{"count":1,"href":"https:\/\/sindaopcpb.org.br\/index.php\/wp-json\/wp\/v2\/posts\/25138\/revisions"}],"predecessor-version":[{"id":25139,"href":"https:\/\/sindaopcpb.org.br\/index.php\/wp-json\/wp\/v2\/posts\/25138\/revisions\/25139"}],"wp:attachment":[{"href":"https:\/\/sindaopcpb.org.br\/index.php\/wp-json\/wp\/v2\/media?parent=25138"}],"wp:term":[{"taxonomy":"category","embeddable":true,"href":"https:\/\/sindaopcpb.org.br\/index.php\/wp-json\/wp\/v2\/categories?post=25138"},{"taxonomy":"post_tag","embeddable":true,"href":"https:\/\/sindaopcpb.org.br\/index.php\/wp-json\/wp\/v2\/tags?post=25138"}],"curies":[{"name":"wp","href":"https:\/\/api.w.org\/{rel}","templated":true}]}}