{"id":25073,"date":"2023-07-11T18:32:11","date_gmt":"2023-07-11T21:32:11","guid":{"rendered":"https:\/\/www.infomoney.com.br\/?p=2184917"},"modified":"2023-07-11T18:32:11","modified_gmt":"2023-07-11T21:32:11","slug":"comissao-de-assuntos-economicos-pede-que-fernando-haddad-e-simone-tebet-detalhem-reforma-tributaria","status":"publish","type":"post","link":"https:\/\/sindaopcpb.org.br\/index.php\/2023\/07\/11\/comissao-de-assuntos-economicos-pede-que-fernando-haddad-e-simone-tebet-detalhem-reforma-tributaria\/","title":{"rendered":"Comiss\u00e3o de Assuntos Econ\u00f4micos pede que Fernando Haddad e Simone Tebet detalhem reforma tribut\u00e1ria"},"content":{"rendered":"<p><img loading=\"lazy\" width=\"300\" height=\"200\" src=\"https:\/\/www.infomoney.com.br\/wp-content\/uploads\/2023\/06\/52989216915_b955a75578_c.jpg?fit=300%2C200&amp;quality=70&amp;strip=all\" class=\"attachment-medium size-medium wp-post-image\" alt=\"\" decoding=\"async\" style=\"float:right; margin:0 0 10px 10px;\" srcset=\"https:\/\/www.infomoney.com.br\/wp-content\/uploads\/2023\/06\/52989216915_b955a75578_c.jpg?w=799&amp;quality=70&amp;strip=all 799w, https:\/\/www.infomoney.com.br\/wp-content\/uploads\/2023\/06\/52989216915_b955a75578_c.jpg?w=300&amp;quality=70&amp;strip=all 300w, https:\/\/www.infomoney.com.br\/wp-content\/uploads\/2023\/06\/52989216915_b955a75578_c.jpg?w=768&amp;quality=70&amp;strip=all 768w, https:\/\/www.infomoney.com.br\/wp-content\/uploads\/2023\/06\/52989216915_b955a75578_c.jpg?w=150&amp;quality=70&amp;strip=all 150w\" sizes=\"auto, (max-width: 300px) 100vw, 300px\" data-attachment-id=\"2165817\" data-permalink=\"https:\/\/www.infomoney.com.br\/politica\/senadores-da-oposicao-pedem-vista-e-votacao-do-arcabouco-fiscal-e-adiada\/attachment\/52989216915_b955a75578_c\/\" data-orig-file=\"https:\/\/www.infomoney.com.br\/wp-content\/uploads\/2023\/06\/52989216915_b955a75578_c.jpg?fit=799%2C533&amp;quality=70&amp;strip=all\" data-orig-size=\"799,533\" data-comments-opened=\"0\" data-image-meta=\"{&quot;aperture&quot;:&quot;0&quot;,&quot;credit&quot;:&quot;Geraldo Magela\\\/Ag\\u00eancia Senado&quot;,&quot;camera&quot;:&quot;&quot;,&quot;caption&quot;:&quot;&quot;,&quot;created_timestamp&quot;:&quot;0&quot;,&quot;copyright&quot;:&quot;Senado Federal do Brasil&quot;,&quot;focal_length&quot;:&quot;0&quot;,&quot;iso&quot;:&quot;0&quot;,&quot;shutter_speed&quot;:&quot;0&quot;,&quot;title&quot;:&quot;&quot;,&quot;orientation&quot;:&quot;0&quot;}\" data-image-title=\"Rog\u00e9rio Marinho\" data-image-description=\"\" data-image-caption=\"&lt;p&gt;O senador Rog\u00e9rio Marinho (PL-RN) fala durante audi\u00eancia p\u00fablica em reuni\u00e3o da Comiss\u00e3o de Assuntos Econ\u00f4micas (CAE) do Senado Federal (Foto: Geraldo Magela\/Ag\u00eancia Senado)&lt;\/p&gt;\n\" data-medium-file=\"https:\/\/www.infomoney.com.br\/wp-content\/uploads\/2023\/06\/52989216915_b955a75578_c.jpg?fit=300%2C200&amp;quality=70&amp;strip=all\" data-large-file=\"https:\/\/www.infomoney.com.br\/wp-content\/uploads\/2023\/06\/52989216915_b955a75578_c.jpg?fit=799%2C533&amp;quality=70&amp;strip=all\" title=\"\"><\/p>\n<p>A Comiss\u00e3o de Assuntos Econ\u00f4micos (CAE) aprovou, nesta ter\u00e7a-feira (11), dois pedidos de informa\u00e7\u00f5es, apresentados pelo l\u00edder da oposi\u00e7\u00e3o, Rog\u00e9rio Marinho (PL-RN), para que o ministro da Fazenda, Fernando Haddad, e a ministra do Planejamento e Or\u00e7amento, Simone Tebet, subsidiem o colegiado com dados sobre a reforma tribut\u00e1ria (PEC 45\/2019).<\/p>\n<p>Os dois ministros devem encaminhar \u00e0 CAE\u00a0estudos, estimativas e informa\u00e7\u00f5es sobre a al\u00edquota m\u00e9dia da Contribui\u00e7\u00e3o sobre Bens e Servi\u00e7os (CBS) e do Imposto sobre Bens e Servi\u00e7os (IBS), criados com a reforma. Os\u00a0estudos devem fornecer as mem\u00f3rias de c\u00e1lculo tratando das al\u00edquotas projetadas para a CBS e o IBS, considerando tamb\u00e9m todas as exce\u00e7\u00f5es previstas na PEC 45\/2019, al\u00e9m das estimativas da CBS e do IBS que manteriam a carga tribut\u00e1ria atual sobre o consumo.<\/p>\n<p>No requerimento, Marinho exp\u00f5e sua posi\u00e7\u00e3o cr\u00edtica sobre a reforma tribut\u00e1ria. Para o senador, ainda n\u00e3o est\u00e1 claro se o cidad\u00e3o ter\u00e1 que pagar mais impostos a partir da aprova\u00e7\u00e3o da PEC.<\/p>\n<p>&#8220;Restam d\u00favidas sobre qual ser\u00e1 a al\u00edquota dos impostos aprovados sobre os trabalhadores e as fam\u00edlias. H\u00e1 not\u00edcias de que se est\u00e1 aprovando a maior al\u00edquota de imposto sobre o valor adicionado do mundo ou, pelo menos, entre as maiores do planeta. N\u00e3o constam travas inquestion\u00e1veis que evitem uma eleva\u00e7\u00e3o da carga tribut\u00e1ria para a popula\u00e7\u00e3o. O cidad\u00e3o poder\u00e1 at\u00e9 mesmo pagar mais impostos&#8221;, alega o senador.<\/p>\n<p>The post <a rel=\"nofollow noopener\" href=\"https:\/\/www.infomoney.com.br\/politica\/comissao-de-assuntos-economicos-pede-que-fernando-haddad-e-simone-tebet-detalhem-reforma-tributaria\/\" target=\"_blank\">Comiss\u00e3o de Assuntos Econ\u00f4micos pede que Fernando Haddad e Simone Tebet detalhem reforma tribut\u00e1ria<\/a> appeared first on <a rel=\"nofollow noopener\" href=\"https:\/\/www.infomoney.com.br\/\" target=\"_blank\">InfoMoney<\/a>.<\/p>\n","protected":false},"excerpt":{"rendered":"<p><img loading=\"lazy\" decoding=\"async\" width=\"300\" height=\"200\" src=\"https:\/\/www.infomoney.com.br\/wp-content\/uploads\/2023\/06\/52989216915_b955a75578_c.jpg?fit=300%2C200&amp;quality=70&amp;strip=all\" class=\"attachment-medium size-medium wp-post-image\" alt=\"\" data-attachment-id=\"2165817\" data-permalink=\"https:\/\/www.infomoney.com.br\/politica\/senadores-da-oposicao-pedem-vista-e-votacao-do-arcabouco-fiscal-e-adiada\/attachment\/52989216915_b955a75578_c\/\" data-orig-file=\"https:\/\/www.infomoney.com.br\/wp-content\/uploads\/2023\/06\/52989216915_b955a75578_c.jpg?fit=799%2C533&amp;quality=70&amp;strip=all\" data-orig-size=\"799,533\" data-comments-opened=\"0\" data-image-meta='{\"aperture\":\"0\",\"credit\":\"Geraldo Magela\\\/Ag\\u00eancia Senado\",\"camera\":\"\",\"caption\":\"\",\"created_timestamp\":\"0\",\"copyright\":\"Senado Federal do Brasil\",\"focal_length\":\"0\",\"iso\":\"0\",\"shutter_speed\":\"0\",\"title\":\"\",\"orientation\":\"0\"}' data-image-title=\"Rog\u00e9rio Marinho\" data-image-description=\"\" data-image-caption=\"&lt;p&gt;O senador Rog\u00e9rio Marinho (PL-RN) fala durante audi\u00eancia p\u00fablica em reuni\u00e3o da Comiss\u00e3o de Assuntos Econ\u00f4micas (CAE) do Senado Federal (Foto: Geraldo Magela\/Ag\u00eancia Senado)&lt;\/p&gt;\n\" data-medium-file=\"https:\/\/www.infomoney.com.br\/wp-content\/uploads\/2023\/06\/52989216915_b955a75578_c.jpg?fit=300%2C200&amp;quality=70&amp;strip=all\" data-large-file=\"https:\/\/www.infomoney.com.br\/wp-content\/uploads\/2023\/06\/52989216915_b955a75578_c.jpg?fit=799%2C533&amp;quality=70&amp;strip=all\">Pedidos de mais informa\u00e7\u00f5es sobre a mat\u00e9ria foram protocolados pelo l\u00edder da oposi\u00e7\u00e3o, Rog\u00e9rio Marinho<\/p>\n<p>The post <a rel=\"nofollow\" href=\"https:\/\/www.infomoney.com.br\/politica\/comissao-de-assuntos-economicos-pede-que-fernando-haddad-e-simone-tebet-detalhem-reforma-tributaria\/\">Comiss\u00e3o de Assuntos Econ\u00f4micos pede que Fernando Haddad e Simone Tebet detalhem reforma tribut\u00e1ria<\/a> appeared first on <a rel=\"nofollow\" href=\"https:\/\/www.infomoney.com.br\/\">InfoMoney<\/a>.<\/p>\n","protected":false},"author":47,"featured_media":0,"comment_status":"closed","ping_status":"closed","sticky":false,"template":"","format":"standard","meta":{"advgb_blocks_editor_width":"","advgb_blocks_columns_visual_guide":"","footnotes":""},"categories":[359,109,34,47,191,403,360],"tags":[35],"class_list":["post-25073","post","type-post","status-publish","format-standard","hentry","category-congresso-nacional","category-fernando-haddad","category-g1","category-politica","category-reforma-tributaria","category-senado","category-simone-tebet","tag-g1"],"author_meta":{"display_name":"luispereira","author_link":"https:\/\/sindaopcpb.org.br\/author\/luispereira\/"},"featured_img":null,"coauthors":[],"tax_additional":{"categories":{"linked":["<a href=\"https:\/\/sindaopcpb.org.br\/congresso-nacional\/\" class=\"advgb-post-tax-term\">Congresso Nacional<\/a>","<a href=\"https:\/\/sindaopcpb.org.br\/fernando-haddad\/\" class=\"advgb-post-tax-term\">FERNANDO HADDAD<\/a>","<a href=\"https:\/\/sindaopcpb.org.br\/g1\/\" class=\"advgb-post-tax-term\">G1<\/a>","<a href=\"https:\/\/sindaopcpb.org.br\/politica\/\" class=\"advgb-post-tax-term\">POLITICA<\/a>","<a href=\"https:\/\/sindaopcpb.org.br\/reforma-tributaria\/\" class=\"advgb-post-tax-term\">reforma tribut\u00e1ria<\/a>","<a href=\"https:\/\/sindaopcpb.org.br\/senado\/\" class=\"advgb-post-tax-term\">Senado<\/a>","<a href=\"https:\/\/sindaopcpb.org.br\/simone-tebet\/\" class=\"advgb-post-tax-term\">Simone Tebet<\/a>"],"unlinked":["<span class=\"advgb-post-tax-term\">Congresso Nacional<\/span>","<span class=\"advgb-post-tax-term\">FERNANDO HADDAD<\/span>","<span class=\"advgb-post-tax-term\">G1<\/span>","<span class=\"advgb-post-tax-term\">POLITICA<\/span>","<span class=\"advgb-post-tax-term\">reforma tribut\u00e1ria<\/span>","<span class=\"advgb-post-tax-term\">Senado<\/span>","<span class=\"advgb-post-tax-term\">Simone Tebet<\/span>"]},"tags":{"linked":["<a href=\"https:\/\/sindaopcpb.org.br\/simone-tebet\/\" class=\"advgb-post-tax-term\">g1<\/a>"],"unlinked":["<span class=\"advgb-post-tax-term\">g1<\/span>"]}},"comment_count":"0","relative_dates":{"created":"Publicado 3 anos atr\u00e1s","modified":"Atualizado 3 anos atr\u00e1s"},"absolute_dates":{"created":"Publicado em 11 de julho de 2023","modified":"Atualizado em 11 de julho de 2023"},"absolute_dates_time":{"created":"Publicado em 11 de julho de 2023 18:32","modified":"Atualizado em 11 de julho de 2023 18:32"},"featured_img_caption":"","series_order":"","_links":{"self":[{"href":"https:\/\/sindaopcpb.org.br\/index.php\/wp-json\/wp\/v2\/posts\/25073","targetHints":{"allow":["GET"]}}],"collection":[{"href":"https:\/\/sindaopcpb.org.br\/index.php\/wp-json\/wp\/v2\/posts"}],"about":[{"href":"https:\/\/sindaopcpb.org.br\/index.php\/wp-json\/wp\/v2\/types\/post"}],"author":[{"embeddable":true,"href":"https:\/\/sindaopcpb.org.br\/index.php\/wp-json\/wp\/v2\/users\/47"}],"replies":[{"embeddable":true,"href":"https:\/\/sindaopcpb.org.br\/index.php\/wp-json\/wp\/v2\/comments?post=25073"}],"version-history":[{"count":1,"href":"https:\/\/sindaopcpb.org.br\/index.php\/wp-json\/wp\/v2\/posts\/25073\/revisions"}],"predecessor-version":[{"id":25074,"href":"https:\/\/sindaopcpb.org.br\/index.php\/wp-json\/wp\/v2\/posts\/25073\/revisions\/25074"}],"wp:attachment":[{"href":"https:\/\/sindaopcpb.org.br\/index.php\/wp-json\/wp\/v2\/media?parent=25073"}],"wp:term":[{"taxonomy":"category","embeddable":true,"href":"https:\/\/sindaopcpb.org.br\/index.php\/wp-json\/wp\/v2\/categories?post=25073"},{"taxonomy":"post_tag","embeddable":true,"href":"https:\/\/sindaopcpb.org.br\/index.php\/wp-json\/wp\/v2\/tags?post=25073"}],"curies":[{"name":"wp","href":"https:\/\/api.w.org\/{rel}","templated":true}]}}