{"id":25019,"date":"2023-07-11T12:40:43","date_gmt":"2023-07-11T15:40:43","guid":{"rendered":"https:\/\/wpa.wscom.com.br\/?p=911198"},"modified":"2023-07-11T12:40:43","modified_gmt":"2023-07-11T15:40:43","slug":"casagrande-detona-leifert-apos-apresentador-disparar-fake-news-sobre-palmeirense-morta-em-briga-nojento","status":"publish","type":"post","link":"https:\/\/sindaopcpb.org.br\/index.php\/2023\/07\/11\/casagrande-detona-leifert-apos-apresentador-disparar-fake-news-sobre-palmeirense-morta-em-briga-nojento\/","title":{"rendered":"Casagrande detona Leifert ap\u00f3s apresentador disparar fake news sobre palmeirense morta em briga: \u201cnojento\u201d"},"content":{"rendered":"<p>&nbsp;<\/p>\n<p>&nbsp;<\/p>\n<p>Walter Casagrande detonou Tiago Leifert em sua\u00a0<u>coluna<\/u>\u00a0no portal UOL desta segunda-feira (10) ap\u00f3s o comentarista disparar uma fala mentirosa sobre a morte da palmeirense Gabriela Anelli Marchiano, alvejada neste s\u00e1bado por uma garrafada, lan\u00e7ada por um torcedor Flamengo.<\/p>\n<p>Leifert afirmou que Gabriela Anelli assumiu o risco por estar fora do est\u00e1dio e fazer parte da torcida organizada do Palmeiras.<\/p>\n<p>Al\u00e9m de comparar Leifert a Eduardo Bolsonaro, Casagrande classificou a fake news como \u201cargumentos particulares e nojentos para justificar e favorecer torcedores do Flamengo em rela\u00e7\u00e3o \u00e0 morte da jovem palmeirense Gabriela Anelli\u201d.<\/p>\n<p>\u201cEsse cidad\u00e3o \u00e9 frio e calculista, sem sentimento algum por ter a coragem de defender torcedores que matam algu\u00e9m na porta ou nas depend\u00eancias do est\u00e1dio. Tanto faz a diferen\u00e7a, Tiago Leifert\u201d, diz o ex- atleta.<\/p>\n<p>O colunista ainda aponta que, \u201cse a Gabriela estava fora ou dentro, ela continua sendo a v\u00edtima. Ela morreu devido a uma briga de torcida. Voc\u00ea tem a cara de pau de vir defender esses torcedores do Flamengo? Ele n\u00e3o tem nenhuma men\u00e7\u00e3o de sentimento e preocupa\u00e7\u00e3o com os familiares da Gabriela. Nenhuma lamenta\u00e7\u00e3o pelo ocorrido, nenhuma dor pela morte de uma jovem. Mas ele tem uma teoria pr\u00f3pria para justificar um assassinato na porta do Allianz Parque\u201d.<\/p>\n<p>Casagrande ainda refor\u00e7a que o perd\u00e3o posterior de Leifert n\u00e3o vale. \u201cHoras depois, o Tiago gravou um v\u00eddeo pedindo desculpas pelas suas falas. Essa atitude, no entanto, n\u00e3o convence ningu\u00e9m. Para o Tiago, a vida talvez n\u00e3o passe de um Big Brother.\u201d<\/p>\n<p>O post <a rel=\"nofollow noopener\" href=\"https:\/\/wscom.com.br\/casagrande-detona-leifert-apos-apresentador-disparar-fake-news-sobre-palmeirense-morta-em-briga-nojento\/\" target=\"_blank\">Casagrande detona Leifert ap\u00f3s apresentador disparar fake news sobre palmeirense morta em briga: &#8220;nojento&#8221;<\/a> apareceu primeiro em <a rel=\"nofollow noopener\" href=\"https:\/\/wscom.com.br\/\" target=\"_blank\">WSCOM<\/a>.<\/p>\n","protected":false},"excerpt":{"rendered":"<p>\u00a0 \u00a0 Walter Casagrande detonou Tiago Leifert em sua\u00a0coluna\u00a0no portal UOL desta segunda-feira (10) ap\u00f3s o comentarista disparar uma fala mentirosa sobre a morte da palmeirense Gabriela Anelli Marchiano, alvejada neste s\u00e1bado por uma garrafada, lan\u00e7ada por um torcedor Flamengo. Leifert afirmou que Gabriela Anelli assumiu o risco por estar fora do est\u00e1dio e fazer [\u2026]<\/p>\n<p>O post <a rel=\"nofollow\" href=\"https:\/\/wscom.com.br\/casagrande-detona-leifert-apos-apresentador-disparar-fake-news-sobre-palmeirense-morta-em-briga-nojento\/\">Casagrande detona Leifert ap\u00f3s apresentador disparar fake news sobre palmeirense morta em briga: \u201cnojento\u201d<\/a> apareceu primeiro em <a rel=\"nofollow\" href=\"https:\/\/wscom.com.br\/\">WSCOM<\/a>.<\/p>\n","protected":false},"author":42,"featured_media":0,"comment_status":"closed","ping_status":"closed","sticky":false,"template":"","format":"standard","meta":{"advgb_blocks_editor_width":"","advgb_blocks_columns_visual_guide":"","footnotes":""},"categories":[207,895,34,6161,6162,6163,6164],"tags":[35],"class_list":["post-25019","post","type-post","status-publish","format-standard","hentry","category-esporte","category-fake-news","category-g1","category-gabriela-anelli","category-palmeirense","category-tiago-leifert","category-walter-casagrande","tag-g1"],"author_meta":{"display_name":"Rafael Andrade","author_link":"https:\/\/sindaopcpb.org.br\/author\/rafael-andrade\/"},"featured_img":null,"coauthors":[],"tax_additional":{"categories":{"linked":["<a href=\"https:\/\/sindaopcpb.org.br\/esporte\/\" class=\"advgb-post-tax-term\">Esporte<\/a>","<a href=\"https:\/\/sindaopcpb.org.br\/fake-news\/\" class=\"advgb-post-tax-term\">FAKE NEWS<\/a>","<a href=\"https:\/\/sindaopcpb.org.br\/g1\/\" class=\"advgb-post-tax-term\">G1<\/a>","<a href=\"https:\/\/sindaopcpb.org.br\/gabriela-anelli\/\" class=\"advgb-post-tax-term\">Gabriela Anelli<\/a>","<a href=\"https:\/\/sindaopcpb.org.br\/palmeirense\/\" class=\"advgb-post-tax-term\">Palmeirense<\/a>","<a href=\"https:\/\/sindaopcpb.org.br\/tiago-leifert\/\" class=\"advgb-post-tax-term\">Tiago Leifert<\/a>","<a href=\"https:\/\/sindaopcpb.org.br\/walter-casagrande\/\" class=\"advgb-post-tax-term\">Walter Casagrande<\/a>"],"unlinked":["<span class=\"advgb-post-tax-term\">Esporte<\/span>","<span class=\"advgb-post-tax-term\">FAKE NEWS<\/span>","<span class=\"advgb-post-tax-term\">G1<\/span>","<span class=\"advgb-post-tax-term\">Gabriela Anelli<\/span>","<span class=\"advgb-post-tax-term\">Palmeirense<\/span>","<span class=\"advgb-post-tax-term\">Tiago Leifert<\/span>","<span class=\"advgb-post-tax-term\">Walter Casagrande<\/span>"]},"tags":{"linked":["<a href=\"https:\/\/sindaopcpb.org.br\/walter-casagrande\/\" class=\"advgb-post-tax-term\">g1<\/a>"],"unlinked":["<span class=\"advgb-post-tax-term\">g1<\/span>"]}},"comment_count":"0","relative_dates":{"created":"Publicado 3 anos atr\u00e1s","modified":"Atualizado 3 anos atr\u00e1s"},"absolute_dates":{"created":"Publicado em 11 de julho de 2023","modified":"Atualizado em 11 de julho de 2023"},"absolute_dates_time":{"created":"Publicado em 11 de julho de 2023 12:40","modified":"Atualizado em 11 de julho de 2023 12:40"},"featured_img_caption":"","series_order":"","_links":{"self":[{"href":"https:\/\/sindaopcpb.org.br\/index.php\/wp-json\/wp\/v2\/posts\/25019","targetHints":{"allow":["GET"]}}],"collection":[{"href":"https:\/\/sindaopcpb.org.br\/index.php\/wp-json\/wp\/v2\/posts"}],"about":[{"href":"https:\/\/sindaopcpb.org.br\/index.php\/wp-json\/wp\/v2\/types\/post"}],"author":[{"embeddable":true,"href":"https:\/\/sindaopcpb.org.br\/index.php\/wp-json\/wp\/v2\/users\/42"}],"replies":[{"embeddable":true,"href":"https:\/\/sindaopcpb.org.br\/index.php\/wp-json\/wp\/v2\/comments?post=25019"}],"version-history":[{"count":1,"href":"https:\/\/sindaopcpb.org.br\/index.php\/wp-json\/wp\/v2\/posts\/25019\/revisions"}],"predecessor-version":[{"id":25020,"href":"https:\/\/sindaopcpb.org.br\/index.php\/wp-json\/wp\/v2\/posts\/25019\/revisions\/25020"}],"wp:attachment":[{"href":"https:\/\/sindaopcpb.org.br\/index.php\/wp-json\/wp\/v2\/media?parent=25019"}],"wp:term":[{"taxonomy":"category","embeddable":true,"href":"https:\/\/sindaopcpb.org.br\/index.php\/wp-json\/wp\/v2\/categories?post=25019"},{"taxonomy":"post_tag","embeddable":true,"href":"https:\/\/sindaopcpb.org.br\/index.php\/wp-json\/wp\/v2\/tags?post=25019"}],"curies":[{"name":"wp","href":"https:\/\/api.w.org\/{rel}","templated":true}]}}