{"id":25002,"date":"2023-07-11T12:01:11","date_gmt":"2023-07-11T15:01:11","guid":{"rendered":"https:\/\/www.infomoney.com.br\/?p=2183120"},"modified":"2023-07-11T12:01:11","modified_gmt":"2023-07-11T15:01:11","slug":"congresso-analisa-vetos-e-creditos-especiais-na-quarta-feira","status":"publish","type":"post","link":"https:\/\/sindaopcpb.org.br\/index.php\/2023\/07\/11\/congresso-analisa-vetos-e-creditos-especiais-na-quarta-feira\/","title":{"rendered":"Congresso analisa vetos e cr\u00e9ditos especiais na quarta-feira"},"content":{"rendered":"<p><img loading=\"lazy\" width=\"300\" height=\"182\" src=\"https:\/\/www.infomoney.com.br\/wp-content\/uploads\/2019\/06\/congresso-nacional-2-brasilia-legislativo.jpg?fit=300%2C182&amp;quality=70&amp;strip=all\" class=\"attachment-medium size-medium wp-post-image\" alt=\"\" decoding=\"async\" style=\"float:right; margin:0 0 10px 10px;\" srcset=\"https:\/\/www.infomoney.com.br\/wp-content\/uploads\/2019\/06\/congresso-nacional-2-brasilia-legislativo.jpg?w=900&amp;quality=70&amp;strip=all 900w, https:\/\/www.infomoney.com.br\/wp-content\/uploads\/2019\/06\/congresso-nacional-2-brasilia-legislativo.jpg?w=300&amp;quality=70&amp;strip=all 300w, https:\/\/www.infomoney.com.br\/wp-content\/uploads\/2019\/06\/congresso-nacional-2-brasilia-legislativo.jpg?w=768&amp;quality=70&amp;strip=all 768w, https:\/\/www.infomoney.com.br\/wp-content\/uploads\/2019\/06\/congresso-nacional-2-brasilia-legislativo.jpg?w=150&amp;quality=70&amp;strip=all 150w\" sizes=\"auto, (max-width: 300px) 100vw, 300px\" data-attachment-id=\"28032\" data-permalink=\"https:\/\/www.infomoney.com.br\/congresso-nacional-2-brasilia-legislativo\/\" data-orig-file=\"https:\/\/www.infomoney.com.br\/wp-content\/uploads\/2019\/06\/congresso-nacional-2-brasilia-legislativo.jpg?fit=900%2C547&amp;quality=70&amp;strip=all\" data-orig-size=\"900,547\" data-comments-opened=\"1\" data-image-meta=\"{&quot;aperture&quot;:&quot;0&quot;,&quot;credit&quot;:&quot;&quot;,&quot;camera&quot;:&quot;&quot;,&quot;caption&quot;:&quot;&quot;,&quot;created_timestamp&quot;:&quot;0&quot;,&quot;copyright&quot;:&quot;&quot;,&quot;focal_length&quot;:&quot;0&quot;,&quot;iso&quot;:&quot;0&quot;,&quot;shutter_speed&quot;:&quot;0&quot;,&quot;title&quot;:&quot;&quot;,&quot;orientation&quot;:&quot;0&quot;}\" data-image-title=\"congresso-nacional-2-brasilia-legislativo\" data-image-description=\"\" data-image-caption=\"\" data-medium-file=\"https:\/\/www.infomoney.com.br\/wp-content\/uploads\/2019\/06\/congresso-nacional-2-brasilia-legislativo.jpg?fit=300%2C182&amp;quality=70&amp;strip=all\" data-large-file=\"https:\/\/www.infomoney.com.br\/wp-content\/uploads\/2019\/06\/congresso-nacional-2-brasilia-legislativo.jpg?fit=900%2C547&amp;quality=70&amp;strip=all\" title=\"\"><\/p>\n<p>Acordo entre governo e oposi\u00e7\u00e3o garantiu a delibera\u00e7\u00e3o sobre apenas cinco dos 26 vetos previstos na pauta da sess\u00e3o do Congresso Nacional \u2014 marcada para quarta-feira (12), \u00e0s 14h. Tamb\u00e9m devem ser apreciados sete projetos de lei do Congresso Nacional (PLNs), todos deste ano.<\/p>\n<p>&#8220;Basicamente cinco vetos entraram na c\u00e9dula para aprecia\u00e7\u00e3o, mas o objetivo central dessa sess\u00e3o do Congresso \u00e9 a aprecia\u00e7\u00e3o de PLNs que est\u00e3o pendentes&#8221;, explicou o l\u00edder do governo no Congresso, senador Randolfe Rodrigues (Rede-AP).<\/p>\n<p>Os demais vetos ser\u00e3o enfrentados na primeira sess\u00e3o do Congresso no segundo semestre deste ano, o que dever\u00e1 vir a ocorrer entre o fim de agosto e in\u00edcio de setembro, segundo o senador.<\/p>\n<h2><strong>Fomento \u00e0 cultura<\/strong><\/h2>\n<p>Entre os projetos pautados, dois se destacam: o primeiro \u00e9 o PLN 11\/2023, que abre cr\u00e9dito especial no Or\u00e7amento de 2023 no valor de R$ 3 bilh\u00f5es destinados a transfer\u00eancias para estados e munic\u00edpios, para o atendimento da Lei Aldir Blanc, que criou uma pol\u00edtica de fomento \u00e0 cultura. Outros R$ 136 milh\u00f5es tamb\u00e9m s\u00e3o destinados a minist\u00e9rios.<\/p>\n<h2><strong>Reajuste no DF<\/strong><\/h2>\n<p>O outro \u00e9 o PLN\u00a012\/2023, que assegura recursos para o reajuste de servidores das for\u00e7as de seguran\u00e7a do Distrito Federal e de militares dos antigos territ\u00f3rios. O reajuste para os servidores do DF est\u00e1 sendo previsto em duas parcelas: a primeira em julho deste ano e a segunda em janeiro de 2024. De acordo com o Poder Executivo, os valores a serem pagos devem sair de dota\u00e7\u00f5es j\u00e1 autorizadas e dispon\u00edveis nas programa\u00e7\u00f5es do Fundo Constitucional do Distrito Federal (FCDF).<\/p>\n<h2><strong>Concursos<\/strong><\/h2>\n<p>Constam do texto ainda o acr\u00e9scimo de cinco mil vagas para\u00a0pol\u00edticas p\u00fablicas destinadas ao Banco de Professor-Equivalente e Quadro de Refer\u00eancia dos Cargos de T\u00e9cnico-Administrativos em Educa\u00e7\u00e3o e cargos para o Minist\u00e9rio P\u00fablico da Uni\u00e3o (MPU).<\/p>\n<p>Tamb\u00e9m est\u00e3o na pauta:<\/p>\n<ul>\n<li>PLN 6\/2023, que abre ao Or\u00e7amento Fiscal da Uni\u00e3o, em favor das Justi\u00e7as Eleitoral e do Trabalho, cr\u00e9dito especial no valor de R$ 807,9 mil;<\/li>\n<li>PLN 7\/2023, que abre ao Or\u00e7amento Fiscal da Uni\u00e3o, em favor da Justi\u00e7a Federal e do Minist\u00e9rio P\u00fablico da Uni\u00e3o, cr\u00e9dito suplementar no valor de R$ 5,3 milh\u00f4es;<\/li>\n<li>PLN 8\/2023, que abre ao Or\u00e7amento Fiscal e da Seguridade Social da Uni\u00e3o, em favor da Justi\u00e7a do Trabalho e do Minist\u00e9rio da Educa\u00e7\u00e3o, cr\u00e9dito especial, no valor de R$ 1,6 milh\u00e3o;<\/li>\n<li>PLN 9\/2023, que abre ao Or\u00e7amento Fiscal da Uni\u00e3o, em favor das Opera\u00e7\u00f5es Oficiais de Cr\u00e9dito, cr\u00e9dito suplementar no valor de R$ 40,3 milh\u00f5es;<\/li>\n<li>PLN 10\/2023, que abre aos Or\u00e7amentos Fiscal e da Seguridade Social da Uni\u00e3o, em favor de diversos \u00f3rg\u00e3os do Poder Executivo e de Opera\u00e7\u00f5es Oficiais de Cr\u00e9dito, cr\u00e9dito suplementar no valor R$ 497,9 milh\u00f5es.<\/li>\n<\/ul>\n<h2><strong>Vetos<\/strong><\/h2>\n<p>Entre os vetos acordados para delibera\u00e7\u00e3o, por serem os &#8220;menos controversos&#8221;, est\u00e1 o VET 57\/2022 \u00e0 norma que amplia as atividades financi\u00e1veis com dinheiro do Fundo Geral de Turismo (Fungetur).<\/p>\n<p>A Lei do Novo Fungetur (Lei 14.476, de 2022) tinha sido sancionada em 15 de dezembro pelo ex-presidente Jair Bolsonaro com 62 dispositivos vetados, entre eles o que possibilitava a Embratur receber recursos n\u00e3o utilizados pela Ag\u00eancia Brasileira de Promo\u00e7\u00e3o de Exporta\u00e7\u00f5es e Investimentos (ApexBrasil).<\/p>\n<p>Ainda do governo passado, deve ser deliberado o VET 63\/2022 \u00e0 Lei\u00a014.513, de 2022, que d\u00e1 ao governo mais flexibilidade para remanejar recursos. A lei decorre do PLN\u00a039\/2022, aprovado no Congresso\u00a0em dezembro do ano passado.<\/p>\n<p>O VET 64\/2022 \u00e9 referente \u00e0 Lei 14.514, de 2022, que permitiu a atua\u00e7\u00e3o da iniciativa privada na pesquisa e lavra de min\u00e9rios nucleares. Em termos gerais, o veto incide sobre dispositivos que tratam da Ag\u00eancia Nacional de Minera\u00e7\u00e3o e do Fundo Nacional de Minera\u00e7\u00e3o.<\/p>\n<p>J\u00e1 do governo Lula est\u00e3o previstos para an\u00e1lise o VET 2\/2023 e o VET 11\/2023. O primeiro trata de itens da Lei 14.531, de 2023, sancionada em janeiro deste ano, que\u00a0ampliou o programa de qualidade de vida dos profissionais de seguran\u00e7a p\u00fablica, o Pr\u00f3-Vida.<\/p>\n<p>J\u00e1 o VET 11\/2023 incide sobre dispositivos que tratam do percentual das import\u00e2ncias arrecadadas para o Servi\u00e7o Social do Com\u00e9rcio (Sesc) e para o Servi\u00e7o Nacional de Aprendizagem Comercial (Senac) a ser entregue \u00e0 Ag\u00eancia Brasileira de Promo\u00e7\u00e3o Internacional do Turismo\u00a0(Embratur). De acordo com os itens vetados, seriam destinados 5% dos valores arrecadados pelo Sesc e 2% pelo Senac \u00e0 Embratur para custeio e promo\u00e7\u00e3o internacional do turismo no Brasil.<\/p>\n<p>The post <a rel=\"nofollow noopener\" href=\"https:\/\/www.infomoney.com.br\/politica\/congresso-analisa-vetos-e-creditos-especiais-na-quarta-feira\/\" target=\"_blank\">Congresso analisa vetos e cr\u00e9ditos especiais na quarta-feira<\/a> appeared first on <a rel=\"nofollow noopener\" href=\"https:\/\/www.infomoney.com.br\/\" target=\"_blank\">InfoMoney<\/a>.<\/p>\n","protected":false},"excerpt":{"rendered":"<p><img loading=\"lazy\" decoding=\"async\" width=\"300\" height=\"182\" src=\"https:\/\/www.infomoney.com.br\/wp-content\/uploads\/2019\/06\/congresso-nacional-2-brasilia-legislativo.jpg?fit=300%2C182&amp;quality=70&amp;strip=all\" class=\"attachment-medium size-medium wp-post-image\" alt=\"\" data-attachment-id=\"28032\" data-permalink=\"https:\/\/www.infomoney.com.br\/congresso-nacional-2-brasilia-legislativo\/\" data-orig-file=\"https:\/\/www.infomoney.com.br\/wp-content\/uploads\/2019\/06\/congresso-nacional-2-brasilia-legislativo.jpg?fit=900%2C547&amp;quality=70&amp;strip=all\" data-orig-size=\"900,547\" data-comments-opened=\"1\" data-image-meta='{\"aperture\":\"0\",\"credit\":\"\",\"camera\":\"\",\"caption\":\"\",\"created_timestamp\":\"0\",\"copyright\":\"\",\"focal_length\":\"0\",\"iso\":\"0\",\"shutter_speed\":\"0\",\"title\":\"\",\"orientation\":\"0\"}' data-image-title=\"congresso-nacional-2-brasilia-legislativo\" data-image-description=\"\" data-image-caption=\"\" data-medium-file=\"https:\/\/www.infomoney.com.br\/wp-content\/uploads\/2019\/06\/congresso-nacional-2-brasilia-legislativo.jpg?fit=300%2C182&amp;quality=70&amp;strip=all\" data-large-file=\"https:\/\/www.infomoney.com.br\/wp-content\/uploads\/2019\/06\/congresso-nacional-2-brasilia-legislativo.jpg?fit=900%2C547&amp;quality=70&amp;strip=all\">Segundo l\u00edder do governo, senador Randolfe Rodrigues, prioridade \u00e9 analisar projetos de lei que est\u00e3o pendentes<\/p>\n<p>The post <a rel=\"nofollow\" href=\"https:\/\/www.infomoney.com.br\/politica\/congresso-analisa-vetos-e-creditos-especiais-na-quarta-feira\/\">Congresso analisa vetos e cr\u00e9ditos especiais na quarta-feira<\/a> appeared first on <a rel=\"nofollow\" href=\"https:\/\/www.infomoney.com.br\/\">InfoMoney<\/a>.<\/p>\n","protected":false},"author":47,"featured_media":0,"comment_status":"closed","ping_status":"closed","sticky":false,"template":"","format":"standard","meta":{"advgb_blocks_editor_width":"","advgb_blocks_columns_visual_guide":"","footnotes":""},"categories":[359,4975,34,513,47,6152],"tags":[35,50],"class_list":["post-25002","post","type-post","status-publish","format-standard","hentry","category-congresso-nacional","category-distrito-federal","category-g1","category-poder-legislativo","category-politica","category-veto","tag-g1","tag-projeto-de-lei"],"author_meta":{"display_name":"luispereira","author_link":"https:\/\/sindaopcpb.org.br\/author\/luispereira\/"},"featured_img":null,"coauthors":[],"tax_additional":{"categories":{"linked":["<a href=\"https:\/\/sindaopcpb.org.br\/congresso-nacional\/\" class=\"advgb-post-tax-term\">Congresso Nacional<\/a>","<a href=\"https:\/\/sindaopcpb.org.br\/distrito-federal\/\" class=\"advgb-post-tax-term\">Distrito Federal<\/a>","<a href=\"https:\/\/sindaopcpb.org.br\/g1\/\" class=\"advgb-post-tax-term\">G1<\/a>","<a href=\"https:\/\/sindaopcpb.org.br\/poder-legislativo\/\" class=\"advgb-post-tax-term\">Poder Legislativo<\/a>","<a href=\"https:\/\/sindaopcpb.org.br\/politica\/\" class=\"advgb-post-tax-term\">POLITICA<\/a>","<a href=\"https:\/\/sindaopcpb.org.br\/veto\/\" class=\"advgb-post-tax-term\">Veto<\/a>"],"unlinked":["<span class=\"advgb-post-tax-term\">Congresso Nacional<\/span>","<span class=\"advgb-post-tax-term\">Distrito Federal<\/span>","<span class=\"advgb-post-tax-term\">G1<\/span>","<span class=\"advgb-post-tax-term\">Poder Legislativo<\/span>","<span class=\"advgb-post-tax-term\">POLITICA<\/span>","<span class=\"advgb-post-tax-term\">Veto<\/span>"]},"tags":{"linked":["<a href=\"https:\/\/sindaopcpb.org.br\/veto\/\" class=\"advgb-post-tax-term\">g1<\/a>","<a href=\"https:\/\/sindaopcpb.org.br\/veto\/\" class=\"advgb-post-tax-term\">projeto de lei<\/a>"],"unlinked":["<span class=\"advgb-post-tax-term\">g1<\/span>","<span class=\"advgb-post-tax-term\">projeto de lei<\/span>"]}},"comment_count":"0","relative_dates":{"created":"Publicado 3 anos atr\u00e1s","modified":"Atualizado 3 anos atr\u00e1s"},"absolute_dates":{"created":"Publicado em 11 de julho de 2023","modified":"Atualizado em 11 de julho de 2023"},"absolute_dates_time":{"created":"Publicado em 11 de julho de 2023 12:01","modified":"Atualizado em 11 de julho de 2023 12:01"},"featured_img_caption":"","series_order":"","_links":{"self":[{"href":"https:\/\/sindaopcpb.org.br\/index.php\/wp-json\/wp\/v2\/posts\/25002","targetHints":{"allow":["GET"]}}],"collection":[{"href":"https:\/\/sindaopcpb.org.br\/index.php\/wp-json\/wp\/v2\/posts"}],"about":[{"href":"https:\/\/sindaopcpb.org.br\/index.php\/wp-json\/wp\/v2\/types\/post"}],"author":[{"embeddable":true,"href":"https:\/\/sindaopcpb.org.br\/index.php\/wp-json\/wp\/v2\/users\/47"}],"replies":[{"embeddable":true,"href":"https:\/\/sindaopcpb.org.br\/index.php\/wp-json\/wp\/v2\/comments?post=25002"}],"version-history":[{"count":1,"href":"https:\/\/sindaopcpb.org.br\/index.php\/wp-json\/wp\/v2\/posts\/25002\/revisions"}],"predecessor-version":[{"id":25003,"href":"https:\/\/sindaopcpb.org.br\/index.php\/wp-json\/wp\/v2\/posts\/25002\/revisions\/25003"}],"wp:attachment":[{"href":"https:\/\/sindaopcpb.org.br\/index.php\/wp-json\/wp\/v2\/media?parent=25002"}],"wp:term":[{"taxonomy":"category","embeddable":true,"href":"https:\/\/sindaopcpb.org.br\/index.php\/wp-json\/wp\/v2\/categories?post=25002"},{"taxonomy":"post_tag","embeddable":true,"href":"https:\/\/sindaopcpb.org.br\/index.php\/wp-json\/wp\/v2\/tags?post=25002"}],"curies":[{"name":"wp","href":"https:\/\/api.w.org\/{rel}","templated":true}]}}