{"id":24999,"date":"2023-07-11T11:47:45","date_gmt":"2023-07-11T14:47:45","guid":{"rendered":"https:\/\/wpa.wscom.com.br\/?p=911173"},"modified":"2023-07-11T11:47:45","modified_gmt":"2023-07-11T14:47:45","slug":"cicero-diz-que-retomara-estudos-para-aterro-na-orla-de-jp-e-rebate-criticos-desejam-cidade-cada-vez-pior","status":"publish","type":"post","link":"https:\/\/sindaopcpb.org.br\/index.php\/2023\/07\/11\/cicero-diz-que-retomara-estudos-para-aterro-na-orla-de-jp-e-rebate-criticos-desejam-cidade-cada-vez-pior\/","title":{"rendered":"C\u00edcero diz que retomar\u00e1 estudos para aterro na orla de JP e rebate cr\u00edticos: \u201cDesejam cidade cada vez pior\u201d"},"content":{"rendered":"<p>&nbsp;<\/p>\n<p>&nbsp;<\/p>\n<p>O prefeito de Jo\u00e3o Pessoa, C\u00edcero Lucena, disse nesta ter\u00e7a-feira (11) que em um momento posterior vai retomar os estudos sobre o alargamento da faixa de areia das praias da capital junto a autoridades ambientais e setores da Universidade Federal da Para\u00edba (UFPB) para conter o avan\u00e7o da eros\u00e3o da orla mar\u00edtima da cidade.<\/p>\n<p>A gest\u00e3o precisou <a href=\"https:\/\/wscom.com.br\/cicero-lucena-cancela-projeto-de-engorda-da-faixa-de-areia-nas-praias-de-joao-pessoa\/\" rel=\"nofollow noopener\" target=\"_blank\">cancelar o contrato<\/a> para a realiza\u00e7\u00e3o de um projeto por uma empresa privada, atendendo a um pedido do Tribunal de Contas da Para\u00edba (TCE-PB) que julgou irregular a licita\u00e7\u00e3o no modelo convite. C\u00edcero criticou o debate instaurado sobre o tema, classificando-o como &#8220;pol\u00edtico&#8221;, mas ressaltou que o pr\u00f3ximo estudo ser\u00e1 feito &#8220;com cautela&#8221;.<\/p>\n<p>\u201cIdentificamos que o processo pol\u00edtico e algumas emiss\u00f5es de pareceres e opini\u00f5es foram feitas sem embasamento t\u00e9cnico. E voc\u00ea estar discutindo [o aterro] no momento pol\u00edtico, \u00e9 dar chance aquelas pessoas que desejam que a cidade fique cada vez pior para que elas consigam um emprego de prefeito\u201d, disse o prefeito.<\/p>\n<p>\u201cCancelamos esse estudo e vamos conversar com a cidade, Minist\u00e9rio P\u00fablico e academia para tra\u00e7ar o caminho se vai ou n\u00e3o ter esse tipo de a\u00e7\u00e3o [aterro]. Enquanto isso, vamos concentrar na requalifica\u00e7\u00e3o da orla\u201d, concluiu C\u00edcero.<\/p>\n<p>O post <a rel=\"nofollow noopener\" href=\"https:\/\/wscom.com.br\/cicero-diz-que-retomara-estudos-para-aterro-na-orla-de-jp-e-rebate-criticos-desejam-cidade-cada-vez-pior\/\" target=\"_blank\">C\u00edcero diz que retomar\u00e1 estudos para aterro na orla de JP e rebate cr\u00edticos: &#8220;Desejam cidade cada vez pior&#8221;<\/a> apareceu primeiro em <a rel=\"nofollow noopener\" href=\"https:\/\/wscom.com.br\/\" target=\"_blank\">WSCOM<\/a>.<\/p>\n","protected":false},"excerpt":{"rendered":"<p>\u00a0 \u00a0 O prefeito de Jo\u00e3o Pessoa, C\u00edcero Lucena, disse nesta ter\u00e7a-feira (11) que em um momento posterior vai retomar os estudos sobre o alargamento da faixa de areia das praias da capital junto a autoridades ambientais e setores da Universidade Federal da Para\u00edba (UFPB) para conter o avan\u00e7o da eros\u00e3o da orla mar\u00edtima da [\u2026]<\/p>\n<p>O post <a rel=\"nofollow\" href=\"https:\/\/wscom.com.br\/cicero-diz-que-retomara-estudos-para-aterro-na-orla-de-jp-e-rebate-criticos-desejam-cidade-cada-vez-pior\/\">C\u00edcero diz que retomar\u00e1 estudos para aterro na orla de JP e rebate cr\u00edticos: \u201cDesejam cidade cada vez pior\u201d<\/a> apareceu primeiro em <a rel=\"nofollow\" href=\"https:\/\/wscom.com.br\/\">WSCOM<\/a>.<\/p>\n","protected":false},"author":42,"featured_media":0,"comment_status":"closed","ping_status":"closed","sticky":false,"template":"","format":"standard","meta":{"advgb_blocks_editor_width":"","advgb_blocks_columns_visual_guide":"","footnotes":""},"categories":[1173,227,6151,34,71,54,898],"tags":[35],"class_list":["post-24999","post","type-post","status-publish","format-standard","hentry","category-aterro-da-orla-da-capital","category-cicero-lucena","category-estudos","category-g1","category-joao-pessoa","category-paraiba","category-praias","tag-g1"],"author_meta":{"display_name":"Rafael Andrade","author_link":"https:\/\/sindaopcpb.org.br\/author\/rafael-andrade\/"},"featured_img":null,"coauthors":[],"tax_additional":{"categories":{"linked":["<a href=\"https:\/\/sindaopcpb.org.br\/aterro-da-orla-da-capital\/\" class=\"advgb-post-tax-term\">aterro da orla da capital<\/a>","<a href=\"https:\/\/sindaopcpb.org.br\/cicero-lucena\/\" class=\"advgb-post-tax-term\">cicero lucena<\/a>","<a href=\"https:\/\/sindaopcpb.org.br\/estudos\/\" class=\"advgb-post-tax-term\">estudos<\/a>","<a href=\"https:\/\/sindaopcpb.org.br\/g1\/\" class=\"advgb-post-tax-term\">G1<\/a>","<a href=\"https:\/\/sindaopcpb.org.br\/joao-pessoa\/\" class=\"advgb-post-tax-term\">Jo\u00e3o Pessoa<\/a>","<a href=\"https:\/\/sindaopcpb.org.br\/paraiba\/\" class=\"advgb-post-tax-term\">Para\u00edba<\/a>","<a href=\"https:\/\/sindaopcpb.org.br\/praias\/\" class=\"advgb-post-tax-term\">praias<\/a>"],"unlinked":["<span class=\"advgb-post-tax-term\">aterro da orla da capital<\/span>","<span class=\"advgb-post-tax-term\">cicero lucena<\/span>","<span class=\"advgb-post-tax-term\">estudos<\/span>","<span class=\"advgb-post-tax-term\">G1<\/span>","<span class=\"advgb-post-tax-term\">Jo\u00e3o Pessoa<\/span>","<span class=\"advgb-post-tax-term\">Para\u00edba<\/span>","<span class=\"advgb-post-tax-term\">praias<\/span>"]},"tags":{"linked":["<a href=\"https:\/\/sindaopcpb.org.br\/praias\/\" class=\"advgb-post-tax-term\">g1<\/a>"],"unlinked":["<span class=\"advgb-post-tax-term\">g1<\/span>"]}},"comment_count":"0","relative_dates":{"created":"Publicado 3 anos atr\u00e1s","modified":"Atualizado 3 anos atr\u00e1s"},"absolute_dates":{"created":"Publicado em 11 de julho de 2023","modified":"Atualizado em 11 de julho de 2023"},"absolute_dates_time":{"created":"Publicado em 11 de julho de 2023 11:47","modified":"Atualizado em 11 de julho de 2023 11:47"},"featured_img_caption":"","series_order":"","_links":{"self":[{"href":"https:\/\/sindaopcpb.org.br\/index.php\/wp-json\/wp\/v2\/posts\/24999","targetHints":{"allow":["GET"]}}],"collection":[{"href":"https:\/\/sindaopcpb.org.br\/index.php\/wp-json\/wp\/v2\/posts"}],"about":[{"href":"https:\/\/sindaopcpb.org.br\/index.php\/wp-json\/wp\/v2\/types\/post"}],"author":[{"embeddable":true,"href":"https:\/\/sindaopcpb.org.br\/index.php\/wp-json\/wp\/v2\/users\/42"}],"replies":[{"embeddable":true,"href":"https:\/\/sindaopcpb.org.br\/index.php\/wp-json\/wp\/v2\/comments?post=24999"}],"version-history":[{"count":1,"href":"https:\/\/sindaopcpb.org.br\/index.php\/wp-json\/wp\/v2\/posts\/24999\/revisions"}],"predecessor-version":[{"id":25000,"href":"https:\/\/sindaopcpb.org.br\/index.php\/wp-json\/wp\/v2\/posts\/24999\/revisions\/25000"}],"wp:attachment":[{"href":"https:\/\/sindaopcpb.org.br\/index.php\/wp-json\/wp\/v2\/media?parent=24999"}],"wp:term":[{"taxonomy":"category","embeddable":true,"href":"https:\/\/sindaopcpb.org.br\/index.php\/wp-json\/wp\/v2\/categories?post=24999"},{"taxonomy":"post_tag","embeddable":true,"href":"https:\/\/sindaopcpb.org.br\/index.php\/wp-json\/wp\/v2\/tags?post=24999"}],"curies":[{"name":"wp","href":"https:\/\/api.w.org\/{rel}","templated":true}]}}