{"id":24846,"date":"2023-07-10T12:26:39","date_gmt":"2023-07-10T15:26:39","guid":{"rendered":"https:\/\/wpa.wscom.com.br\/?p=911005"},"modified":"2023-07-10T12:26:39","modified_gmt":"2023-07-10T15:26:39","slug":"djavan-surge-em-clique-raro-ao-lado-da-mulher-obrigadissimo","status":"publish","type":"post","link":"https:\/\/sindaopcpb.org.br\/index.php\/2023\/07\/10\/djavan-surge-em-clique-raro-ao-lado-da-mulher-obrigadissimo\/","title":{"rendered":"Djavan surge em clique raro ao lado da mulher: \u2018Obrigad\u00edssimo\u2019"},"content":{"rendered":"<p>Discreto em rela\u00e7\u00e3o a vida pessoal, Djavan surpreendeu os f\u00e3s ao celebrar anivers\u00e1rio da mulher, Rafaela Brunini, atrav\u00e9s do Instagram, nesta segunda-feira. O cantor de 74 anos publicou um clique ao lado da amada e se declarou para ela.<\/p>\n<p>&#8220;Parab\u00e9ns, minha Rafa, pelo seu dia e obrigad\u00edssimo por todos os dias da nossa vida, pela sua intelig\u00eancia, pela sua discri\u00e7\u00e3o e dedica\u00e7\u00e3o \u00e0 nossa fam\u00edlia. Que a felicidade esteja sempre ao seu lado e que Deus nos proteja sempre! Beijos&#8221; escreveu o artista.<\/p>\n<p>Amigos e f\u00e3s comentaram a publica\u00e7\u00e3o de Djavan. &#8220;Que foto mais doce e linda! Muita, muita sa\u00fade amor, fortalecimento, filhos maravilhosos que sejam protegidos e que dessa linda rela\u00e7\u00e3o, possam vir m\u00fasicas maravilhosas para todos n\u00f3s! A gente \u00e9 que agradece!&#8221;, disse a cantora Vanessa da Matta. &#8220;A mulher mais sortuda desse mundo&#8221;, afirmou um admirador do cantor. &#8220;Casal lindo e inspirador&#8221;, destacou outro.<\/p>\n<p>Casados h\u00e1 mais de duas d\u00e9cadas, o cantor e Rafaella t\u00eam dois filhos juntos. Djavan tamb\u00e9m \u00e9 pai de mais tr\u00eas filhos, Max, Fl\u00e1via e Jo\u00e3o Thiago, frutos de seu relacionamento anterior com Maria Aparecida Viana. Os dois ficaram juntos de 1972 a 1998.<\/p>\n<p>O post <a rel=\"nofollow noopener\" href=\"https:\/\/wscom.com.br\/djavan-surge-em-clique-raro-ao-lado-da-mulher-obrigadissimo\/\" target=\"_blank\">Djavan surge em clique raro ao lado da mulher: &#8216;Obrigad\u00edssimo&#8217;<\/a> apareceu primeiro em <a rel=\"nofollow noopener\" href=\"https:\/\/wscom.com.br\/\" target=\"_blank\">WSCOM<\/a>.<\/p>\n","protected":false},"excerpt":{"rendered":"<p>Discreto em rela\u00e7\u00e3o a vida pessoal, Djavan surpreendeu os f\u00e3s ao celebrar anivers\u00e1rio da mulher, Rafaela Brunini, atrav\u00e9s do Instagram, nesta segunda-feira. O cantor de 74 anos publicou um clique ao lado da amada e se declarou para ela. \u201cParab\u00e9ns, minha Rafa, pelo seu dia e obrigad\u00edssimo por todos os dias da nossa vida, pela [\u2026]<\/p>\n<p>O post <a rel=\"nofollow\" href=\"https:\/\/wscom.com.br\/djavan-surge-em-clique-raro-ao-lado-da-mulher-obrigadissimo\/\">Djavan surge em clique raro ao lado da mulher: \u2018Obrigad\u00edssimo\u2019<\/a> apareceu primeiro em <a rel=\"nofollow\" href=\"https:\/\/wscom.com.br\/\">WSCOM<\/a>.<\/p>\n","protected":false},"author":50,"featured_media":0,"comment_status":"closed","ping_status":"closed","sticky":false,"template":"","format":"standard","meta":{"advgb_blocks_editor_width":"","advgb_blocks_columns_visual_guide":"","footnotes":""},"categories":[436,6092,3706,34,73],"tags":[35],"class_list":["post-24846","post","type-post","status-publish","format-standard","hentry","category-celebridades","category-djavan","category-esposa","category-g1","category-mulher","tag-g1"],"author_meta":{"display_name":"Wallyson","author_link":"https:\/\/sindaopcpb.org.br\/author\/wallyson\/"},"featured_img":null,"coauthors":[],"tax_additional":{"categories":{"linked":["<a href=\"https:\/\/sindaopcpb.org.br\/celebridades\/\" class=\"advgb-post-tax-term\">Celebridades<\/a>","<a href=\"https:\/\/sindaopcpb.org.br\/djavan\/\" class=\"advgb-post-tax-term\">djavan<\/a>","<a href=\"https:\/\/sindaopcpb.org.br\/esposa\/\" class=\"advgb-post-tax-term\">esposa<\/a>","<a href=\"https:\/\/sindaopcpb.org.br\/g1\/\" class=\"advgb-post-tax-term\">G1<\/a>","<a href=\"https:\/\/sindaopcpb.org.br\/mulher\/\" class=\"advgb-post-tax-term\">Mulher<\/a>"],"unlinked":["<span class=\"advgb-post-tax-term\">Celebridades<\/span>","<span class=\"advgb-post-tax-term\">djavan<\/span>","<span class=\"advgb-post-tax-term\">esposa<\/span>","<span class=\"advgb-post-tax-term\">G1<\/span>","<span class=\"advgb-post-tax-term\">Mulher<\/span>"]},"tags":{"linked":["<a href=\"https:\/\/sindaopcpb.org.br\/mulher\/\" class=\"advgb-post-tax-term\">g1<\/a>"],"unlinked":["<span class=\"advgb-post-tax-term\">g1<\/span>"]}},"comment_count":"0","relative_dates":{"created":"Publicado 3 anos atr\u00e1s","modified":"Atualizado 3 anos atr\u00e1s"},"absolute_dates":{"created":"Publicado em 10 de julho de 2023","modified":"Atualizado em 10 de julho de 2023"},"absolute_dates_time":{"created":"Publicado em 10 de julho de 2023 12:26","modified":"Atualizado em 10 de julho de 2023 12:26"},"featured_img_caption":"","series_order":"","_links":{"self":[{"href":"https:\/\/sindaopcpb.org.br\/index.php\/wp-json\/wp\/v2\/posts\/24846","targetHints":{"allow":["GET"]}}],"collection":[{"href":"https:\/\/sindaopcpb.org.br\/index.php\/wp-json\/wp\/v2\/posts"}],"about":[{"href":"https:\/\/sindaopcpb.org.br\/index.php\/wp-json\/wp\/v2\/types\/post"}],"author":[{"embeddable":true,"href":"https:\/\/sindaopcpb.org.br\/index.php\/wp-json\/wp\/v2\/users\/50"}],"replies":[{"embeddable":true,"href":"https:\/\/sindaopcpb.org.br\/index.php\/wp-json\/wp\/v2\/comments?post=24846"}],"version-history":[{"count":1,"href":"https:\/\/sindaopcpb.org.br\/index.php\/wp-json\/wp\/v2\/posts\/24846\/revisions"}],"predecessor-version":[{"id":24847,"href":"https:\/\/sindaopcpb.org.br\/index.php\/wp-json\/wp\/v2\/posts\/24846\/revisions\/24847"}],"wp:attachment":[{"href":"https:\/\/sindaopcpb.org.br\/index.php\/wp-json\/wp\/v2\/media?parent=24846"}],"wp:term":[{"taxonomy":"category","embeddable":true,"href":"https:\/\/sindaopcpb.org.br\/index.php\/wp-json\/wp\/v2\/categories?post=24846"},{"taxonomy":"post_tag","embeddable":true,"href":"https:\/\/sindaopcpb.org.br\/index.php\/wp-json\/wp\/v2\/tags?post=24846"}],"curies":[{"name":"wp","href":"https:\/\/api.w.org\/{rel}","templated":true}]}}