{"id":24691,"date":"2023-07-09T09:30:37","date_gmt":"2023-07-09T12:30:37","guid":{"rendered":"https:\/\/wpa.wscom.com.br\/?p=910768"},"modified":"2023-07-09T09:30:37","modified_gmt":"2023-07-09T12:30:37","slug":"r-35-milhoes-em-novos-investimentos-para-o-vale-do-pianco-durante-plenaria-do-ode-em-itaporanga","status":"publish","type":"post","link":"https:\/\/sindaopcpb.org.br\/index.php\/2023\/07\/09\/r-35-milhoes-em-novos-investimentos-para-o-vale-do-pianco-durante-plenaria-do-ode-em-itaporanga\/","title":{"rendered":"R$ 35 milh\u00f5es em novos investimentos para o Vale do Pianc\u00f3 durante plen\u00e1ria do ODE em Itaporanga"},"content":{"rendered":"<p>O governador Jo\u00e3o Azev\u00eado participou, neste s\u00e1bado (8), em Itaporanga (7\u00aa Regi\u00e3o), no Vale do Pianc\u00f3, da terceira Plen\u00e1ria do Ciclo 2023 do Or\u00e7amento Democr\u00e1tico Estadual (ODE), encerrando o primeiro bloco de audi\u00eancias do maior instrumento de democracia participativa da Para\u00edba \u2014 a plen\u00e1ria foi realizada no gin\u00e1sio da ECIT Monsenhor Jos\u00e9 Sinfr\u00f4nio. Na quinta-feira (6), a Plen\u00e1ria aconteceu em S\u00e3o Jos\u00e9 de Piranhas (9\u00aa Regi\u00e3o) e, na sexta-feira (7), em Sousa (10\u00aa Regi\u00e3o).<\/p>\n<p>Na ocasi\u00e3o, o chefe do Executivo estadual anunciou novas obras e fez entregas de equipamentos para as \u00e1reas de Seguran\u00e7a e Educa\u00e7\u00e3o, al\u00e9m da assinatura de contratos do Empreender-PB, recursos superiores a R$ 35 milh\u00f5es. Entre as a\u00e7\u00f5es est\u00e3o a ordem de servi\u00e7o para reforma e amplia\u00e7\u00e3o da Escola Estadual Ademar Leite, em Pianc\u00f3 e a manuten\u00e7\u00e3o de outras unidades de ensino da Rede Estadual. Foram entregues tamb\u00e9m 35 notebooks para professores, e equipamentos e fardamentos para a Pol\u00edcia Militar e Corpo de Bombeiros do 13\u00b0 Batalh\u00e3o.<\/p>\n<p>Ao abrir a plen\u00e1ria, que teve a participa\u00e7\u00e3o de 4.222 pessoas, as quais elegeram Educa\u00e7\u00e3o, Sa\u00fade e Agricultura Familiar como prioridades, o governador Jo\u00e3o Azev\u00eado, ao lado do vice-governador Lucas Ribeiro, ressaltou o car\u00e1ter municipalista do Or\u00e7amento Democr\u00e1tico Estadual na transforma\u00e7\u00e3o paraibana. &#8220;N\u00e3o \u00e9 poss\u00edvel fazer uma gest\u00e3o que, verdadeiramente, transforme a vida das pessoas sem a participa\u00e7\u00e3o dos gestores municipais. Eu sou municipalista. Eu acho que as coisas acontecem l\u00e1 no munic\u00edpio, onde est\u00e3o os anseios e as demandas da popula\u00e7\u00e3o&#8221;, disse, enfatizando a credibilidade do ODE.<\/p>\n<p>O gestor paraibano tamb\u00e9m anunciou a licita\u00e7\u00e3o de tr\u00eas importantes obras de mobilidade urbana, como a rodovia estadual PB-366 (Aguiar\u2013Coremas), que levar\u00e1 investimentos da ordem de R$ 34 milh\u00f5es. Outra parte \u00e9 a liga\u00e7\u00e3o de Curral Velho at\u00e9 a PB-306 e a pavimenta\u00e7\u00e3o do acesso ao Distrito de Montevid\u00e9u, em Concei\u00e7\u00e3o, importante rota da produ\u00e7\u00e3o agr\u00edcola.<\/p>\n<p>O secret\u00e1rio executivo do Or\u00e7amento Democr\u00e1tico, J\u00fanior Caro\u00e9, disse que, por meio do instrumento, o Vale do Pianc\u00f3 conseguiu importantes avan\u00e7os. &#8220;\u00c9 uma satisfa\u00e7\u00e3o muito grande estarmos retornando a essa regi\u00e3o, que tem uma tradi\u00e7\u00e3o de participa\u00e7\u00e3o muito forte. Aqui no Vale do Pianc\u00f3, foram muitos avan\u00e7os com demandas que vieram da popula\u00e7\u00e3o, principalmente nas \u00e1reas de educa\u00e7\u00e3o e de estradas de rodagem.\u00a0\u00a0E hoje \u00e9 mais uma rodada de di\u00e1logo para que seja formulado o or\u00e7amento p\u00fablico do Governo do Estado para o ano que vem&#8221;, afirmou.<\/p>\n<p>O presidente da Assembleia Legislativa da Para\u00edba (ALPB), Adriano Galdino, disse que o Or\u00e7amento Democr\u00e1tico representa um grande momento da democracia paraibana. &#8220;Por meio desse valoroso instrumento de participa\u00e7\u00e3o popular, que \u00e9 o Or\u00e7amento Democr\u00e1tico, o governador Jo\u00e3o Azev\u00eado percorre toda a Para\u00edba com seus secret\u00e1rios para ouvir a popula\u00e7\u00e3o \u2014 ouvir pleitos, sugest\u00f5es e tamb\u00e9m cr\u00edticas&#8221;, comentou.<\/p>\n<p>O prefeito de Itaporanga, Divaldo Dantas, agradeceu os investimentos do Governo do Estado no munic\u00edpio e nos demais do Vale do Pianc\u00f3. &#8220;Este \u00e9 um momento de democracia plena, onde a popula\u00e7\u00e3o tem a oportunidade de mostrar a necessidade de cada munic\u00edpio. Quero agradecer ao governador Jo\u00e3o Azev\u00eado que, desde o in\u00edcio ainda da primeira gest\u00e3o, tem tido um olhar diferenciado para nossa regi\u00e3o.<\/p>\n<p>A plen\u00e1ria do Or\u00e7amento Democr\u00e1tico Estadual da 7\u00aa Regi\u00e3o foi prestigiada, ainda, pelos deputados estaduais J\u00fanior Ara\u00fajo, Branco Mendes e Jo\u00e3o Gon\u00e7alves, al\u00e9m do deputado federal Murilo Galdino. E ainda pelos secret\u00e1rios Gilmar Martins (Planejamento), Pollyanna Dutra (Desenvolvimento Humano), Deusdete Queiroga (Infraestrutura), Frei Anast\u00e1cio (Agricultura Familiar), Rafaela Camaraense (Meio Ambiente e Sustentabilidade), L\u00eddia Moura (Diversidade Humana), Nonato Bandeira (Comunica\u00e7\u00e3o Institucional) e Ronaldo Guerra (Chefia de Gabinete), entre outros auxiliares da gest\u00e3o estadual, a exemplo de Maria Elizabete de Ara\u00fajo (secret\u00e1ria executiva de Gest\u00e3o Pedag\u00f3gica) e Pollyanna Meira (secret\u00e1ria executiva de Administra\u00e7\u00e3o), ambas da Secretaria de Estado da Educa\u00e7\u00e3o.<\/p>\n<p><b>Presta\u00e7\u00e3o de contas<\/b>\u00a0\u2014 O governador Jo\u00e3o Azev\u00eado fez uma presta\u00e7\u00e3o de contas dos investimentos do Governo do Estado para a 7\u00aa Regi\u00e3o, de acordo com as prioridades eleitas em 2022: Educa\u00e7\u00e3o, Habita\u00e7\u00e3o e Sa\u00fade. Entre 2022 e 2023, foram R$ 371,4 milh\u00f5es em investimentos.\u00a0\u00a0Quando se tem como refer\u00eancia o per\u00edodo 2019\u20132023, os investimentos chegam a R$ 605,5 milh\u00f5es. Esses investimentos incluem tanto as demandas da popula\u00e7\u00e3o quanto os de rotina do Governo do Estado.<\/p>\n<p>Em Educa\u00e7\u00e3o, foram investidos R$ 61 milh\u00f5es. S\u00f3 para constru\u00e7\u00e3o de escolas, foram destinados R$ 14,4 milh\u00f5es \u2014 Escola Estadual Nossa Senhora de F\u00e1tima, no munic\u00edpio de Concei\u00e7\u00e3o, e a Escola Chagas Soares, em Itaporanga, que tamb\u00e9m ganhou um Centro de Forma\u00e7\u00e3o de Professores.<\/p>\n<p>J\u00e1 em reformas de escolas, foram investidos R$ 6,2 milh\u00f5es, contemplando o gin\u00e1sio e a Escola Cidad\u00e3 Integral Joselita Brasileiro, no munic\u00edpio de Igaracy, e a Escola Cidad\u00e3 Integral Francelino de Alencar Neves, em Itaporanga. Outros R$ 6,5 milh\u00f5es em reformas est\u00e3o em processo licitat\u00f3rio \u2014 Escola Cidad\u00e3 Integral Jos\u00e9 Sinfr\u00f4nio, em Itaporanga, e Escola Ademar Leite, em Pianc\u00f3.<\/p>\n<p>Tamb\u00e9m est\u00e3o sendo investidos R$ 6 milh\u00f5es em seis escolas municipais, em Aguiar (1), Concei\u00e7\u00e3o (1), Coremas (2), Ibiara (1) e Pianc\u00f3 (1). Na primeira inf\u00e2ncia, est\u00e3o sendo investidos R$ 17,5 milh\u00f5es na constru\u00e7\u00e3o de 17 creches, uma para cada munic\u00edpio da 7\u00aa Regi\u00e3o, beneficiando 1,4 mil crian\u00e7as.<\/p>\n<p>Em Habita\u00e7\u00e3o, a segunda prioridade regional em 2022, est\u00e3o sendo investidos pelo Governo do Estado R$ 2,3 milh\u00f5es na constru\u00e7\u00e3o de 60 moradias em Coremas; e R$ 12,8 milh\u00f5es na prote\u00e7\u00e3o dos idosos, com a constru\u00e7\u00e3o de 60 casas para o Cidade Madura de Concei\u00e7\u00e3o.<\/p>\n<p>Na Sa\u00fade, terceira prioridade regional, foram investidos R$ 37,7 milh\u00f5es na rede hospitalar, beneficiando o Hospital Regional de Itaporanga e os hospitais distritais de Aguiar, Coremas e Pianc\u00f3. Foi investido, ainda, R$ 1,2 milh\u00e3o em equipamentos, beneficiando todos os hospitais estaduais da 7\u00aa Regi\u00e3o, assim como R$ 429 mil na reforma da rede el\u00e9trica de Itaporanga e na sede da 7\u00aa Ger\u00eancia Regional de Sa\u00fade (RGS).<\/p>\n<p>Os investimentos em sa\u00fade da 7\u00aa Regi\u00e3o contemplam, ainda, a requalifica\u00e7\u00e3o do Hospital Regional de Itaporanga, que ganhou 30 novos computadores, reforma e climatiza\u00e7\u00e3o da pediatria, implanta\u00e7\u00e3o do sistema de atendimento eletr\u00f4nico no setor de urg\u00eancia, a contrata\u00e7\u00e3o de novos profissionais, incluindo pediatras e a amplia\u00e7\u00e3o das cirurgias do Opera Para\u00edba, entre outros benef\u00edcios.<\/p>\n<p>O Hospital Regional de Itaporanga receber\u00e1, ainda, R$ 8 milh\u00f5es em reformas (a licitar), com a amplia\u00e7\u00e3o de 58 leitos e do bloco cir\u00fargico, Centro de Parto Normal, UTI Neonatal e um Centro de Imagens, com tom\u00f3grafo. Em S\u00e3o Jos\u00e9 de Caiana, o Governo do Estado est\u00e1 investindo R$ 120 mil para custeio da rede municipal de sa\u00fade e R$ 126 mil na qualifica\u00e7\u00e3o de 79 profissionais da Sa\u00fade da Fam\u00edlia.<\/p>\n<p>Os munic\u00edpios que comp\u00f5em a 7\u00aa Regi\u00e3o tamb\u00e9m receber\u00e3o investimentos em Estradas de Rodagem (R$ 178,4 milh\u00f5es), contemplando obras como as travessias urbanas dos munic\u00edpios de Aguiar, Igaracy, Olho d&#8217;\u00c1gua, Nova Olinda, Santana dos Garrotes e S\u00e3o Jos\u00e9 de Caiana; e a restaura\u00e7\u00e3o da rodovia estadual PB-386 (Itaporanga\u2013Boa Ventura\u2013Diamante\u2013Ibiara\u2014Concei\u00e7\u00e3o), entre outras a\u00e7\u00f5es.<\/p>\n<p>Outras \u00e1reas s\u00e3o abastecimento d&#8217;\u00e1gua e esgotamento sanit\u00e1rio (R$ 39,7 milh\u00f5es), Desenvolvimento Humano (R$ 14,5 milh\u00f5es), Agricultura (R$ 14,6 milh\u00f5es), Seguran\u00e7a P\u00fablica (R$ 1,8 milh\u00e3o em 30 viaturas; e R$ 3,3 milh\u00f5es na reforma e na amplia\u00e7\u00e3o da Ciretran de Pianc\u00f3).<\/p>\n<p>Os munic\u00edpios que integram a 7\u00aa Regi\u00e3o Geoadministrativa, s\u00e3o Aguiar, Boa Ventura, Concei\u00e7\u00e3o, Coremas, Curral Velho, Diamante, Itaporanga, Igaracy, Nova Olinda, Olho d&#8217;\u00c1gua, Pianc\u00f3, S\u00e3o Jos\u00e9 de Caiana, Santa In\u00eas, Santana dos Garrotes, Santana de Mangueira e Serra Grande.<\/p>\n<p>A pr\u00f3xima rodada de plen\u00e1rias do ODE ser\u00e1 retomada no pr\u00f3ximo dia 27, com a primeira audi\u00eancia no munic\u00edpio de Pedras de Fogo. J\u00e1 no dia 28, a Plen\u00e1ria ser\u00e1 realizada em Soledade e, no dia 29, em Cubati.<\/p>\n<p>&nbsp;<\/p>\n<p>O post <a rel=\"nofollow noopener\" href=\"https:\/\/wscom.com.br\/r-35-milhoes-em-novos-investimentos-para-o-vale-do-pianco-durante-plenaria-do-ode-em-itaporanga\/\" target=\"_blank\">R$ 35 milh\u00f5es em novos investimentos para o Vale do Pianc\u00f3 durante plen\u00e1ria do ODE em Itaporanga<\/a> apareceu primeiro em <a rel=\"nofollow noopener\" href=\"https:\/\/wscom.com.br\/\" target=\"_blank\">WSCOM<\/a>.<\/p>\n","protected":false},"excerpt":{"rendered":"<p>O governador Jo\u00e3o Azev\u00eado participou, neste s\u00e1bado (8), em Itaporanga (7\u00aa Regi\u00e3o), no Vale do Pianc\u00f3, da terceira Plen\u00e1ria do Ciclo 2023 do Or\u00e7amento Democr\u00e1tico Estadual (ODE), encerrando o primeiro bloco de audi\u00eancias do maior instrumento de democracia participativa da Para\u00edba \u2014 a plen\u00e1ria foi realizada no gin\u00e1sio da ECIT Monsenhor Jos\u00e9 Sinfr\u00f4nio. Na quinta-feira [\u2026]<\/p>\n<p>O post <a rel=\"nofollow\" href=\"https:\/\/wscom.com.br\/r-35-milhoes-em-novos-investimentos-para-o-vale-do-pianco-durante-plenaria-do-ode-em-itaporanga\/\">R$ 35 milh\u00f5es em novos investimentos para o Vale do Pianc\u00f3 durante plen\u00e1ria do ODE em Itaporanga<\/a> apareceu primeiro em <a rel=\"nofollow\" href=\"https:\/\/wscom.com.br\/\">WSCOM<\/a>.<\/p>\n","protected":false},"author":58,"featured_media":0,"comment_status":"closed","ping_status":"closed","sticky":false,"template":"","format":"standard","meta":{"advgb_blocks_editor_width":"","advgb_blocks_columns_visual_guide":"","footnotes":""},"categories":[34,4098,2471,418,54],"tags":[35],"class_list":["post-24691","post","type-post","status-publish","format-standard","hentry","category-g1","category-governo-do-estado","category-investimentos","category-noticias","category-paraiba","tag-g1"],"author_meta":{"display_name":"Juliana Terra","author_link":"https:\/\/sindaopcpb.org.br\/author\/juliana-terra\/"},"featured_img":null,"coauthors":[],"tax_additional":{"categories":{"linked":["<a href=\"https:\/\/sindaopcpb.org.br\/g1\/\" class=\"advgb-post-tax-term\">G1<\/a>","<a href=\"https:\/\/sindaopcpb.org.br\/governo-do-estado\/\" class=\"advgb-post-tax-term\">Governo do Estado<\/a>","<a href=\"https:\/\/sindaopcpb.org.br\/investimentos\/\" class=\"advgb-post-tax-term\">investimentos<\/a>","<a href=\"https:\/\/sindaopcpb.org.br\/noticias\/\" class=\"advgb-post-tax-term\">Not\u00edcias<\/a>","<a href=\"https:\/\/sindaopcpb.org.br\/paraiba\/\" class=\"advgb-post-tax-term\">Para\u00edba<\/a>"],"unlinked":["<span class=\"advgb-post-tax-term\">G1<\/span>","<span class=\"advgb-post-tax-term\">Governo do Estado<\/span>","<span class=\"advgb-post-tax-term\">investimentos<\/span>","<span class=\"advgb-post-tax-term\">Not\u00edcias<\/span>","<span class=\"advgb-post-tax-term\">Para\u00edba<\/span>"]},"tags":{"linked":["<a href=\"https:\/\/sindaopcpb.org.br\/paraiba\/\" class=\"advgb-post-tax-term\">g1<\/a>"],"unlinked":["<span class=\"advgb-post-tax-term\">g1<\/span>"]}},"comment_count":"0","relative_dates":{"created":"Publicado 3 anos atr\u00e1s","modified":"Atualizado 3 anos atr\u00e1s"},"absolute_dates":{"created":"Publicado em 9 de julho de 2023","modified":"Atualizado em 9 de julho de 2023"},"absolute_dates_time":{"created":"Publicado em 9 de julho de 2023 09:30","modified":"Atualizado em 9 de julho de 2023 09:30"},"featured_img_caption":"","series_order":"","_links":{"self":[{"href":"https:\/\/sindaopcpb.org.br\/index.php\/wp-json\/wp\/v2\/posts\/24691","targetHints":{"allow":["GET"]}}],"collection":[{"href":"https:\/\/sindaopcpb.org.br\/index.php\/wp-json\/wp\/v2\/posts"}],"about":[{"href":"https:\/\/sindaopcpb.org.br\/index.php\/wp-json\/wp\/v2\/types\/post"}],"author":[{"embeddable":true,"href":"https:\/\/sindaopcpb.org.br\/index.php\/wp-json\/wp\/v2\/users\/58"}],"replies":[{"embeddable":true,"href":"https:\/\/sindaopcpb.org.br\/index.php\/wp-json\/wp\/v2\/comments?post=24691"}],"version-history":[{"count":1,"href":"https:\/\/sindaopcpb.org.br\/index.php\/wp-json\/wp\/v2\/posts\/24691\/revisions"}],"predecessor-version":[{"id":24692,"href":"https:\/\/sindaopcpb.org.br\/index.php\/wp-json\/wp\/v2\/posts\/24691\/revisions\/24692"}],"wp:attachment":[{"href":"https:\/\/sindaopcpb.org.br\/index.php\/wp-json\/wp\/v2\/media?parent=24691"}],"wp:term":[{"taxonomy":"category","embeddable":true,"href":"https:\/\/sindaopcpb.org.br\/index.php\/wp-json\/wp\/v2\/categories?post=24691"},{"taxonomy":"post_tag","embeddable":true,"href":"https:\/\/sindaopcpb.org.br\/index.php\/wp-json\/wp\/v2\/tags?post=24691"}],"curies":[{"name":"wp","href":"https:\/\/api.w.org\/{rel}","templated":true}]}}