{"id":24625,"date":"2023-07-08T10:39:10","date_gmt":"2023-07-08T13:39:10","guid":{"rendered":"https:\/\/wpa.wscom.com.br\/?p=910655"},"modified":"2023-07-08T10:39:10","modified_gmt":"2023-07-08T13:39:10","slug":"lula-e-presidente-da-colombia-se-reunem-para-discutir-amazonia","status":"publish","type":"post","link":"https:\/\/sindaopcpb.org.br\/index.php\/2023\/07\/08\/lula-e-presidente-da-colombia-se-reunem-para-discutir-amazonia\/","title":{"rendered":"Lula e presidente da Col\u00f4mbia se re\u00fanem para discutir Amaz\u00f4nia"},"content":{"rendered":"<p>&nbsp;<\/p>\n<p>&nbsp;<\/p>\n<p>O presidente Luiz In\u00e1cio Lula da Silva desembarca na cidade de Let\u00edcia, na Col\u00f4mbia, na manh\u00e3 deste s\u00e1bado (8), para participar da\u00a0Reuni\u00e3o T\u00e9cnico-Cient\u00edfica da Amaz\u00f4nia. O encontro foi organizado pelo governo da Col\u00f4mbia, do presidente Gustavo Petro. A cidade de Let\u00edcia faz divisa com Tabatinga, no extremo oeste do Amazonas, na regi\u00e3o da tr\u00edplice fronteira entre Col\u00f4mbia, Brasil e Peru.<img decoding=\"async\" src=\"https:\/\/agenciabrasil.ebc.com.br\/ebc.png?id=1542754&amp;o=node\" alt=\"\" title=\"\"><img decoding=\"async\" src=\"https:\/\/agenciabrasil.ebc.com.br\/ebc.gif?id=1542754&amp;o=node\" alt=\"\" title=\"\"><\/p>\n<p>O embarque na Base A\u00e9rea de Bras\u00edlia est\u00e1 previsto para as 9h20, com chegada ao destino \u00e0s 13h, hor\u00e1rio de Bras\u00edlia (11h pelo fuso hor\u00e1rio local). Ap\u00f3s o encontro com Petro, na Universidade Nacional da Col\u00f4mbia, os dois posam para fotografia oficial e participam, em seguida, no mesmo local, da sess\u00e3o de encerramento da reuni\u00e3o. Depois disso, a comitiva presidencial de Lula viaja de volta \u00e0 capital federal, com previs\u00e3o de chegada \u00e0s 20h30, pela agenda oficial.<\/p>\n<p>Segundo o Pal\u00e1cio do Planalto, a reuni\u00e3o entre Lula e Petro \u00e9 um encontro bilateral no m\u00eas que antecede a C\u00fapula da Amaz\u00f4nia, marcada para 8 de agosto, em Bel\u00e9m. Na ocasi\u00e3o, a capital do Par\u00e1 receber\u00e1 os presidentes de Brasil, Bol\u00edvia, Col\u00f4mbia, Equador, Guiana, Peru, Suriname e Venezuela. Todos esses pa\u00edses fazem parte da Organiza\u00e7\u00e3o do Tratado de Coopera\u00e7\u00e3o Amaz\u00f4nica (OTCA), mecanismo internacional que dever\u00e1 ser fortalecido a partir de agora. Al\u00e9m desses chefes de Estado, foi convidado o presidente da Fran\u00e7a, Emmanuel Macron, representando a Guiana Francesa, territ\u00f3rio ultramarino do pa\u00eds europeu na Am\u00e9rica do Sul, que tamb\u00e9m det\u00eam por\u00e7\u00f5es da Floresta Amaz\u00f4nica.<\/p>\n<p>Pelo tratado, de julho de 1978, os pa\u00edses da OTCA assumiram o\u00a0compromisso comum\u00a0para a preserva\u00e7\u00e3o do meio ambiente e o uso racional dos recursos naturais da Amaz\u00f4nia. Al\u00e9m de priorizar a preserva\u00e7\u00e3o do meio ambiente, o Tratado de Coopera\u00e7\u00e3o Amaz\u00f4nica tem o objetivo de promover o desenvolvimento dos territ\u00f3rios amaz\u00f4nicos, de maneira que as a\u00e7\u00f5es conjuntas gerem resultados equitativos e mutuamente ben\u00e9ficos para alcan\u00e7ar o desenvolvimento sustent\u00e1vel das oito na\u00e7\u00f5es.<\/p>\n<p>A quest\u00e3o da Amaz\u00f4nia estar\u00e1 no centro das aten\u00e7\u00f5es geopol\u00edticas pelos pr\u00f3ximos anos, culminando na realiza\u00e7\u00e3o da Confer\u00eancia das Na\u00e7\u00f5es Unidas Sobre as Mudan\u00e7as Clim\u00e1ticas (COP30), em 2025, na capital paraense. Pela primeira vez, o principal evento das Organiza\u00e7\u00e3o das Na\u00e7\u00f5es Unidas (ONU) sobre quest\u00f5es ambientais ser\u00e1 realizado no bioma de floresta tropical. Na semana passada, o presidente disse que pretende levar \u00e0 edi\u00e7\u00e3o deste ano da confer\u00eancia clim\u00e1tica, a COP28, em Dubai, nos Emirados \u00c1rabes Unidos, uma\u00a0posi\u00e7\u00e3o conjunta\u00a0de pa\u00edses que comp\u00f5em a Amaz\u00f4nia sul-americana a respeito das quest\u00f5es ambientais.<\/p>\n<p>O post <a rel=\"nofollow noopener\" href=\"https:\/\/wscom.com.br\/lula-e-presidente-da-colombia-se-reunem-para-discutir-amazonia\/\" target=\"_blank\">Lula e presidente da Col\u00f4mbia se re\u00fanem para discutir Amaz\u00f4nia<\/a> apareceu primeiro em <a rel=\"nofollow noopener\" href=\"https:\/\/wscom.com.br\/\" target=\"_blank\">WSCOM<\/a>.<\/p>\n","protected":false},"excerpt":{"rendered":"<p>\u00a0 \u00a0 O presidente Luiz In\u00e1cio Lula da Silva desembarca na cidade de Let\u00edcia, na Col\u00f4mbia, na manh\u00e3 deste s\u00e1bado (8), para participar da\u00a0Reuni\u00e3o T\u00e9cnico-Cient\u00edfica da Amaz\u00f4nia. O encontro foi organizado pelo governo da Col\u00f4mbia, do presidente Gustavo Petro. A cidade de Let\u00edcia faz divisa com Tabatinga, no extremo oeste do Amazonas, na regi\u00e3o da [\u2026]<\/p>\n<p>O post <a rel=\"nofollow\" href=\"https:\/\/wscom.com.br\/lula-e-presidente-da-colombia-se-reunem-para-discutir-amazonia\/\">Lula e presidente da Col\u00f4mbia se re\u00fanem para discutir Amaz\u00f4nia<\/a> apareceu primeiro em <a rel=\"nofollow\" href=\"https:\/\/wscom.com.br\/\">WSCOM<\/a>.<\/p>\n","protected":false},"author":42,"featured_media":0,"comment_status":"closed","ping_status":"closed","sticky":false,"template":"","format":"standard","meta":{"advgb_blocks_editor_width":"","advgb_blocks_columns_visual_guide":"","footnotes":""},"categories":[644,60,4809,6036,34,6037,110],"tags":[35],"class_list":["post-24625","post","type-post","status-publish","format-standard","hentry","category-amazonia","category-brasil-mundo","category-colombia","category-cupula-da-amazonia","category-g1","category-gustavo-petro","category-lula","tag-g1"],"author_meta":{"display_name":"Rafael Andrade","author_link":"https:\/\/sindaopcpb.org.br\/author\/rafael-andrade\/"},"featured_img":null,"coauthors":[],"tax_additional":{"categories":{"linked":["<a href=\"https:\/\/sindaopcpb.org.br\/amazonia\/\" class=\"advgb-post-tax-term\">Amaz\u00f4nia<\/a>","<a href=\"https:\/\/sindaopcpb.org.br\/brasil-mundo\/\" class=\"advgb-post-tax-term\">Brasil \/ Mundo<\/a>","<a href=\"https:\/\/sindaopcpb.org.br\/colombia\/\" class=\"advgb-post-tax-term\">Col\u00f4mbia<\/a>","<a href=\"https:\/\/sindaopcpb.org.br\/cupula-da-amazonia\/\" class=\"advgb-post-tax-term\">C\u00fapula da Amaz\u00f4nia<\/a>","<a href=\"https:\/\/sindaopcpb.org.br\/g1\/\" class=\"advgb-post-tax-term\">G1<\/a>","<a href=\"https:\/\/sindaopcpb.org.br\/gustavo-petro\/\" class=\"advgb-post-tax-term\">Gustavo Petro<\/a>","<a href=\"https:\/\/sindaopcpb.org.br\/lula\/\" class=\"advgb-post-tax-term\">Lula<\/a>"],"unlinked":["<span class=\"advgb-post-tax-term\">Amaz\u00f4nia<\/span>","<span class=\"advgb-post-tax-term\">Brasil \/ Mundo<\/span>","<span class=\"advgb-post-tax-term\">Col\u00f4mbia<\/span>","<span class=\"advgb-post-tax-term\">C\u00fapula da Amaz\u00f4nia<\/span>","<span class=\"advgb-post-tax-term\">G1<\/span>","<span class=\"advgb-post-tax-term\">Gustavo Petro<\/span>","<span class=\"advgb-post-tax-term\">Lula<\/span>"]},"tags":{"linked":["<a href=\"https:\/\/sindaopcpb.org.br\/lula\/\" class=\"advgb-post-tax-term\">g1<\/a>"],"unlinked":["<span class=\"advgb-post-tax-term\">g1<\/span>"]}},"comment_count":"0","relative_dates":{"created":"Publicado 3 anos atr\u00e1s","modified":"Atualizado 3 anos atr\u00e1s"},"absolute_dates":{"created":"Publicado em 8 de julho de 2023","modified":"Atualizado em 8 de julho de 2023"},"absolute_dates_time":{"created":"Publicado em 8 de julho de 2023 10:39","modified":"Atualizado em 8 de julho de 2023 10:39"},"featured_img_caption":"","series_order":"","_links":{"self":[{"href":"https:\/\/sindaopcpb.org.br\/index.php\/wp-json\/wp\/v2\/posts\/24625","targetHints":{"allow":["GET"]}}],"collection":[{"href":"https:\/\/sindaopcpb.org.br\/index.php\/wp-json\/wp\/v2\/posts"}],"about":[{"href":"https:\/\/sindaopcpb.org.br\/index.php\/wp-json\/wp\/v2\/types\/post"}],"author":[{"embeddable":true,"href":"https:\/\/sindaopcpb.org.br\/index.php\/wp-json\/wp\/v2\/users\/42"}],"replies":[{"embeddable":true,"href":"https:\/\/sindaopcpb.org.br\/index.php\/wp-json\/wp\/v2\/comments?post=24625"}],"version-history":[{"count":1,"href":"https:\/\/sindaopcpb.org.br\/index.php\/wp-json\/wp\/v2\/posts\/24625\/revisions"}],"predecessor-version":[{"id":24626,"href":"https:\/\/sindaopcpb.org.br\/index.php\/wp-json\/wp\/v2\/posts\/24625\/revisions\/24626"}],"wp:attachment":[{"href":"https:\/\/sindaopcpb.org.br\/index.php\/wp-json\/wp\/v2\/media?parent=24625"}],"wp:term":[{"taxonomy":"category","embeddable":true,"href":"https:\/\/sindaopcpb.org.br\/index.php\/wp-json\/wp\/v2\/categories?post=24625"},{"taxonomy":"post_tag","embeddable":true,"href":"https:\/\/sindaopcpb.org.br\/index.php\/wp-json\/wp\/v2\/tags?post=24625"}],"curies":[{"name":"wp","href":"https:\/\/api.w.org\/{rel}","templated":true}]}}