{"id":24388,"date":"2023-07-06T08:45:46","date_gmt":"2023-07-06T11:45:46","guid":{"rendered":"https:\/\/g1.globo.com\/pe\/pernambuco\/noticia\/2023\/07\/06\/duas-criancas-sao-baleadas-na-porta-de-casa-em-igarassu-uma-morre-e-outra-e-internada.ghtml"},"modified":"2023-07-06T08:45:46","modified_gmt":"2023-07-06T11:45:46","slug":"duas-criancas-sao-baleadas-na-porta-de-casa-em-igarassu-uma-morre-e-outra-e-internada","status":"publish","type":"post","link":"https:\/\/sindaopcpb.org.br\/index.php\/2023\/07\/06\/duas-criancas-sao-baleadas-na-porta-de-casa-em-igarassu-uma-morre-e-outra-e-internada\/","title":{"rendered":"Duas crian\u00e7as s\u00e3o baleadas na porta de casa em Igarassu; uma morre e outra \u00e9 internada"},"content":{"rendered":"   <img src=\"https:\/\/s2.glbimg.com\/-9-Go0gvSWA__Lz_BO2Rd2O_2Mw=\/i.s3.glbimg.com\/v1\/AUTH_59edd422c0c84a879bd37670ae4f538a\/internal_photos\/bs\/2023\/O\/b\/JA4sV9QzyLcl4dHXoPvQ\/menina.jpeg\" \/><br \/>     V\u00edtimas, de 8 e 9 anos, foram atingidas por tiros disparados por um criminoso na Rua Olinda, no bairro de Bela Vista. Pol\u00edcia Civil investiga o caso. Maria Vit\u00f3ria Dantas Rodrigues, de 8 anos, morreu v\u00edtima de bala perdida em Igarassu\nReprodu\u00e7\u00e3o\/WhatsApp\nUma menina de 8 anos morreu baleada em Igarassu, no Grande Recife. Maria Vit\u00f3ria Dantas Rodrigues estava em casa quando um criminoso chegou ao local e efetuou v\u00e1rios disparos de arma de fogo, na noite da quarta (5). Outra crian\u00e7a, de 9 anos, tamb\u00e9m foi atingida pelos tiros.\nO homic\u00eddio foi registrado pela Pol\u00edcia Civil. De acordo com familiares das v\u00edtimas, as crian\u00e7as estavam jantando com a m\u00e3e quando ouviram algu\u00e9m chamar pelo nome do vizinho e foram at\u00e9 a porta para ver quem era. Nesse momento, o criminoso atirou. \n\ud83d\udcf2 Compartilhe no WhatsApp\nO Servi\u00e7o de Atendimento M\u00f3vel de Urg\u00eancia (Samu) de Igarassu foi acionado, por volta das 20h30, para prestar socorro na Rua Olinda, no bairro de Bela Vista.\nMaria Vit\u00f3ria Dantas Rodrigues foi transferida para o Hospital da Restaura\u00e7\u00e3o, no bairro do Derby, na \u00e1rea central do Recife, mas n\u00e3o resistiu aos ferimentos. \nO aposentado Rosabio Correia, pai de Maria Vit\u00f3ria, disse que s\u00f3 lembra da correria quando a filha foi atingida. A menina morava com a m\u00e3e na cidade de Caapor\u00e3 (PB) e veio passar alguns dias na casa do pai, em Igarassu, com o irm\u00e3o mais velho. Ela ia voltar para a Para\u00edba no fim de semana.\n\"Foi uma agonia, eu gritando dentro de casa. \u00c9 muito triste, meu Deus do c\u00e9u. Ontem, minha filha estava numa alegria comigo, mas hoje j\u00e1 vai para debaixo da terra, meu Jesus\", disse.\nA crian\u00e7a de 9 anos, que n\u00e3o teve o nome divulgado, foi levada para uma unidade de sa\u00fade em Igarassu. Ela foi atingida de rasp\u00e3o, mas j\u00e1 teve alta.\nHospital da Restaura\u00e7\u00e3o fica na \u00e1rea central do Recife\nReprodu\u00e7\u00e3o\/TV Globo\nRelembre outros casos\nVictor Luan da Silva, de 9 anos, morreu v\u00edtima de bala perdida em S\u00e3o Jos\u00e9 da Coroa Grande, no Litoral Sul do estado, em 12 de junho. Al\u00e9m dele, um homem de 23 anos tamb\u00e9m foi baleado e faleceu no local. A crian\u00e7a tinha ido \u00e0 casa da av\u00f3 buscar a\u00e7\u00facar e foi socorrida por vizinhos, mas chegou sem vida ao hospital. \nLEIA TAMB\u00c9M:\n'N\u00e3o estou acreditando que perdi meu menino', diz m\u00e3e de v\u00edtima de bala perdida\nCrian\u00e7a de 1 ano e mulher morrem ap\u00f3s tiroteio no Recife\nDuas crian\u00e7as e idosa s\u00e3o atingidas por balas perdidas no terra\u00e7o de casa\nNo dia 2 de junho, a beb\u00ea Ariele Lav\u00ednia, de 1 ano e 2 meses, foi baleada em um tiroteio na Comunidade do Bode, na Zona Sul do Recife. Uma mulher de 47 anos tamb\u00e9m foi atingida e faleceu no local. Outras tr\u00eas pessoas ficaram feridas. As v\u00edtimas estavam perto de uma venda de espetinhos quando quatro homens encapuzados chegaram e atiraram.\nParticipe da comunidade do g1 PE no WhatsApp e receba no celular as not\u00edcias do estado\nV\u00cdDEOS: mais vistos de Pernambuco nos \u00faltimos 7 dias  ","protected":false},"excerpt":{"rendered":"<p>        V\u00edtimas, de 8 e 9 anos, foram atingidas por tiros disparados por um criminoso na Rua Olinda, no bairro de Bela Vista. Pol\u00edcia Civil investiga o caso. Maria Vit\u00f3ria Dantas Rodrigues, de 8 anos, morreu v\u00edtima de bala perdida em Igarassu<br \/>\nReprodu\u00e7\u00e3&#8230;<\/p>\n","protected":false},"author":2,"featured_media":0,"comment_status":"closed","ping_status":"closed","sticky":false,"template":"","format":"standard","meta":{"advgb_blocks_editor_width":"","advgb_blocks_columns_visual_guide":"","footnotes":""},"categories":[34],"tags":[35],"class_list":["post-24388","post","type-post","status-publish","format-standard","hentry","category-g1","tag-g1"],"author_meta":{"display_name":"g1 &gt; Para\u00edba","author_link":"https:\/\/sindaopcpb.org.br\/author\/g1-paraiba\/"},"featured_img":null,"coauthors":[],"tax_additional":{"categories":{"linked":["<a href=\"https:\/\/sindaopcpb.org.br\/g1\/\" class=\"advgb-post-tax-term\">G1<\/a>"],"unlinked":["<span class=\"advgb-post-tax-term\">G1<\/span>"]},"tags":{"linked":["<a href=\"https:\/\/sindaopcpb.org.br\/g1\/\" class=\"advgb-post-tax-term\">g1<\/a>"],"unlinked":["<span class=\"advgb-post-tax-term\">g1<\/span>"]}},"comment_count":"0","relative_dates":{"created":"Publicado 3 anos atr\u00e1s","modified":"Atualizado 3 anos atr\u00e1s"},"absolute_dates":{"created":"Publicado em 6 de julho de 2023","modified":"Atualizado em 6 de julho de 2023"},"absolute_dates_time":{"created":"Publicado em 6 de julho de 2023 08:45","modified":"Atualizado em 6 de julho de 2023 08:45"},"featured_img_caption":"","series_order":"","_links":{"self":[{"href":"https:\/\/sindaopcpb.org.br\/index.php\/wp-json\/wp\/v2\/posts\/24388","targetHints":{"allow":["GET"]}}],"collection":[{"href":"https:\/\/sindaopcpb.org.br\/index.php\/wp-json\/wp\/v2\/posts"}],"about":[{"href":"https:\/\/sindaopcpb.org.br\/index.php\/wp-json\/wp\/v2\/types\/post"}],"author":[{"embeddable":true,"href":"https:\/\/sindaopcpb.org.br\/index.php\/wp-json\/wp\/v2\/users\/2"}],"replies":[{"embeddable":true,"href":"https:\/\/sindaopcpb.org.br\/index.php\/wp-json\/wp\/v2\/comments?post=24388"}],"version-history":[{"count":3,"href":"https:\/\/sindaopcpb.org.br\/index.php\/wp-json\/wp\/v2\/posts\/24388\/revisions"}],"predecessor-version":[{"id":24416,"href":"https:\/\/sindaopcpb.org.br\/index.php\/wp-json\/wp\/v2\/posts\/24388\/revisions\/24416"}],"wp:attachment":[{"href":"https:\/\/sindaopcpb.org.br\/index.php\/wp-json\/wp\/v2\/media?parent=24388"}],"wp:term":[{"taxonomy":"category","embeddable":true,"href":"https:\/\/sindaopcpb.org.br\/index.php\/wp-json\/wp\/v2\/categories?post=24388"},{"taxonomy":"post_tag","embeddable":true,"href":"https:\/\/sindaopcpb.org.br\/index.php\/wp-json\/wp\/v2\/tags?post=24388"}],"curies":[{"name":"wp","href":"https:\/\/api.w.org\/{rel}","templated":true}]}}