{"id":24361,"date":"2023-07-06T15:05:29","date_gmt":"2023-07-06T18:05:29","guid":{"rendered":"https:\/\/wpa.wscom.com.br\/?p=910267"},"modified":"2023-07-06T15:05:29","modified_gmt":"2023-07-06T18:05:29","slug":"uepb-lanca-edital-de-concurso-publico-para-funcoes-tecnicas-administrativas-nos-niveis-medio-e-superior","status":"publish","type":"post","link":"https:\/\/sindaopcpb.org.br\/index.php\/2023\/07\/06\/uepb-lanca-edital-de-concurso-publico-para-funcoes-tecnicas-administrativas-nos-niveis-medio-e-superior\/","title":{"rendered":"UEPB lan\u00e7a edital de concurso p\u00fablico para fun\u00e7\u00f5es t\u00e9cnicas-administrativas nos n\u00edveis M\u00e9dio e Superior"},"content":{"rendered":"<p>&nbsp;<\/p>\n<p>&nbsp;<\/p>\n<p>A Comiss\u00e3o Permanente de Concursos (Cpcon) da Universidade Estadual da Para\u00edba (UEPB) publicou, nesta quinta-feira (6), o edital de concurso p\u00fablico para o preenchimento de vagas de cargos e fun\u00e7\u00f5es t\u00e9cnicas administrativas nos diversos C\u00e2mpus da Institui\u00e7\u00e3o. S\u00e3o oferecidas 21 vagas no total, sendo 14 para o n\u00edvel M\u00e9dio\/T\u00e9cnico e sete para o Superior.\u00a0<strong>As inscri\u00e7\u00f5es estar\u00e3o abertas de 10 de julho a 13 de agosto<\/strong>, no endere\u00e7o\u00a0<a href=\"https:\/\/cpcon.uepb.edu.br\/\" rel=\"noopener nofollow\" target=\"_blank\"><strong>https:\/\/cpcon.uepb.edu.br<\/strong><\/a>.<\/p>\n<p>As vagas para n\u00edvel M\u00e9dio\/T\u00e9cnico est\u00e3o distribu\u00eddas entre os c\u00e2mpus I, VII e VIII, nos munic\u00edpios de Campina Grande, Patos e Araruna, respectivamente. Os cargos de n\u00edvel Superior s\u00e3o para vagas no C\u00e2mpus de Campina Grande. O concurso ser\u00e1 realizado em duas fases, sendo a primeira com prova escrita objetiva, de car\u00e1ter eliminat\u00f3rio e classificat\u00f3rio, para todos os cargos.<\/p>\n<p>Na segunda fase, haver\u00e1 prova pr\u00e1tica, de car\u00e1ter eliminat\u00f3rio e classificat\u00f3rio, para os seguintes cargos: Analista de Sistemas \u2013 Banco de Dados; Analista de Sistemas \u2013 Desenvolvimento de Sites e Sistemas; Analista de Sistemas \u2013 Redes; Farmac\u00eautico Industrial; T\u00e9cnico em Inform\u00e1tica \u2013 Instala\u00e7\u00e3o e Manuten\u00e7\u00e3o; e T\u00e9cnico em Inform\u00e1tica \u2013 Programador. Haver\u00e1 ainda avalia\u00e7\u00e3o de t\u00edtulos, de car\u00e1ter classificat\u00f3rio, para os cargos de Advogado e Farmac\u00eautico.<\/p>\n<p>O edital est\u00e1 sendo lan\u00e7ado em aten\u00e7\u00e3o \u00e0 necessidade de reposi\u00e7\u00e3o do quadro de servidores t\u00e9cnicos administrativos e foi aprovado em reuni\u00e3o do Conselho Universit\u00e1rio (Consuni) no m\u00eas de junho. Edital e demais documentos associados ao concurso podem ser\u00a0<a href=\"https:\/\/cpcon.uepb.edu.br\/concurso-publico-da-universidade-estadual-da-paraiba\" rel=\"noopener nofollow\" target=\"_blank\"><strong>conferidos aqui<\/strong><\/a>.<\/p>\n<p>O post <a rel=\"nofollow noopener\" href=\"https:\/\/wscom.com.br\/uepb-lanca-edital-de-concurso-publico-para-funcoes-tecnicas-administrativas-nos-niveis-medio-e-superior\/\" target=\"_blank\">UEPB lan\u00e7a edital de concurso p\u00fablico para fun\u00e7\u00f5es t\u00e9cnicas-administrativas nos n\u00edveis M\u00e9dio e Superior<\/a> apareceu primeiro em <a rel=\"nofollow noopener\" href=\"https:\/\/wscom.com.br\/\" target=\"_blank\">WSCOM<\/a>.<\/p>\n","protected":false},"excerpt":{"rendered":"<p>\u00a0 \u00a0 A Comiss\u00e3o Permanente de Concursos (Cpcon) da Universidade Estadual da Para\u00edba (UEPB) publicou, nesta quinta-feira (6), o edital de concurso p\u00fablico para o preenchimento de vagas de cargos e fun\u00e7\u00f5es t\u00e9cnicas administrativas nos diversos C\u00e2mpus da Institui\u00e7\u00e3o. S\u00e3o oferecidas 21 vagas no total, sendo 14 para o n\u00edvel M\u00e9dio\/T\u00e9cnico e sete para o [\u2026]<\/p>\n<p>O post <a rel=\"nofollow\" href=\"https:\/\/wscom.com.br\/uepb-lanca-edital-de-concurso-publico-para-funcoes-tecnicas-administrativas-nos-niveis-medio-e-superior\/\">UEPB lan\u00e7a edital de concurso p\u00fablico para fun\u00e7\u00f5es t\u00e9cnicas-administrativas nos n\u00edveis M\u00e9dio e Superior<\/a> apareceu primeiro em <a rel=\"nofollow\" href=\"https:\/\/wscom.com.br\/\">WSCOM<\/a>.<\/p>\n","protected":false},"author":42,"featured_media":0,"comment_status":"closed","ping_status":"closed","sticky":false,"template":"","format":"standard","meta":{"advgb_blocks_editor_width":"","advgb_blocks_columns_visual_guide":"","footnotes":""},"categories":[5929,1167,229,34,5930,5931,5932,3138,252],"tags":[45,35],"class_list":["post-24361","post","type-post","status-publish","format-standard","hentry","category-cargos","category-concurso-publico","category-educacao","category-g1","category-nivel-medio","category-nivel-tecnico","category-tecnicas-administrativas","category-uepb","category-vagas","tag-edital","tag-g1"],"author_meta":{"display_name":"Rafael Andrade","author_link":"https:\/\/sindaopcpb.org.br\/author\/rafael-andrade\/"},"featured_img":null,"coauthors":[],"tax_additional":{"categories":{"linked":["<a href=\"https:\/\/sindaopcpb.org.br\/cargos\/\" class=\"advgb-post-tax-term\">cargos<\/a>","<a href=\"https:\/\/sindaopcpb.org.br\/concurso-publico\/\" class=\"advgb-post-tax-term\">Concurso P\u00fablico<\/a>","<a href=\"https:\/\/sindaopcpb.org.br\/educacao\/\" class=\"advgb-post-tax-term\">Educa\u00e7\u00e3o<\/a>","<a href=\"https:\/\/sindaopcpb.org.br\/g1\/\" class=\"advgb-post-tax-term\">G1<\/a>","<a href=\"https:\/\/sindaopcpb.org.br\/nivel-medio\/\" class=\"advgb-post-tax-term\">n\u00edvel m\u00e9dio<\/a>","<a href=\"https:\/\/sindaopcpb.org.br\/nivel-tecnico\/\" class=\"advgb-post-tax-term\">N\u00edvel T\u00e9cnico<\/a>","<a href=\"https:\/\/sindaopcpb.org.br\/tecnicas-administrativas\/\" class=\"advgb-post-tax-term\">t\u00e9cnicas-administrativas<\/a>","<a href=\"https:\/\/sindaopcpb.org.br\/uepb\/\" class=\"advgb-post-tax-term\">uepb<\/a>","<a href=\"https:\/\/sindaopcpb.org.br\/vagas\/\" class=\"advgb-post-tax-term\">vagas<\/a>"],"unlinked":["<span class=\"advgb-post-tax-term\">cargos<\/span>","<span class=\"advgb-post-tax-term\">Concurso P\u00fablico<\/span>","<span class=\"advgb-post-tax-term\">Educa\u00e7\u00e3o<\/span>","<span class=\"advgb-post-tax-term\">G1<\/span>","<span class=\"advgb-post-tax-term\">n\u00edvel m\u00e9dio<\/span>","<span class=\"advgb-post-tax-term\">N\u00edvel T\u00e9cnico<\/span>","<span class=\"advgb-post-tax-term\">t\u00e9cnicas-administrativas<\/span>","<span class=\"advgb-post-tax-term\">uepb<\/span>","<span class=\"advgb-post-tax-term\">vagas<\/span>"]},"tags":{"linked":["<a href=\"https:\/\/sindaopcpb.org.br\/vagas\/\" class=\"advgb-post-tax-term\">edital<\/a>","<a href=\"https:\/\/sindaopcpb.org.br\/vagas\/\" class=\"advgb-post-tax-term\">g1<\/a>"],"unlinked":["<span class=\"advgb-post-tax-term\">edital<\/span>","<span class=\"advgb-post-tax-term\">g1<\/span>"]}},"comment_count":"0","relative_dates":{"created":"Publicado 3 anos atr\u00e1s","modified":"Atualizado 3 anos atr\u00e1s"},"absolute_dates":{"created":"Publicado em 6 de julho de 2023","modified":"Atualizado em 6 de julho de 2023"},"absolute_dates_time":{"created":"Publicado em 6 de julho de 2023 15:05","modified":"Atualizado em 6 de julho de 2023 15:05"},"featured_img_caption":"","series_order":"","_links":{"self":[{"href":"https:\/\/sindaopcpb.org.br\/index.php\/wp-json\/wp\/v2\/posts\/24361","targetHints":{"allow":["GET"]}}],"collection":[{"href":"https:\/\/sindaopcpb.org.br\/index.php\/wp-json\/wp\/v2\/posts"}],"about":[{"href":"https:\/\/sindaopcpb.org.br\/index.php\/wp-json\/wp\/v2\/types\/post"}],"author":[{"embeddable":true,"href":"https:\/\/sindaopcpb.org.br\/index.php\/wp-json\/wp\/v2\/users\/42"}],"replies":[{"embeddable":true,"href":"https:\/\/sindaopcpb.org.br\/index.php\/wp-json\/wp\/v2\/comments?post=24361"}],"version-history":[{"count":1,"href":"https:\/\/sindaopcpb.org.br\/index.php\/wp-json\/wp\/v2\/posts\/24361\/revisions"}],"predecessor-version":[{"id":24362,"href":"https:\/\/sindaopcpb.org.br\/index.php\/wp-json\/wp\/v2\/posts\/24361\/revisions\/24362"}],"wp:attachment":[{"href":"https:\/\/sindaopcpb.org.br\/index.php\/wp-json\/wp\/v2\/media?parent=24361"}],"wp:term":[{"taxonomy":"category","embeddable":true,"href":"https:\/\/sindaopcpb.org.br\/index.php\/wp-json\/wp\/v2\/categories?post=24361"},{"taxonomy":"post_tag","embeddable":true,"href":"https:\/\/sindaopcpb.org.br\/index.php\/wp-json\/wp\/v2\/tags?post=24361"}],"curies":[{"name":"wp","href":"https:\/\/api.w.org\/{rel}","templated":true}]}}