{"id":24359,"date":"2023-07-06T15:34:46","date_gmt":"2023-07-06T18:34:46","guid":{"rendered":"https:\/\/wpa.wscom.com.br\/?p=910272"},"modified":"2023-07-06T15:34:46","modified_gmt":"2023-07-06T18:34:46","slug":"apos-pressao-municipio-de-lucena-deixa-de-permitir-abate-de-animais-encontrados-em-vias-publicas","status":"publish","type":"post","link":"https:\/\/sindaopcpb.org.br\/index.php\/2023\/07\/06\/apos-pressao-municipio-de-lucena-deixa-de-permitir-abate-de-animais-encontrados-em-vias-publicas\/","title":{"rendered":"Ap\u00f3s press\u00e3o, munic\u00edpio de Lucena deixa de permitir abate de animais encontrados em vias p\u00fablicas"},"content":{"rendered":"<p>&nbsp;<\/p>\n<p>&nbsp;<\/p>\n<p>O prefeito de Lucena, L\u00e9o Bandeira, voltou atr\u00e1s e publicou um novo decreto retirando a possibilidade de abater animais de m\u00e9dio porte (su\u00ednos, caprinos e ovinos) e grande porte (bovinos e equinos), que forem encontrados nas vias p\u00fablicas e n\u00e3o forem resgatados pelos propriet\u00e1rios em um prazo de 10 dias. O gestor foi alvo de cr\u00edticas de \u00f3rg\u00e3os de prote\u00e7\u00e3o animal que ap\u00f3s publicar no \u00faltimo s\u00e1bado (1\u00ba) a lei que autorizava o abate.<\/p>\n<p>De acordo com o novo decreto, o prazo para recolhimento dos animais foi mantido. Ap\u00f3s esse per\u00edodo, haver\u00e1 leil\u00e3o e caso o animal n\u00e3o seja comprado, ser\u00e1 doado a institui\u00e7\u00f5es entidades protetoras e santu\u00e1rios de animais. No texto anterior, o animal passaria por an\u00e1lise veterin\u00e1ria de condi\u00e7\u00f5es de consumo e seria abatido para que sua carne fosse distribu\u00edda de forma gratuita para o consumo humano em escolas municipais e tamb\u00e9m entidades filantr\u00f3picas conveniadas do munic\u00edpio.<\/p>\n<p>&#8220;J\u00e1 havia um abaixo-assinado com 1,8 mil assinaturas de moradores pedindo para prefeitura intervir por causa dos acidentes. Mas para evitar pol\u00eamica, vamos ajustar o trecho do decreto e fazer a doa\u00e7\u00e3o para essas entidades\u201d, afirmou L\u00e9o Bandeira.<\/p>\n<p>Um dos \u00f3rg\u00e3os que atuou contra a medida pol\u00eamica da prefeitura foi a Promotoria de Justi\u00e7a de Cabedelo, que recomendou a revoga\u00e7\u00e3o do decreto por afrontar a Constitui\u00e7\u00e3o Federal, a qual \u201cimp\u00f5e ao poder p\u00fablico o dever de prote\u00e7\u00e3o da fauna e da flora e pro\u00edbe pr\u00e1ticas que submetam os animais \u00e0 crueldade\u201d.<\/p>\n<p>O post <a rel=\"nofollow noopener\" href=\"https:\/\/wscom.com.br\/apos-pressao-municipio-de-lucena-deixa-de-permitir-abate-de-animais-encontrados-em-vias-publicas\/\" target=\"_blank\">Ap\u00f3s press\u00e3o, munic\u00edpio de Lucena deixa de permitir abate de animais encontrados em vias p\u00fablicas<\/a> apareceu primeiro em <a rel=\"nofollow noopener\" href=\"https:\/\/wscom.com.br\/\" target=\"_blank\">WSCOM<\/a>.<\/p>\n","protected":false},"excerpt":{"rendered":"<p>\u00a0 \u00a0 O prefeito de Lucena, L\u00e9o Bandeira, voltou atr\u00e1s e publicou um novo decreto retirando a possibilidade de abater animais de m\u00e9dio porte (su\u00ednos, caprinos e ovinos) e grande porte (bovinos e equinos), que forem encontrados nas vias p\u00fablicas e n\u00e3o forem resgatados pelos propriet\u00e1rios em um prazo de 10 dias. O gestor foi [\u2026]<\/p>\n<p>O post <a rel=\"nofollow\" href=\"https:\/\/wscom.com.br\/apos-pressao-municipio-de-lucena-deixa-de-permitir-abate-de-animais-encontrados-em-vias-publicas\/\">Ap\u00f3s press\u00e3o, munic\u00edpio de Lucena deixa de permitir abate de animais encontrados em vias p\u00fablicas<\/a> apareceu primeiro em <a rel=\"nofollow\" href=\"https:\/\/wscom.com.br\/\">WSCOM<\/a>.<\/p>\n","protected":false},"author":42,"featured_media":0,"comment_status":"closed","ping_status":"closed","sticky":false,"template":"","format":"standard","meta":{"advgb_blocks_editor_width":"","advgb_blocks_columns_visual_guide":"","footnotes":""},"categories":[2948,998,34,5928,3235,54],"tags":[35],"class_list":["post-24359","post","type-post","status-publish","format-standard","hentry","category-animais","category-decreto","category-g1","category-leo-bandeira","category-lucena","category-paraiba","tag-g1"],"author_meta":{"display_name":"Rafael Andrade","author_link":"https:\/\/sindaopcpb.org.br\/author\/rafael-andrade\/"},"featured_img":null,"coauthors":[],"tax_additional":{"categories":{"linked":["<a href=\"https:\/\/sindaopcpb.org.br\/animais\/\" class=\"advgb-post-tax-term\">animais<\/a>","<a href=\"https:\/\/sindaopcpb.org.br\/decreto\/\" class=\"advgb-post-tax-term\">Decreto<\/a>","<a href=\"https:\/\/sindaopcpb.org.br\/g1\/\" class=\"advgb-post-tax-term\">G1<\/a>","<a href=\"https:\/\/sindaopcpb.org.br\/leo-bandeira\/\" class=\"advgb-post-tax-term\">L\u00e9o Bandeira<\/a>","<a href=\"https:\/\/sindaopcpb.org.br\/lucena\/\" class=\"advgb-post-tax-term\">Lucena<\/a>","<a href=\"https:\/\/sindaopcpb.org.br\/paraiba\/\" class=\"advgb-post-tax-term\">Para\u00edba<\/a>"],"unlinked":["<span class=\"advgb-post-tax-term\">animais<\/span>","<span class=\"advgb-post-tax-term\">Decreto<\/span>","<span class=\"advgb-post-tax-term\">G1<\/span>","<span class=\"advgb-post-tax-term\">L\u00e9o Bandeira<\/span>","<span class=\"advgb-post-tax-term\">Lucena<\/span>","<span class=\"advgb-post-tax-term\">Para\u00edba<\/span>"]},"tags":{"linked":["<a href=\"https:\/\/sindaopcpb.org.br\/paraiba\/\" class=\"advgb-post-tax-term\">g1<\/a>"],"unlinked":["<span class=\"advgb-post-tax-term\">g1<\/span>"]}},"comment_count":"0","relative_dates":{"created":"Publicado 3 anos atr\u00e1s","modified":"Atualizado 3 anos atr\u00e1s"},"absolute_dates":{"created":"Publicado em 6 de julho de 2023","modified":"Atualizado em 6 de julho de 2023"},"absolute_dates_time":{"created":"Publicado em 6 de julho de 2023 15:34","modified":"Atualizado em 6 de julho de 2023 15:34"},"featured_img_caption":"","series_order":"","_links":{"self":[{"href":"https:\/\/sindaopcpb.org.br\/index.php\/wp-json\/wp\/v2\/posts\/24359","targetHints":{"allow":["GET"]}}],"collection":[{"href":"https:\/\/sindaopcpb.org.br\/index.php\/wp-json\/wp\/v2\/posts"}],"about":[{"href":"https:\/\/sindaopcpb.org.br\/index.php\/wp-json\/wp\/v2\/types\/post"}],"author":[{"embeddable":true,"href":"https:\/\/sindaopcpb.org.br\/index.php\/wp-json\/wp\/v2\/users\/42"}],"replies":[{"embeddable":true,"href":"https:\/\/sindaopcpb.org.br\/index.php\/wp-json\/wp\/v2\/comments?post=24359"}],"version-history":[{"count":1,"href":"https:\/\/sindaopcpb.org.br\/index.php\/wp-json\/wp\/v2\/posts\/24359\/revisions"}],"predecessor-version":[{"id":24360,"href":"https:\/\/sindaopcpb.org.br\/index.php\/wp-json\/wp\/v2\/posts\/24359\/revisions\/24360"}],"wp:attachment":[{"href":"https:\/\/sindaopcpb.org.br\/index.php\/wp-json\/wp\/v2\/media?parent=24359"}],"wp:term":[{"taxonomy":"category","embeddable":true,"href":"https:\/\/sindaopcpb.org.br\/index.php\/wp-json\/wp\/v2\/categories?post=24359"},{"taxonomy":"post_tag","embeddable":true,"href":"https:\/\/sindaopcpb.org.br\/index.php\/wp-json\/wp\/v2\/tags?post=24359"}],"curies":[{"name":"wp","href":"https:\/\/api.w.org\/{rel}","templated":true}]}}