{"id":24351,"date":"2023-07-06T14:31:29","date_gmt":"2023-07-06T17:31:29","guid":{"rendered":"https:\/\/g1.globo.com\/pb\/paraiba\/noticia\/2023\/07\/06\/municipio-de-lucena-na-pb-altera-decreto-que-permitia-abate-de-animais-abandonados-em-vias-publicas.ghtml"},"modified":"2023-07-06T14:31:29","modified_gmt":"2023-07-06T17:31:29","slug":"municipio-de-lucena-na-pb-altera-decreto-que-permitia-abate-de-animais-abandonados-em-vias-publicas","status":"publish","type":"post","link":"https:\/\/sindaopcpb.org.br\/index.php\/2023\/07\/06\/municipio-de-lucena-na-pb-altera-decreto-que-permitia-abate-de-animais-abandonados-em-vias-publicas\/","title":{"rendered":"Munic\u00edpio de Lucena, na PB, altera decreto que permitia abate de animais abandonados em vias p\u00fablicas"},"content":{"rendered":"   <img src=\"https:\/\/s2.glbimg.com\/EC5xZUqE1Cs6jU1dDb81Vjv0siw=\/i.s3.glbimg.com\/v1\/AUTH_59edd422c0c84a879bd37670ae4f538a\/internal_photos\/bs\/2022\/M\/O\/HT1hpASVWrTyxLZSSmOQ\/emerson-jose-meneguetti-foto-4.jpg\" \/><br \/>     Ap\u00f3s institui\u00e7\u00f5es protetoras de animais condenarem a iniciativa e MP pedir revoga\u00e7\u00e3o, animais ser\u00e3o doados para entidades protetoras. \nDivulga\u00e7\u00e3o\nO prefeito de Lucena, L\u00e9o Bandeira, publicou um novo decreto alterando a Lei publicada no \u00faltimo s\u00e1bado (1\u00b0) e retirando a possibilidade de abater animais de m\u00e9dio porte (su\u00ednos, caprinos e ovinos) e grande porte (bovinos e equinos), que forem encontrados nas vias p\u00fablicas e n\u00e3o forem resgatados pelos propriet\u00e1rios.\nA Lei publicada no s\u00e1bado (1\u00ba) previa que animais de m\u00e9dio e grande porte encontrados nas vias p\u00fablicas da cidade e que n\u00e3o fossem resgatados pelos propriet\u00e1rios dentro de um prazo de 10 dias, passariam por um leil\u00e3o dos animais. Se n\u00e3o fossem comprados, os animais passariam por an\u00e1lise veterin\u00e1ria de condi\u00e7\u00f5es de consumo.\nO abate seria para distribuir a carne de forma gratuita para o consumo humano em escolas municipais e tamb\u00e9m entidades filantr\u00f3picas conveniadas do munic\u00edpio.\nAp\u00f3s publica\u00e7\u00e3o do decreto, institui\u00e7\u00f5es protetoras dos animais condenaram a iniciativa e, nesta quarta-feira (5), a Promotoria de Justi\u00e7a de Cabedelo recomendou que o decreto fosse revogado. \nDe acordo com o Minist\u00e9rio P\u00fablico, o decreto afronta a Constitui\u00e7\u00e3o Federal, a qual \u201cimp\u00f5e ao poder p\u00fablico o dever de prote\u00e7\u00e3o da fauna e da flora e pro\u00edbe pr\u00e1ticas que submetam os animais \u00e0 crueldade\u201d. \nO promotor Bergson Formiga Barros ressaltou tamb\u00e9m que, segundo a Lei dos Crimes Ambientais, os animais apreendidos devem ser reintegrados preferencialmente ao seu habitat natural ou entregues a institui\u00e7\u00f5es adequadas, como jardins zool\u00f3gicos e funda\u00e7\u00f5es.\nAgora, no novo texto, o prazo para o propriet\u00e1rio retirar o animal ser\u00e1 mantido, mas se o animal n\u00e3o for comprado em leil\u00e3o, ser\u00e1 doado para entidades protetoras e santu\u00e1rios de animais. \"J\u00e1 havia um abaixo-assinado com 1,8 mil assinaturas de moradores pedindo para prefeitura intervir por causa dos acidentes. Mas para evitar pol\u00eamica, vamos ajustar o trecho do decreto e fazer a doa\u00e7\u00e3o para essas entidades\u201d, afirmou o prefeito.\nV\u00eddeos mais assistidos do g1 Para\u00edba  ","protected":false},"excerpt":{"rendered":"<p>        Ap\u00f3s institui\u00e7\u00f5es protetoras de animais condenarem a iniciativa e MP pedir revoga\u00e7\u00e3o, animais ser\u00e3o doados para entidades protetoras.<br \/>\nDivulga\u00e7\u00e3o<br \/>\nO prefeito de Lucena, L\u00e9o Bandeira, publicou um novo decreto alterando a Lei publicada no \u00faltimo s&#8230;<\/p>\n","protected":false},"author":2,"featured_media":0,"comment_status":"closed","ping_status":"closed","sticky":false,"template":"","format":"standard","meta":{"advgb_blocks_editor_width":"","advgb_blocks_columns_visual_guide":"","footnotes":""},"categories":[34],"tags":[35],"class_list":["post-24351","post","type-post","status-publish","format-standard","hentry","category-g1","tag-g1"],"author_meta":{"display_name":"g1 &gt; Para\u00edba","author_link":"https:\/\/sindaopcpb.org.br\/author\/g1-paraiba\/"},"featured_img":null,"coauthors":[],"tax_additional":{"categories":{"linked":["<a href=\"https:\/\/sindaopcpb.org.br\/g1\/\" class=\"advgb-post-tax-term\">G1<\/a>"],"unlinked":["<span class=\"advgb-post-tax-term\">G1<\/span>"]},"tags":{"linked":["<a href=\"https:\/\/sindaopcpb.org.br\/g1\/\" class=\"advgb-post-tax-term\">g1<\/a>"],"unlinked":["<span class=\"advgb-post-tax-term\">g1<\/span>"]}},"comment_count":"0","relative_dates":{"created":"Publicado 3 anos atr\u00e1s","modified":"Atualizado 3 anos atr\u00e1s"},"absolute_dates":{"created":"Publicado em 6 de julho de 2023","modified":"Atualizado em 6 de julho de 2023"},"absolute_dates_time":{"created":"Publicado em 6 de julho de 2023 14:31","modified":"Atualizado em 6 de julho de 2023 14:31"},"featured_img_caption":"","series_order":"","_links":{"self":[{"href":"https:\/\/sindaopcpb.org.br\/index.php\/wp-json\/wp\/v2\/posts\/24351","targetHints":{"allow":["GET"]}}],"collection":[{"href":"https:\/\/sindaopcpb.org.br\/index.php\/wp-json\/wp\/v2\/posts"}],"about":[{"href":"https:\/\/sindaopcpb.org.br\/index.php\/wp-json\/wp\/v2\/types\/post"}],"author":[{"embeddable":true,"href":"https:\/\/sindaopcpb.org.br\/index.php\/wp-json\/wp\/v2\/users\/2"}],"replies":[{"embeddable":true,"href":"https:\/\/sindaopcpb.org.br\/index.php\/wp-json\/wp\/v2\/comments?post=24351"}],"version-history":[{"count":1,"href":"https:\/\/sindaopcpb.org.br\/index.php\/wp-json\/wp\/v2\/posts\/24351\/revisions"}],"predecessor-version":[{"id":24352,"href":"https:\/\/sindaopcpb.org.br\/index.php\/wp-json\/wp\/v2\/posts\/24351\/revisions\/24352"}],"wp:attachment":[{"href":"https:\/\/sindaopcpb.org.br\/index.php\/wp-json\/wp\/v2\/media?parent=24351"}],"wp:term":[{"taxonomy":"category","embeddable":true,"href":"https:\/\/sindaopcpb.org.br\/index.php\/wp-json\/wp\/v2\/categories?post=24351"},{"taxonomy":"post_tag","embeddable":true,"href":"https:\/\/sindaopcpb.org.br\/index.php\/wp-json\/wp\/v2\/tags?post=24351"}],"curies":[{"name":"wp","href":"https:\/\/api.w.org\/{rel}","templated":true}]}}