{"id":24345,"date":"2023-07-06T14:26:00","date_gmt":"2023-07-06T17:26:00","guid":{"rendered":"https:\/\/www.infomoney.com.br\/?p=2180720"},"modified":"2023-07-06T14:26:00","modified_gmt":"2023-07-06T17:26:00","slug":"alckmin-cita-dia-historico-com-reativacao-de-conselho-industrial-e-possivel-votacao-da-reforma-tributaria","status":"publish","type":"post","link":"https:\/\/sindaopcpb.org.br\/index.php\/2023\/07\/06\/alckmin-cita-dia-historico-com-reativacao-de-conselho-industrial-e-possivel-votacao-da-reforma-tributaria\/","title":{"rendered":"Alckmin cita dia hist\u00f3rico com reativa\u00e7\u00e3o de Conselho Industrial e poss\u00edvel vota\u00e7\u00e3o da reforma tribut\u00e1ria"},"content":{"rendered":"<p><img loading=\"lazy\" width=\"300\" height=\"225\" src=\"https:\/\/www.infomoney.com.br\/wp-content\/uploads\/2022\/11\/5.-08112022-pzzb1660.jpg?fit=300%2C225&amp;quality=70&amp;strip=all\" class=\"attachment-medium size-medium wp-post-image\" alt=\"\" decoding=\"async\" style=\"float:right; margin:0 0 10px 10px;\" srcset=\"https:\/\/www.infomoney.com.br\/wp-content\/uploads\/2022\/11\/5.-08112022-pzzb1660.jpg?w=1024&amp;quality=70&amp;strip=all 1024w, https:\/\/www.infomoney.com.br\/wp-content\/uploads\/2022\/11\/5.-08112022-pzzb1660.jpg?w=300&amp;quality=70&amp;strip=all 300w, https:\/\/www.infomoney.com.br\/wp-content\/uploads\/2022\/11\/5.-08112022-pzzb1660.jpg?w=768&amp;quality=70&amp;strip=all 768w, https:\/\/www.infomoney.com.br\/wp-content\/uploads\/2022\/11\/5.-08112022-pzzb1660.jpg?w=150&amp;quality=70&amp;strip=all 150w\" sizes=\"auto, (max-width: 300px) 100vw, 300px\" data-attachment-id=\"1987727\" data-permalink=\"https:\/\/www.infomoney.com.br\/politica\/alckmin-governo-lula-vai-fechar-contas-no-azul-e-reduzir-divida-mas-nao-em-24h\/attachment\/5-08112022-pzzb1660\/\" data-orig-file=\"https:\/\/www.infomoney.com.br\/wp-content\/uploads\/2022\/11\/5.-08112022-pzzb1660.jpg?fit=1024%2C768&amp;quality=70&amp;strip=all\" data-orig-size=\"1024,768\" data-comments-opened=\"0\" data-image-meta=\"{&quot;aperture&quot;:&quot;2.8&quot;,&quot;credit&quot;:&quot;Fabio Rodrigues-Pozzebom\\\/ Ag\\u00eancia Brasil&quot;,&quot;camera&quot;:&quot;Canon EOS 7D Mark II&quot;,&quot;caption&quot;:&quot;O vice-presidente eleito e coordenador da Transi\\u00e7\\u00e3o, Geraldo Alckmin, apresentou em coletiva nomes que compor\\u00e3o os grupos t\\u00e9cnicos da transi\\u00e7\\u00e3o&quot;,&quot;created_timestamp&quot;:&quot;1667924107&quot;,&quot;copyright&quot;:&quot;Ag\\u00eancia Brasil\\\/EBC&quot;,&quot;focal_length&quot;:&quot;190&quot;,&quot;iso&quot;:&quot;1250&quot;,&quot;shutter_speed&quot;:&quot;0.005&quot;,&quot;title&quot;:&quot;&quot;,&quot;orientation&quot;:&quot;0&quot;}\" data-image-title=\"Geraldo Alckmin\" data-image-description=\"\" data-image-caption=\"&lt;p&gt;O vice-presidente eleito, Geraldo Alckmin (PSB), no CCBB, em Bras\u00edlia (Foto: Fabio Rodrigues-Pozzebom\/ Ag\u00eancia Brasil)&lt;\/p&gt;\n\" data-medium-file=\"https:\/\/www.infomoney.com.br\/wp-content\/uploads\/2022\/11\/5.-08112022-pzzb1660.jpg?fit=300%2C225&amp;quality=70&amp;strip=all\" data-large-file=\"https:\/\/www.infomoney.com.br\/wp-content\/uploads\/2022\/11\/5.-08112022-pzzb1660.jpg?fit=1024%2C768&amp;quality=70&amp;strip=all\" title=\"\"><\/p>\n<p>O vice-presidente e ministro do Desenvolvimento, Ind\u00fastria, Com\u00e9rcio e Servi\u00e7os (MDIC), Geraldo Alckmin, fez um aceno \u00e0 vota\u00e7\u00e3o da reforma tribut\u00e1ria no Congresso, que deve ocorrer a partir das 18h desta quinta-feira (6), segundo o presidente da C\u00e2mara, Arthur Lira (PP-AL). O vice-presidente ressaltou que a mat\u00e9ria ser\u00e1 fundamental para a economia brasileira. As declara\u00e7\u00f5es foram dadas na reuni\u00e3o que marca a reativa\u00e7\u00e3o do Conselho Nacional de Desenvolvimento Industrial (CNDI), no Pal\u00e1cio do Planalto.<\/p>\n<p>&#8220;\u00c9 uma boa sinergia: no dia em que \u00e9 instalado o CNDI \u00e9 o dia que se deve votar a reforma tribut\u00e1ria&#8221;, disse Alckmin, cumprimentando os ministros envolvidos na discuss\u00e3o. &#8220;No dia em que se instala o Conselho, h\u00e1 a possibilidade de termos um dia hist\u00f3rico, que \u00e9 a aprova\u00e7\u00e3o da reforma tribut\u00e1ria que vai ser fundamental para a economia brasileira.&#8221;<\/p>\n<p>Ap\u00f3s sete anos paralisado, o CNDI retoma suas atividades sob forte press\u00e3o da ind\u00fastria brasileira. O presidente Luiz In\u00e1cio Lula da Silva, que colocou Alckmin no comando do minist\u00e9rio que atende ao setor, assumiu o governo com a promessa de recuperar as bases industriais do Pa\u00eds, num cen\u00e1rio de reclama\u00e7\u00e3o de falta de investimentos, de car\u00eancia de est\u00edmulos \u00e0 inova\u00e7\u00e3o e de concorr\u00eancia desleal em rela\u00e7\u00e3o a produtos que chegam do exterior.<\/p>\n<p>The post <a rel=\"nofollow noopener\" href=\"https:\/\/www.infomoney.com.br\/politica\/alckmin-cita-dia-historico-com-reativacao-de-conselho-industrial-e-possivel-votacao-da-reforma-tributaria\/\" target=\"_blank\">Alckmin cita dia hist\u00f3rico com reativa\u00e7\u00e3o de Conselho Industrial e poss\u00edvel vota\u00e7\u00e3o da reforma tribut\u00e1ria<\/a> appeared first on <a rel=\"nofollow noopener\" href=\"https:\/\/www.infomoney.com.br\/\" target=\"_blank\">InfoMoney<\/a>.<\/p>\n","protected":false},"excerpt":{"rendered":"<p><img loading=\"lazy\" decoding=\"async\" width=\"300\" height=\"225\" src=\"https:\/\/www.infomoney.com.br\/wp-content\/uploads\/2022\/11\/5.-08112022-pzzb1660.jpg?fit=300%2C225&amp;quality=70&amp;strip=all\" class=\"attachment-medium size-medium wp-post-image\" alt=\"\" data-attachment-id=\"1987727\" data-permalink=\"https:\/\/www.infomoney.com.br\/politica\/alckmin-governo-lula-vai-fechar-contas-no-azul-e-reduzir-divida-mas-nao-em-24h\/attachment\/5-08112022-pzzb1660\/\" data-orig-file=\"https:\/\/www.infomoney.com.br\/wp-content\/uploads\/2022\/11\/5.-08112022-pzzb1660.jpg?fit=1024%2C768&amp;quality=70&amp;strip=all\" data-orig-size=\"1024,768\" data-comments-opened=\"0\" data-image-meta='{\"aperture\":\"2.8\",\"credit\":\"Fabio Rodrigues-Pozzebom\\\/ Ag\\u00eancia Brasil\",\"camera\":\"Canon EOS 7D Mark II\",\"caption\":\"O vice-presidente eleito e coordenador da Transi\\u00e7\\u00e3o, Geraldo Alckmin, apresentou em coletiva nomes que compor\\u00e3o os grupos t\\u00e9cnicos da transi\\u00e7\\u00e3o\",\"created_timestamp\":\"1667924107\",\"copyright\":\"Ag\\u00eancia Brasil\\\/EBC\",\"focal_length\":\"190\",\"iso\":\"1250\",\"shutter_speed\":\"0.005\",\"title\":\"\",\"orientation\":\"0\"}' data-image-title=\"Geraldo Alckmin\" data-image-description=\"\" data-image-caption=\"&lt;p&gt;O vice-presidente eleito, Geraldo Alckmin (PSB), no CCBB, em Bras\u00edlia (Foto: Fabio Rodrigues-Pozzebom\/ Ag\u00eancia Brasil)&lt;\/p&gt;\n\" data-medium-file=\"https:\/\/www.infomoney.com.br\/wp-content\/uploads\/2022\/11\/5.-08112022-pzzb1660.jpg?fit=300%2C225&amp;quality=70&amp;strip=all\" data-large-file=\"https:\/\/www.infomoney.com.br\/wp-content\/uploads\/2022\/11\/5.-08112022-pzzb1660.jpg?fit=1024%2C768&amp;quality=70&amp;strip=all\">Vice-presidente ressaltou que mudan\u00e7a no sistema tribut\u00e1rio \u00e9 fundamental para a economia brasileira<\/p>\n<p>The post <a rel=\"nofollow\" href=\"https:\/\/www.infomoney.com.br\/politica\/alckmin-cita-dia-historico-com-reativacao-de-conselho-industrial-e-possivel-votacao-da-reforma-tributaria\/\">Alckmin cita dia hist\u00f3rico com reativa\u00e7\u00e3o de Conselho Industrial e poss\u00edvel vota\u00e7\u00e3o da reforma tribut\u00e1ria<\/a> appeared first on <a rel=\"nofollow\" href=\"https:\/\/www.infomoney.com.br\/\">InfoMoney<\/a>.<\/p>\n","protected":false},"author":43,"featured_media":0,"comment_status":"closed","ping_status":"closed","sticky":false,"template":"","format":"standard","meta":{"advgb_blocks_editor_width":"","advgb_blocks_columns_visual_guide":"","footnotes":""},"categories":[34,340,556,2922,47,191],"tags":[35],"class_list":["post-24345","post","type-post","status-publish","format-standard","hentry","category-g1","category-geraldo-alckmin","category-impostos","category-industria","category-politica","category-reforma-tributaria","tag-g1"],"author_meta":{"display_name":"Estad\u00e3o Conte\u00fado","author_link":"https:\/\/sindaopcpb.org.br\/author\/estadao-conteudo\/"},"featured_img":null,"coauthors":[],"tax_additional":{"categories":{"linked":["<a href=\"https:\/\/sindaopcpb.org.br\/g1\/\" class=\"advgb-post-tax-term\">G1<\/a>","<a href=\"https:\/\/sindaopcpb.org.br\/geraldo-alckmin\/\" class=\"advgb-post-tax-term\">Geraldo Alckmin<\/a>","<a href=\"https:\/\/sindaopcpb.org.br\/impostos\/\" class=\"advgb-post-tax-term\">Impostos<\/a>","<a href=\"https:\/\/sindaopcpb.org.br\/industria\/\" class=\"advgb-post-tax-term\">Ind\u00fastria<\/a>","<a href=\"https:\/\/sindaopcpb.org.br\/politica\/\" class=\"advgb-post-tax-term\">POLITICA<\/a>","<a href=\"https:\/\/sindaopcpb.org.br\/reforma-tributaria\/\" class=\"advgb-post-tax-term\">reforma tribut\u00e1ria<\/a>"],"unlinked":["<span class=\"advgb-post-tax-term\">G1<\/span>","<span class=\"advgb-post-tax-term\">Geraldo Alckmin<\/span>","<span class=\"advgb-post-tax-term\">Impostos<\/span>","<span class=\"advgb-post-tax-term\">Ind\u00fastria<\/span>","<span class=\"advgb-post-tax-term\">POLITICA<\/span>","<span class=\"advgb-post-tax-term\">reforma tribut\u00e1ria<\/span>"]},"tags":{"linked":["<a href=\"https:\/\/sindaopcpb.org.br\/reforma-tributaria\/\" class=\"advgb-post-tax-term\">g1<\/a>"],"unlinked":["<span class=\"advgb-post-tax-term\">g1<\/span>"]}},"comment_count":"0","relative_dates":{"created":"Publicado 3 anos atr\u00e1s","modified":"Atualizado 3 anos atr\u00e1s"},"absolute_dates":{"created":"Publicado em 6 de julho de 2023","modified":"Atualizado em 6 de julho de 2023"},"absolute_dates_time":{"created":"Publicado em 6 de julho de 2023 14:26","modified":"Atualizado em 6 de julho de 2023 14:26"},"featured_img_caption":"","series_order":"","_links":{"self":[{"href":"https:\/\/sindaopcpb.org.br\/index.php\/wp-json\/wp\/v2\/posts\/24345","targetHints":{"allow":["GET"]}}],"collection":[{"href":"https:\/\/sindaopcpb.org.br\/index.php\/wp-json\/wp\/v2\/posts"}],"about":[{"href":"https:\/\/sindaopcpb.org.br\/index.php\/wp-json\/wp\/v2\/types\/post"}],"author":[{"embeddable":true,"href":"https:\/\/sindaopcpb.org.br\/index.php\/wp-json\/wp\/v2\/users\/43"}],"replies":[{"embeddable":true,"href":"https:\/\/sindaopcpb.org.br\/index.php\/wp-json\/wp\/v2\/comments?post=24345"}],"version-history":[{"count":1,"href":"https:\/\/sindaopcpb.org.br\/index.php\/wp-json\/wp\/v2\/posts\/24345\/revisions"}],"predecessor-version":[{"id":24346,"href":"https:\/\/sindaopcpb.org.br\/index.php\/wp-json\/wp\/v2\/posts\/24345\/revisions\/24346"}],"wp:attachment":[{"href":"https:\/\/sindaopcpb.org.br\/index.php\/wp-json\/wp\/v2\/media?parent=24345"}],"wp:term":[{"taxonomy":"category","embeddable":true,"href":"https:\/\/sindaopcpb.org.br\/index.php\/wp-json\/wp\/v2\/categories?post=24345"},{"taxonomy":"post_tag","embeddable":true,"href":"https:\/\/sindaopcpb.org.br\/index.php\/wp-json\/wp\/v2\/tags?post=24345"}],"curies":[{"name":"wp","href":"https:\/\/api.w.org\/{rel}","templated":true}]}}